{"id":16190,"date":"2022-11-03T10:44:37","date_gmt":"2022-11-03T13:44:37","guid":{"rendered":"https:\/\/uenf.br\/portal\/?p=16190"},"modified":"2022-11-03T10:44:37","modified_gmt":"2022-11-03T13:44:37","slug":"jornalista-marcelo-canellas-profere-palestra-na-abertura-da-semana-academica-da-uenf","status":"publish","type":"post","link":"https:\/\/portal1.uenf.br\/portal\/noticias\/jornalista-marcelo-canellas-profere-palestra-na-abertura-da-semana-academica-da-uenf\/","title":{"rendered":"Jornalista Marcelo Canellas profere palestra na abertura da Semana Acad\u00eamica da UENF"},"content":{"rendered":"<div class=\"wp-block-image\">\n<figure class=\"aligncenter size-large is-resized\"><img fetchpriority=\"high\" decoding=\"async\" src=\"https:\/\/uenf.br\/portal\/wp-content\/uploads\/2022\/11\/Marcelo-Canellas-684x1024.webp\" alt=\"\" class=\"wp-image-16300\" width=\"386\" height=\"578\"\/><figcaption>Marcelo Canellas (Fonte: Mem\u00f3ria Globo)<\/figcaption><\/figure>\n<\/div>\n\n\n<p>O jornalista Marcelo Canellas profere nesta segunda-feira, 07\/11\/22, \u00e0s 9h, no Centro de Conven\u00e7\u00f5es Oscar Niemeyer, a palestra de abertura da Semana Acad\u00eamica da UENF, com o tema &#8220;Mudan\u00e7as globais transformando a agricultura&#8221;, o convite foi realizado pela comiss\u00e3o organizadora da Semana Acad\u00eamica de Agronomia. Formado em Comunica\u00e7\u00e3o Social pela Universidade Federal de Santa Maria (UFSM) em 1987, Marcelo Canellas atua como rep\u00f3rter da TV Globo desde a d\u00e9cada de 1990.<\/p>\n\n\n\n<p>Canellas iniciou sua trajet\u00f3ria como rep\u00f3rter nas afiliadas da Globo RBS Santa Maria e EPTV Ribeir\u00e3o.  Como rep\u00f3rter da Globo, Marcelo Canellas acompanhou fatos hist\u00f3ricos, como a implanta\u00e7\u00e3o do Plano Real, o massacre de trabalhadores sem-terra em Eldorado dos Caraj\u00e1s, o desabamento do Palace II no Rio, a chacina da Candel\u00e1ria e a passeata na Avenida Rio Branco dos caras-pintadas que pediam o<em> impeachment<\/em> do presidente Fernando Collor.<\/p>\n\n\n\n<p>Atuou em diversas reportagens com cunho social e em defesa dos direitos humanos. Foi o idealizador da s\u00e9rie <em>Fome<\/em>, inspirada no livro &#8220;Geografia da Fome&#8221;, de Josu\u00e9 de Castro. Exibida em 2001 no Jornal Nacional, a s\u00e9rie se tornou uma das mais premiadas no telejornalismo brasileiro. <\/p>\n\n\n\n<p>Canellas recebeu tr\u00eas vezes o <em>Pr\u00eamio Nuevo Periodismo<\/em>, oferecido pela Funda\u00e7\u00e3o Nuevo Periodismo Ibero-americano (FNPI) em parceria com a empresa mexicana Cemex. Em 2002,  pela s\u00e9rie &#8220;Geografia da Fome&#8221;; em 2005, pela reportagem &#8220;Cerrado&#8221;, exibida no Jornal Nacional; e em 2008, pela s\u00e9rie &#8220;Terra do Meio: Brasil invis\u00edvel&#8221;, exibida no Bom Dia Brasil.<\/p>\n\n\n\n<p>A Semana Acad\u00eamica da UENF ocorre de 07 a 11\/11, reunindo atividades dos diversos cursos de gradua\u00e7\u00e3o da Universidade. O evento \u00e9 organizado pelos alunos, com a colabora\u00e7\u00e3o dos professores. Veja abaixo as programa\u00e7\u00f5es:<\/p>\n\n\n\n<p><a href=\"https:\/\/uenf.br\/portal\/noticias\/xxi-semana-academica-de-pedagogia-da-uenf\/\" target=\"_blank\" rel=\"noreferrer noopener\"><strong>XXI Semana Acad\u00eamica de Pedagogia da UENF<\/strong><\/a><\/p>\n\n\n\n<p><strong><a href=\"https:\/\/uenf.br\/portal\/noticias\/23o-eenge-metalurgica-e-de-materiais\/\" target=\"_blank\" rel=\"noreferrer noopener\">23\u00ba EENGE &#8211; Metal\u00fargica e de Materiais<\/a><\/strong><\/p>\n\n\n\n<p><a href=\"https:\/\/uenf.br\/portal\/noticias\/xx-semana-academica-de-biologia\/\" target=\"_blank\" rel=\"noreferrer noopener\"><strong>XX Semana Acad\u00eamica de Biologia <\/strong><\/a><\/p>\n\n\n\n<p><a href=\"https:\/\/uenf.br\/portal\/noticias\/semana-academica-de-medicina-veterinaria\/\" target=\"_blank\" rel=\"noreferrer noopener\"><strong>Semana Acad\u00eamica de Medicina Veterin\u00e1ria<\/strong><\/a><\/p>\n\n\n\n<p><a href=\"https:\/\/uenf.br\/portal\/noticias\/semana-academica-de-zootecnia\/\" target=\"_blank\" rel=\"noreferrer noopener\"><strong>Semana Acad\u00eamica de Zootecnia<\/strong><\/a><\/p>\n\n\n\n<p><a href=\"https:\/\/uenf.br\/portal\/noticias\/xii-semana-de-ciencia-de-computacao-e-tecnologia-da-informacao\/\" target=\"_blank\" rel=\"noreferrer noopener\"><strong>XII Semana Acad\u00eamica de Ci\u00eancia de Computa\u00e7\u00e3o e Tecnologia da Informa\u00e7\u00e3o<\/strong><\/a><\/p>\n\n\n\n<p><strong><a href=\"https:\/\/uenf.br\/portal\/noticias\/semana-academica-de-administracao-publica\/\" target=\"_blank\" rel=\"noreferrer noopener\">Semana Acad\u00eamica de Administra\u00e7\u00e3o P\u00fablica<\/a><\/strong><\/p>\n\n\n\n<p><a href=\"https:\/\/uenf.br\/portal\/noticias\/13a-semana-academica-de-quimica\/\" target=\"_blank\" rel=\"noreferrer noopener\"><strong>13\u00aa Semana Acad\u00eamica de Qu\u00edmica<\/strong><\/a><\/p>\n\n\n\n<p><a href=\"https:\/\/uenf.br\/portal\/noticias\/xviii-semana-academica-de-matematica-sacamat\/\" target=\"_blank\" rel=\"noreferrer noopener\"><strong>XVIII Semana Acad\u00eamica de Matem\u00e1tica (Sacamat)<\/strong><\/a><\/p>\n\n\n\n<p><strong><a href=\"https:\/\/uenf.br\/portal\/noticias\/xx-semana-academica-de-agronomia\/\" target=\"_blank\" rel=\"noreferrer noopener\">XX Semana Acad\u00eamica de Agronomia (Seagro)<\/a><\/strong><\/p>\n\n\n\n<p><\/p>\n","protected":false},"excerpt":{"rendered":"<p>O jornalista Marcelo Canellas profere nesta segunda-feira, 07\/11\/22, \u00e0s 9h, no Centro de Conven\u00e7\u00f5es Oscar Niemeyer, a palestra de abertura da Semana Acad\u00eamica da UENF, com o tema &#8220;Mudan\u00e7as globais transformando a agricultura&#8221;, o convite foi realizado pela comiss\u00e3o organizadora da Semana Acad\u00eamica de Agronomia. Formado em Comunica\u00e7\u00e3o Social pela Universidade Federal de Santa Maria [&hellip;]<\/p>\n","protected":false},"author":1,"featured_media":0,"comment_status":"closed","ping_status":"closed","sticky":false,"template":"","format":"standard","meta":{"_eb_attr":"","ocean_post_layout":"","ocean_both_sidebars_style":"","ocean_both_sidebars_content_width":0,"ocean_both_sidebars_sidebars_width":0,"ocean_sidebar":"","ocean_second_sidebar":"","ocean_disable_margins":"enable","ocean_add_body_class":"","ocean_shortcode_before_top_bar":"","ocean_shortcode_after_top_bar":"","ocean_shortcode_before_header":"","ocean_shortcode_after_header":"","ocean_has_shortcode":"","ocean_shortcode_after_title":"","ocean_shortcode_before_footer_widgets":"","ocean_shortcode_after_footer_widgets":"","ocean_shortcode_before_footer_bottom":"","ocean_shortcode_after_footer_bottom":"","ocean_display_top_bar":"default","ocean_display_header":"default","ocean_header_style":"","ocean_center_header_left_menu":"","ocean_custom_header_template":"","ocean_custom_logo":0,"ocean_custom_retina_logo":0,"ocean_custom_logo_max_width":0,"ocean_custom_logo_tablet_max_width":0,"ocean_custom_logo_mobile_max_width":0,"ocean_custom_logo_max_height":0,"ocean_custom_logo_tablet_max_height":0,"ocean_custom_logo_mobile_max_height":0,"ocean_header_custom_menu":"","ocean_menu_typo_font_family":"","ocean_menu_typo_font_subset":"","ocean_menu_typo_font_size":0,"ocean_menu_typo_font_size_tablet":0,"ocean_menu_typo_font_size_mobile":0,"ocean_menu_typo_font_size_unit":"px","ocean_menu_typo_font_weight":"","ocean_menu_typo_font_weight_tablet":"","ocean_menu_typo_font_weight_mobile":"","ocean_menu_typo_transform":"","ocean_menu_typo_transform_tablet":"","ocean_menu_typo_transform_mobile":"","ocean_menu_typo_line_height":0,"ocean_menu_typo_line_height_tablet":0,"ocean_menu_typo_line_height_mobile":0,"ocean_menu_typo_line_height_unit":"","ocean_menu_typo_spacing":0,"ocean_menu_typo_spacing_tablet":0,"ocean_menu_typo_spacing_mobile":0,"ocean_menu_typo_spacing_unit":"","ocean_menu_link_color":"","ocean_menu_link_color_hover":"","ocean_menu_link_color_active":"","ocean_menu_link_background":"","ocean_menu_link_hover_background":"","ocean_menu_link_active_background":"","ocean_menu_social_links_bg":"","ocean_menu_social_hover_links_bg":"","ocean_menu_social_links_color":"","ocean_menu_social_hover_links_color":"","ocean_disable_title":"default","ocean_disable_heading":"default","ocean_post_title":"","ocean_post_subheading":"","ocean_post_title_style":"","ocean_post_title_background_color":"","ocean_post_title_background":0,"ocean_post_title_bg_image_position":"","ocean_post_title_bg_image_attachment":"","ocean_post_title_bg_image_repeat":"","ocean_post_title_bg_image_size":"","ocean_post_title_height":0,"ocean_post_title_bg_overlay":0.5,"ocean_post_title_bg_overlay_color":"","ocean_disable_breadcrumbs":"default","ocean_breadcrumbs_color":"","ocean_breadcrumbs_separator_color":"","ocean_breadcrumbs_links_color":"","ocean_breadcrumbs_links_hover_color":"","ocean_display_footer_widgets":"default","ocean_display_footer_bottom":"default","ocean_custom_footer_template":"","ocean_post_oembed":"","ocean_post_self_hosted_media":"","ocean_post_video_embed":"","ocean_link_format":"","ocean_link_format_target":"self","ocean_quote_format":"","ocean_quote_format_link":"post","ocean_gallery_link_images":"off","ocean_gallery_id":[],"footnotes":""},"categories":[8],"tags":[],"class_list":["post-16190","post","type-post","status-publish","format-standard","hentry","category-noticias","entry"],"yoast_head":"<!-- This site is optimized with the Yoast SEO plugin v26.5 - https:\/\/yoast.com\/wordpress\/plugins\/seo\/ -->\n<title>Jornalista Marcelo Canellas profere palestra na abertura da Semana Acad\u00eamica da UENF - UENF - Universidade Estadual do Norte Fluminense Darcy Ribeiro<\/title>\n<meta name=\"robots\" content=\"noindex, follow, max-snippet:-1, max-image-preview:large, max-video-preview:-1\" \/>\n<meta property=\"og:locale\" content=\"pt_BR\" \/>\n<meta property=\"og:type\" content=\"article\" \/>\n<meta property=\"og:title\" content=\"Jornalista Marcelo Canellas profere palestra na abertura da Semana Acad\u00eamica da UENF - UENF - Universidade Estadual do Norte Fluminense Darcy Ribeiro\" \/>\n<meta property=\"og:description\" content=\"O jornalista Marcelo Canellas profere nesta segunda-feira, 07\/11\/22, \u00e0s 9h, no Centro de Conven\u00e7\u00f5es Oscar Niemeyer, a palestra de abertura da Semana Acad\u00eamica da UENF, com o tema &#8220;Mudan\u00e7as globais transformando a agricultura&#8221;, o convite foi realizado pela comiss\u00e3o organizadora da Semana Acad\u00eamica de Agronomia. Formado em Comunica\u00e7\u00e3o Social pela Universidade Federal de Santa Maria [&hellip;]\" \/>\n<meta property=\"og:url\" content=\"https:\/\/portal1.uenf.br\/portal\/noticias\/jornalista-marcelo-canellas-profere-palestra-na-abertura-da-semana-academica-da-uenf\/\" \/>\n<meta property=\"og:site_name\" content=\"UENF - Universidade Estadual do Norte Fluminense Darcy Ribeiro\" \/>\n<meta property=\"article:published_time\" content=\"2022-11-03T13:44:37+00:00\" \/>\n<meta property=\"og:image\" content=\"https:\/\/uenf.br\/portal\/wp-content\/uploads\/2022\/11\/Marcelo-Canellas-684x1024.webp\" \/>\n<meta name=\"author\" content=\"admin\" \/>\n<meta name=\"twitter:card\" content=\"summary_large_image\" \/>\n<meta name=\"twitter:label1\" content=\"Escrito por\" \/>\n\t<meta name=\"twitter:data1\" content=\"admin\" \/>\n\t<meta name=\"twitter:label2\" content=\"Est. tempo de leitura\" \/>\n\t<meta name=\"twitter:data2\" content=\"2 minutos\" \/>\n<script type=\"application\/ld+json\" class=\"yoast-schema-graph\">{\"@context\":\"https:\/\/schema.org\",\"@graph\":[{\"@type\":\"Article\",\"@id\":\"https:\/\/portal1.uenf.br\/portal\/noticias\/jornalista-marcelo-canellas-profere-palestra-na-abertura-da-semana-academica-da-uenf\/#article\",\"isPartOf\":{\"@id\":\"https:\/\/portal1.uenf.br\/portal\/noticias\/jornalista-marcelo-canellas-profere-palestra-na-abertura-da-semana-academica-da-uenf\/\"},\"author\":{\"name\":\"admin\",\"@id\":\"https:\/\/portal1.uenf.br\/portal\/#\/schema\/person\/068abbf03b6f8478c845bc8ded9270c7\"},\"headline\":\"Jornalista Marcelo Canellas profere palestra na abertura da Semana Acad\u00eamica da UENF\",\"datePublished\":\"2022-11-03T13:44:37+00:00\",\"mainEntityOfPage\":{\"@id\":\"https:\/\/portal1.uenf.br\/portal\/noticias\/jornalista-marcelo-canellas-profere-palestra-na-abertura-da-semana-academica-da-uenf\/\"},\"wordCount\":386,\"publisher\":{\"@id\":\"https:\/\/portal1.uenf.br\/portal\/#organization\"},\"image\":{\"@id\":\"https:\/\/portal1.uenf.br\/portal\/noticias\/jornalista-marcelo-canellas-profere-palestra-na-abertura-da-semana-academica-da-uenf\/#primaryimage\"},\"thumbnailUrl\":\"https:\/\/uenf.br\/portal\/wp-content\/uploads\/2022\/11\/Marcelo-Canellas-684x1024.webp\",\"articleSection\":[\"Not\u00edcias\"],\"inLanguage\":\"pt-BR\"},{\"@type\":\"WebPage\",\"@id\":\"https:\/\/portal1.uenf.br\/portal\/noticias\/jornalista-marcelo-canellas-profere-palestra-na-abertura-da-semana-academica-da-uenf\/\",\"url\":\"https:\/\/portal1.uenf.br\/portal\/noticias\/jornalista-marcelo-canellas-profere-palestra-na-abertura-da-semana-academica-da-uenf\/\",\"name\":\"Jornalista Marcelo Canellas profere palestra na abertura da Semana Acad\u00eamica da UENF - UENF - Universidade Estadual do Norte Fluminense Darcy Ribeiro\",\"isPartOf\":{\"@id\":\"https:\/\/portal1.uenf.br\/portal\/#website\"},\"primaryImageOfPage\":{\"@id\":\"https:\/\/portal1.uenf.br\/portal\/noticias\/jornalista-marcelo-canellas-profere-palestra-na-abertura-da-semana-academica-da-uenf\/#primaryimage\"},\"image\":{\"@id\":\"https:\/\/portal1.uenf.br\/portal\/noticias\/jornalista-marcelo-canellas-profere-palestra-na-abertura-da-semana-academica-da-uenf\/#primaryimage\"},\"thumbnailUrl\":\"https:\/\/uenf.br\/portal\/wp-content\/uploads\/2022\/11\/Marcelo-Canellas-684x1024.webp\",\"datePublished\":\"2022-11-03T13:44:37+00:00\",\"breadcrumb\":{\"@id\":\"https:\/\/portal1.uenf.br\/portal\/noticias\/jornalista-marcelo-canellas-profere-palestra-na-abertura-da-semana-academica-da-uenf\/#breadcrumb\"},\"inLanguage\":\"pt-BR\",\"potentialAction\":[{\"@type\":\"ReadAction\",\"target\":[\"https:\/\/portal1.uenf.br\/portal\/noticias\/jornalista-marcelo-canellas-profere-palestra-na-abertura-da-semana-academica-da-uenf\/\"]}]},{\"@type\":\"ImageObject\",\"inLanguage\":\"pt-BR\",\"@id\":\"https:\/\/portal1.uenf.br\/portal\/noticias\/jornalista-marcelo-canellas-profere-palestra-na-abertura-da-semana-academica-da-uenf\/#primaryimage\",\"url\":\"https:\/\/uenf.br\/portal\/wp-content\/uploads\/2022\/11\/Marcelo-Canellas-684x1024.webp\",\"contentUrl\":\"https:\/\/uenf.br\/portal\/wp-content\/uploads\/2022\/11\/Marcelo-Canellas-684x1024.webp\"},{\"@type\":\"BreadcrumbList\",\"@id\":\"https:\/\/portal1.uenf.br\/portal\/noticias\/jornalista-marcelo-canellas-profere-palestra-na-abertura-da-semana-academica-da-uenf\/#breadcrumb\",\"itemListElement\":[{\"@type\":\"ListItem\",\"position\":1,\"name\":\"In\u00edcio\",\"item\":\"https:\/\/portal1.uenf.br\/portal\/\"},{\"@type\":\"ListItem\",\"position\":2,\"name\":\"Jornalista Marcelo Canellas profere palestra na abertura da Semana Acad\u00eamica da UENF\"}]},{\"@type\":\"WebSite\",\"@id\":\"https:\/\/portal1.uenf.br\/portal\/#website\",\"url\":\"https:\/\/portal1.uenf.br\/portal\/\",\"name\":\"UENF - Universidade Estadual do Norte Fluminense Darcy Ribeiro\",\"description\":\"\",\"publisher\":{\"@id\":\"https:\/\/portal1.uenf.br\/portal\/#organization\"},\"potentialAction\":[{\"@type\":\"SearchAction\",\"target\":{\"@type\":\"EntryPoint\",\"urlTemplate\":\"https:\/\/portal1.uenf.br\/portal\/?s={search_term_string}\"},\"query-input\":{\"@type\":\"PropertyValueSpecification\",\"valueRequired\":true,\"valueName\":\"search_term_string\"}}],\"inLanguage\":\"pt-BR\"},{\"@type\":\"Organization\",\"@id\":\"https:\/\/portal1.uenf.br\/portal\/#organization\",\"name\":\"UENF - Universidade Estadual do Norte Fluminense Darcy Ribeiro\",\"url\":\"https:\/\/portal1.uenf.br\/portal\/\",\"logo\":{\"@type\":\"ImageObject\",\"inLanguage\":\"pt-BR\",\"@id\":\"https:\/\/portal1.uenf.br\/portal\/#\/schema\/logo\/image\/\",\"url\":\"https:\/\/portal1.uenf.br\/portal\/wp-content\/uploads\/2018\/06\/logo-uenf-invertido-1.png\",\"contentUrl\":\"https:\/\/portal1.uenf.br\/portal\/wp-content\/uploads\/2018\/06\/logo-uenf-invertido-1.png\",\"width\":482,\"height\":83,\"caption\":\"UENF - Universidade Estadual do Norte Fluminense Darcy Ribeiro\"},\"image\":{\"@id\":\"https:\/\/portal1.uenf.br\/portal\/#\/schema\/logo\/image\/\"}},{\"@type\":\"Person\",\"@id\":\"https:\/\/portal1.uenf.br\/portal\/#\/schema\/person\/068abbf03b6f8478c845bc8ded9270c7\",\"name\":\"admin\",\"image\":{\"@type\":\"ImageObject\",\"inLanguage\":\"pt-BR\",\"@id\":\"https:\/\/portal1.uenf.br\/portal\/#\/schema\/person\/image\/\",\"url\":\"https:\/\/secure.gravatar.com\/avatar\/e5ecf9e4fae0742f4b136f518195bafa7b2d3f7c709f4bdc6707588ef68a6e25?s=96&d=mm&r=g\",\"contentUrl\":\"https:\/\/secure.gravatar.com\/avatar\/e5ecf9e4fae0742f4b136f518195bafa7b2d3f7c709f4bdc6707588ef68a6e25?s=96&d=mm&r=g\",\"caption\":\"admin\"},\"sameAs\":[\"https:\/\/portal1.uenf.br\/portal\"],\"url\":\"https:\/\/portal1.uenf.br\/portal\/author\/edson\/\"}]}<\/script>\n<!-- \/ Yoast SEO plugin. -->","yoast_head_json":{"title":"Jornalista Marcelo Canellas profere palestra na abertura da Semana Acad\u00eamica da UENF - UENF - Universidade Estadual do Norte Fluminense Darcy Ribeiro","robots":{"index":"noindex","follow":"follow","max-snippet":"max-snippet:-1","max-image-preview":"max-image-preview:large","max-video-preview":"max-video-preview:-1"},"og_locale":"pt_BR","og_type":"article","og_title":"Jornalista Marcelo Canellas profere palestra na abertura da Semana Acad\u00eamica da UENF - UENF - Universidade Estadual do Norte Fluminense Darcy Ribeiro","og_description":"O jornalista Marcelo Canellas profere nesta segunda-feira, 07\/11\/22, \u00e0s 9h, no Centro de Conven\u00e7\u00f5es Oscar Niemeyer, a palestra de abertura da Semana Acad\u00eamica da UENF, com o tema &#8220;Mudan\u00e7as globais transformando a agricultura&#8221;, o convite foi realizado pela comiss\u00e3o organizadora da Semana Acad\u00eamica de Agronomia. Formado em Comunica\u00e7\u00e3o Social pela Universidade Federal de Santa Maria [&hellip;]","og_url":"https:\/\/portal1.uenf.br\/portal\/noticias\/jornalista-marcelo-canellas-profere-palestra-na-abertura-da-semana-academica-da-uenf\/","og_site_name":"UENF - Universidade Estadual do Norte Fluminense Darcy Ribeiro","article_published_time":"2022-11-03T13:44:37+00:00","og_image":[{"url":"https:\/\/uenf.br\/portal\/wp-content\/uploads\/2022\/11\/Marcelo-Canellas-684x1024.webp","type":"","width":"","height":""}],"author":"admin","twitter_card":"summary_large_image","twitter_misc":{"Escrito por":"admin","Est. tempo de leitura":"2 minutos"},"schema":{"@context":"https:\/\/schema.org","@graph":[{"@type":"Article","@id":"https:\/\/portal1.uenf.br\/portal\/noticias\/jornalista-marcelo-canellas-profere-palestra-na-abertura-da-semana-academica-da-uenf\/#article","isPartOf":{"@id":"https:\/\/portal1.uenf.br\/portal\/noticias\/jornalista-marcelo-canellas-profere-palestra-na-abertura-da-semana-academica-da-uenf\/"},"author":{"name":"admin","@id":"https:\/\/portal1.uenf.br\/portal\/#\/schema\/person\/068abbf03b6f8478c845bc8ded9270c7"},"headline":"Jornalista Marcelo Canellas profere palestra na abertura da Semana Acad\u00eamica da UENF","datePublished":"2022-11-03T13:44:37+00:00","mainEntityOfPage":{"@id":"https:\/\/portal1.uenf.br\/portal\/noticias\/jornalista-marcelo-canellas-profere-palestra-na-abertura-da-semana-academica-da-uenf\/"},"wordCount":386,"publisher":{"@id":"https:\/\/portal1.uenf.br\/portal\/#organization"},"image":{"@id":"https:\/\/portal1.uenf.br\/portal\/noticias\/jornalista-marcelo-canellas-profere-palestra-na-abertura-da-semana-academica-da-uenf\/#primaryimage"},"thumbnailUrl":"https:\/\/uenf.br\/portal\/wp-content\/uploads\/2022\/11\/Marcelo-Canellas-684x1024.webp","articleSection":["Not\u00edcias"],"inLanguage":"pt-BR"},{"@type":"WebPage","@id":"https:\/\/portal1.uenf.br\/portal\/noticias\/jornalista-marcelo-canellas-profere-palestra-na-abertura-da-semana-academica-da-uenf\/","url":"https:\/\/portal1.uenf.br\/portal\/noticias\/jornalista-marcelo-canellas-profere-palestra-na-abertura-da-semana-academica-da-uenf\/","name":"Jornalista Marcelo Canellas profere palestra na abertura da Semana Acad\u00eamica da UENF - UENF - Universidade Estadual do Norte Fluminense Darcy Ribeiro","isPartOf":{"@id":"https:\/\/portal1.uenf.br\/portal\/#website"},"primaryImageOfPage":{"@id":"https:\/\/portal1.uenf.br\/portal\/noticias\/jornalista-marcelo-canellas-profere-palestra-na-abertura-da-semana-academica-da-uenf\/#primaryimage"},"image":{"@id":"https:\/\/portal1.uenf.br\/portal\/noticias\/jornalista-marcelo-canellas-profere-palestra-na-abertura-da-semana-academica-da-uenf\/#primaryimage"},"thumbnailUrl":"https:\/\/uenf.br\/portal\/wp-content\/uploads\/2022\/11\/Marcelo-Canellas-684x1024.webp","datePublished":"2022-11-03T13:44:37+00:00","breadcrumb":{"@id":"https:\/\/portal1.uenf.br\/portal\/noticias\/jornalista-marcelo-canellas-profere-palestra-na-abertura-da-semana-academica-da-uenf\/#breadcrumb"},"inLanguage":"pt-BR","potentialAction":[{"@type":"ReadAction","target":["https:\/\/portal1.uenf.br\/portal\/noticias\/jornalista-marcelo-canellas-profere-palestra-na-abertura-da-semana-academica-da-uenf\/"]}]},{"@type":"ImageObject","inLanguage":"pt-BR","@id":"https:\/\/portal1.uenf.br\/portal\/noticias\/jornalista-marcelo-canellas-profere-palestra-na-abertura-da-semana-academica-da-uenf\/#primaryimage","url":"https:\/\/uenf.br\/portal\/wp-content\/uploads\/2022\/11\/Marcelo-Canellas-684x1024.webp","contentUrl":"https:\/\/uenf.br\/portal\/wp-content\/uploads\/2022\/11\/Marcelo-Canellas-684x1024.webp"},{"@type":"BreadcrumbList","@id":"https:\/\/portal1.uenf.br\/portal\/noticias\/jornalista-marcelo-canellas-profere-palestra-na-abertura-da-semana-academica-da-uenf\/#breadcrumb","itemListElement":[{"@type":"ListItem","position":1,"name":"In\u00edcio","item":"https:\/\/portal1.uenf.br\/portal\/"},{"@type":"ListItem","position":2,"name":"Jornalista Marcelo Canellas profere palestra na abertura da Semana Acad\u00eamica da UENF"}]},{"@type":"WebSite","@id":"https:\/\/portal1.uenf.br\/portal\/#website","url":"https:\/\/portal1.uenf.br\/portal\/","name":"UENF - Universidade Estadual do Norte Fluminense Darcy Ribeiro","description":"","publisher":{"@id":"https:\/\/portal1.uenf.br\/portal\/#organization"},"potentialAction":[{"@type":"SearchAction","target":{"@type":"EntryPoint","urlTemplate":"https:\/\/portal1.uenf.br\/portal\/?s={search_term_string}"},"query-input":{"@type":"PropertyValueSpecification","valueRequired":true,"valueName":"search_term_string"}}],"inLanguage":"pt-BR"},{"@type":"Organization","@id":"https:\/\/portal1.uenf.br\/portal\/#organization","name":"UENF - Universidade Estadual do Norte Fluminense Darcy Ribeiro","url":"https:\/\/portal1.uenf.br\/portal\/","logo":{"@type":"ImageObject","inLanguage":"pt-BR","@id":"https:\/\/portal1.uenf.br\/portal\/#\/schema\/logo\/image\/","url":"https:\/\/portal1.uenf.br\/portal\/wp-content\/uploads\/2018\/06\/logo-uenf-invertido-1.png","contentUrl":"https:\/\/portal1.uenf.br\/portal\/wp-content\/uploads\/2018\/06\/logo-uenf-invertido-1.png","width":482,"height":83,"caption":"UENF - Universidade Estadual do Norte Fluminense Darcy Ribeiro"},"image":{"@id":"https:\/\/portal1.uenf.br\/portal\/#\/schema\/logo\/image\/"}},{"@type":"Person","@id":"https:\/\/portal1.uenf.br\/portal\/#\/schema\/person\/068abbf03b6f8478c845bc8ded9270c7","name":"admin","image":{"@type":"ImageObject","inLanguage":"pt-BR","@id":"https:\/\/portal1.uenf.br\/portal\/#\/schema\/person\/image\/","url":"https:\/\/secure.gravatar.com\/avatar\/e5ecf9e4fae0742f4b136f518195bafa7b2d3f7c709f4bdc6707588ef68a6e25?s=96&d=mm&r=g","contentUrl":"https:\/\/secure.gravatar.com\/avatar\/e5ecf9e4fae0742f4b136f518195bafa7b2d3f7c709f4bdc6707588ef68a6e25?s=96&d=mm&r=g","caption":"admin"},"sameAs":["https:\/\/portal1.uenf.br\/portal"],"url":"https:\/\/portal1.uenf.br\/portal\/author\/edson\/"}]}},"_links":{"self":[{"href":"https:\/\/portal1.uenf.br\/portal\/wp-json\/wp\/v2\/posts\/16190","targetHints":{"allow":["GET"]}}],"collection":[{"href":"https:\/\/portal1.uenf.br\/portal\/wp-json\/wp\/v2\/posts"}],"about":[{"href":"https:\/\/portal1.uenf.br\/portal\/wp-json\/wp\/v2\/types\/post"}],"author":[{"embeddable":true,"href":"https:\/\/portal1.uenf.br\/portal\/wp-json\/wp\/v2\/users\/1"}],"replies":[{"embeddable":true,"href":"https:\/\/portal1.uenf.br\/portal\/wp-json\/wp\/v2\/comments?post=16190"}],"version-history":[{"count":0,"href":"https:\/\/portal1.uenf.br\/portal\/wp-json\/wp\/v2\/posts\/16190\/revisions"}],"wp:attachment":[{"href":"https:\/\/portal1.uenf.br\/portal\/wp-json\/wp\/v2\/media?parent=16190"}],"wp:term":[{"taxonomy":"category","embeddable":true,"href":"https:\/\/portal1.uenf.br\/portal\/wp-json\/wp\/v2\/categories?post=16190"},{"taxonomy":"post_tag","embeddable":true,"href":"https:\/\/portal1.uenf.br\/portal\/wp-json\/wp\/v2\/tags?post=16190"}],"curies":[{"name":"wp","href":"https:\/\/api.w.org\/{rel}","templated":true}]}}