{"id":15860,"date":"2022-10-18T09:54:16","date_gmt":"2022-10-18T12:54:16","guid":{"rendered":"https:\/\/uenf.br\/portal\/?p=15860"},"modified":"2022-10-18T09:54:16","modified_gmt":"2022-10-18T12:54:16","slug":"pos-graduacao-em-genetica-e-melhoramento-de-plantas-inscricoes-abertas-ate-19-11","status":"publish","type":"post","link":"https:\/\/portal1.uenf.br\/portal\/editais\/pos-graduacao-em-genetica-e-melhoramento-de-plantas-inscricoes-abertas-ate-19-11\/","title":{"rendered":"P\u00f3s-Gradua\u00e7\u00e3o em Gen\u00e9tica e Melhoramento de Plantas: inscri\u00e7\u00f5es abertas at\u00e9 19\/11"},"content":{"rendered":"\n<p>O Programa de P\u00f3s-Gradua\u00e7\u00e3o em Gen\u00e9tica e Melhoramento de Plantas (PGGMP) da UENF, credenciado pela CAPES com nota 6 (seis), torna p\u00fablico o edital de sele\u00e7\u00e3o com abertura de vagas para o primeiro semestre de 2023.&nbsp;Est\u00e3o sendo oferecidas&nbsp;18 vagas para o Mestrado&nbsp;e&nbsp;15 vagas para o Doutorado. As inscri\u00e7\u00f5es ocorrer\u00e3o no per\u00edodo de 19\/10 a 19\/11\/2022 e dever\u00e3o ser realizadas&nbsp;somente&nbsp;online,&nbsp;via email (<a href=\"mailto:pggmp@uenf.br\" target=\"_blank\" rel=\"noreferrer noopener\">pggmp@uenf.br<\/a>).&nbsp;Veja <strong><a href=\"https:\/\/uenf.br\/portal\/wp-content\/uploads\/2022\/10\/Edital-PGGMP_1o_2023.pdf\" target=\"_blank\" rel=\"noreferrer noopener\">AQUI<\/a> <\/strong>o Edital.<\/p>\n\n\n\n<p>Tendo iniciado suas atividades em 2005, o Programa de P\u00f3s-Gradua\u00e7\u00e3o em Gen\u00e9tica e Melhoramento de Plantas da UENF vem mantendo o conceito 6 \u2014 considerado de excel\u00eancia \u2014 por tr\u00eas avalia\u00e7\u00f5es consecutivas da Capes. O objetivo do Programa \u00e9 formar geneticistas e melhoristas de plantas com s\u00f3lida forma\u00e7\u00e3o cient\u00edfica e capazes de liderar programas de melhoramento de novas cultivares, bem como a\u00e7\u00f5es de coleta, preserva\u00e7\u00e3o e manejo de germoplasma, al\u00e9m de produ\u00e7\u00e3o de semente b\u00e1sica e gen\u00e9tica.<\/p>\n\n\n\n<p>Para o coordenador da PGGMP, Alexandre Pio Viana, o conceito 6 na Capes pode ser atribu\u00eddo \u00e0 consolida\u00e7\u00e3o da estrutura de pesquisa do Programa, que tem permitido atuar fortemente no desenvolvimento de novos produtos tecnol\u00f3gicos. \u201cAs cultivares desenvolvidas nos diversos programas de melhoramento que est\u00e3o em a\u00e7\u00e3o s\u00e3o respons\u00e1veis pelo trip\u00e9 forma\u00e7\u00e3o de recursos humanos, produ\u00e7\u00e3o de conhecimento cient\u00edfico e desenvolvimento de novos produtos tecnol\u00f3gicos\u201d, disse.<\/p>\n\n\n\n<p>O Programa oferece aos estudantes acesso a m\u00e9todos cl\u00e1ssicos de melhoramento, bem como t\u00e9cnicas avan\u00e7adas envolvendo a tecnologia da DNA recombinante, o uso de t\u00e9cnicas de biologia molecular, particularmente o uso dos marcadores de DNA, al\u00e9m de forma\u00e7\u00e3o em biometria, citogen\u00e9tica, gen\u00f4mica e prote\u00f4mica associadas ao melhoramento de plantas. O Programa oferece tr\u00eas linhas de Pesquisas: Recursos Gen\u00e9ticos Vegetais, Melhoramento de Plantas e An\u00e1lise Gen\u00f4mica.<\/p>\n\n\n\n<p>Segundo Alexandre, o Programa vem consolidando suas a\u00e7\u00f5es de excel\u00eancia na produ\u00e7\u00e3o de conhecimento cient\u00edfico de qualidade, publicando nas melhores revistas da \u00e1rea. \u201cNa forma\u00e7\u00e3o de recursos humanos, consolidamos nossa parceria com o grupo de estudos Ganho Gen\u00e9tico, que conta com uma importante interface com o setor privado, onde nossos egressos t\u00eam tido \u00eaxito na contrata\u00e7\u00e3o destes profissionais para as grandes empresas de gen\u00e9tica do pa\u00eds e no exterior. Temos tamb\u00e9m egressos atuando nas diversas institui\u00e7\u00f5es p\u00fablicas como Embrapa, Universidades Federais, Institutos Federais, Universidades Estaduais, dentre outros\u201d, afirmou.<\/p>\n\n\n\n<p>Saiba mais sobre a PGGMP <a href=\"https:\/\/pgmp.uenf.br\/\" target=\"_blank\" rel=\"noreferrer noopener\"><strong>AQUI.<\/strong><\/a><\/p>\n\n\n\n<div class=\"wp-block-image\"><figure class=\"aligncenter size-full is-resized\"><img fetchpriority=\"high\" decoding=\"async\" src=\"https:\/\/uenf.br\/portal\/wp-content\/uploads\/2022\/10\/Cartaz-PGGMP-2023_1-1.jpg\" alt=\"\" class=\"wp-image-15889\" width=\"565\" height=\"753\"\/><\/figure><\/div>\n\n\n\n<p><\/p>\n\n\n\n<p><\/p>\n","protected":false},"excerpt":{"rendered":"<p>O Programa de P\u00f3s-Gradua\u00e7\u00e3o em Gen\u00e9tica e Melhoramento de Plantas (PGGMP) da UENF, credenciado pela CAPES com nota 6 (seis), torna p\u00fablico o edital de sele\u00e7\u00e3o com abertura de vagas para o primeiro semestre de 2023.&nbsp;Est\u00e3o sendo oferecidas&nbsp;18 vagas para o Mestrado&nbsp;e&nbsp;15 vagas para o Doutorado. As inscri\u00e7\u00f5es ocorrer\u00e3o no per\u00edodo de 19\/10 a 19\/11\/2022 [&hellip;]<\/p>\n","protected":false},"author":1,"featured_media":0,"comment_status":"closed","ping_status":"closed","sticky":false,"template":"","format":"standard","meta":{"_eb_attr":"","ocean_post_layout":"","ocean_both_sidebars_style":"","ocean_both_sidebars_content_width":0,"ocean_both_sidebars_sidebars_width":0,"ocean_sidebar":"","ocean_second_sidebar":"","ocean_disable_margins":"enable","ocean_add_body_class":"","ocean_shortcode_before_top_bar":"","ocean_shortcode_after_top_bar":"","ocean_shortcode_before_header":"","ocean_shortcode_after_header":"","ocean_has_shortcode":"","ocean_shortcode_after_title":"","ocean_shortcode_before_footer_widgets":"","ocean_shortcode_after_footer_widgets":"","ocean_shortcode_before_footer_bottom":"","ocean_shortcode_after_footer_bottom":"","ocean_display_top_bar":"default","ocean_display_header":"default","ocean_header_style":"","ocean_center_header_left_menu":"","ocean_custom_header_template":"","ocean_custom_logo":0,"ocean_custom_retina_logo":0,"ocean_custom_logo_max_width":0,"ocean_custom_logo_tablet_max_width":0,"ocean_custom_logo_mobile_max_width":0,"ocean_custom_logo_max_height":0,"ocean_custom_logo_tablet_max_height":0,"ocean_custom_logo_mobile_max_height":0,"ocean_header_custom_menu":"","ocean_menu_typo_font_family":"","ocean_menu_typo_font_subset":"","ocean_menu_typo_font_size":0,"ocean_menu_typo_font_size_tablet":0,"ocean_menu_typo_font_size_mobile":0,"ocean_menu_typo_font_size_unit":"px","ocean_menu_typo_font_weight":"","ocean_menu_typo_font_weight_tablet":"","ocean_menu_typo_font_weight_mobile":"","ocean_menu_typo_transform":"","ocean_menu_typo_transform_tablet":"","ocean_menu_typo_transform_mobile":"","ocean_menu_typo_line_height":0,"ocean_menu_typo_line_height_tablet":0,"ocean_menu_typo_line_height_mobile":0,"ocean_menu_typo_line_height_unit":"","ocean_menu_typo_spacing":0,"ocean_menu_typo_spacing_tablet":0,"ocean_menu_typo_spacing_mobile":0,"ocean_menu_typo_spacing_unit":"","ocean_menu_link_color":"","ocean_menu_link_color_hover":"","ocean_menu_link_color_active":"","ocean_menu_link_background":"","ocean_menu_link_hover_background":"","ocean_menu_link_active_background":"","ocean_menu_social_links_bg":"","ocean_menu_social_hover_links_bg":"","ocean_menu_social_links_color":"","ocean_menu_social_hover_links_color":"","ocean_disable_title":"default","ocean_disable_heading":"default","ocean_post_title":"","ocean_post_subheading":"","ocean_post_title_style":"","ocean_post_title_background_color":"","ocean_post_title_background":0,"ocean_post_title_bg_image_position":"","ocean_post_title_bg_image_attachment":"","ocean_post_title_bg_image_repeat":"","ocean_post_title_bg_image_size":"","ocean_post_title_height":0,"ocean_post_title_bg_overlay":0.5,"ocean_post_title_bg_overlay_color":"","ocean_disable_breadcrumbs":"default","ocean_breadcrumbs_color":"","ocean_breadcrumbs_separator_color":"","ocean_breadcrumbs_links_color":"","ocean_breadcrumbs_links_hover_color":"","ocean_display_footer_widgets":"default","ocean_display_footer_bottom":"default","ocean_custom_footer_template":"","ocean_post_oembed":"","ocean_post_self_hosted_media":"","ocean_post_video_embed":"","ocean_link_format":"","ocean_link_format_target":"self","ocean_quote_format":"","ocean_quote_format_link":"post","ocean_gallery_link_images":"off","ocean_gallery_id":[],"footnotes":""},"categories":[5,8],"tags":[],"class_list":["post-15860","post","type-post","status-publish","format-standard","hentry","category-editais","category-noticias","entry"],"yoast_head":"<!-- This site is optimized with the Yoast SEO plugin v26.5 - https:\/\/yoast.com\/wordpress\/plugins\/seo\/ -->\n<title>P\u00f3s-Gradua\u00e7\u00e3o em Gen\u00e9tica e Melhoramento de Plantas: inscri\u00e7\u00f5es abertas at\u00e9 19\/11 - UENF - Universidade Estadual do Norte Fluminense Darcy Ribeiro<\/title>\n<meta name=\"robots\" content=\"noindex, follow, max-snippet:-1, max-image-preview:large, max-video-preview:-1\" \/>\n<meta property=\"og:locale\" content=\"pt_BR\" \/>\n<meta property=\"og:type\" content=\"article\" \/>\n<meta property=\"og:title\" content=\"P\u00f3s-Gradua\u00e7\u00e3o em Gen\u00e9tica e Melhoramento de Plantas: inscri\u00e7\u00f5es abertas at\u00e9 19\/11 - UENF - Universidade Estadual do Norte Fluminense Darcy Ribeiro\" \/>\n<meta property=\"og:description\" content=\"O Programa de P\u00f3s-Gradua\u00e7\u00e3o em Gen\u00e9tica e Melhoramento de Plantas (PGGMP) da UENF, credenciado pela CAPES com nota 6 (seis), torna p\u00fablico o edital de sele\u00e7\u00e3o com abertura de vagas para o primeiro semestre de 2023.&nbsp;Est\u00e3o sendo oferecidas&nbsp;18 vagas para o Mestrado&nbsp;e&nbsp;15 vagas para o Doutorado. As inscri\u00e7\u00f5es ocorrer\u00e3o no per\u00edodo de 19\/10 a 19\/11\/2022 [&hellip;]\" \/>\n<meta property=\"og:url\" content=\"https:\/\/portal1.uenf.br\/portal\/editais\/pos-graduacao-em-genetica-e-melhoramento-de-plantas-inscricoes-abertas-ate-19-11\/\" \/>\n<meta property=\"og:site_name\" content=\"UENF - Universidade Estadual do Norte Fluminense Darcy Ribeiro\" \/>\n<meta property=\"article:published_time\" content=\"2022-10-18T12:54:16+00:00\" \/>\n<meta property=\"og:image\" content=\"https:\/\/uenf.br\/portal\/wp-content\/uploads\/2022\/10\/Cartaz-PGGMP-2023_1-1.jpg\" \/>\n<meta name=\"author\" content=\"admin\" \/>\n<meta name=\"twitter:card\" content=\"summary_large_image\" \/>\n<meta name=\"twitter:label1\" content=\"Escrito por\" \/>\n\t<meta name=\"twitter:data1\" content=\"admin\" \/>\n\t<meta name=\"twitter:label2\" content=\"Est. tempo de leitura\" \/>\n\t<meta name=\"twitter:data2\" content=\"2 minutos\" \/>\n<script type=\"application\/ld+json\" class=\"yoast-schema-graph\">{\"@context\":\"https:\/\/schema.org\",\"@graph\":[{\"@type\":\"Article\",\"@id\":\"https:\/\/portal1.uenf.br\/portal\/editais\/pos-graduacao-em-genetica-e-melhoramento-de-plantas-inscricoes-abertas-ate-19-11\/#article\",\"isPartOf\":{\"@id\":\"https:\/\/portal1.uenf.br\/portal\/editais\/pos-graduacao-em-genetica-e-melhoramento-de-plantas-inscricoes-abertas-ate-19-11\/\"},\"author\":{\"name\":\"admin\",\"@id\":\"https:\/\/portal1.uenf.br\/portal\/#\/schema\/person\/068abbf03b6f8478c845bc8ded9270c7\"},\"headline\":\"P\u00f3s-Gradua\u00e7\u00e3o em Gen\u00e9tica e Melhoramento de Plantas: inscri\u00e7\u00f5es abertas at\u00e9 19\/11\",\"datePublished\":\"2022-10-18T12:54:16+00:00\",\"mainEntityOfPage\":{\"@id\":\"https:\/\/portal1.uenf.br\/portal\/editais\/pos-graduacao-em-genetica-e-melhoramento-de-plantas-inscricoes-abertas-ate-19-11\/\"},\"wordCount\":448,\"publisher\":{\"@id\":\"https:\/\/portal1.uenf.br\/portal\/#organization\"},\"image\":{\"@id\":\"https:\/\/portal1.uenf.br\/portal\/editais\/pos-graduacao-em-genetica-e-melhoramento-de-plantas-inscricoes-abertas-ate-19-11\/#primaryimage\"},\"thumbnailUrl\":\"https:\/\/uenf.br\/portal\/wp-content\/uploads\/2022\/10\/Cartaz-PGGMP-2023_1-1.jpg\",\"articleSection\":[\"Editais\",\"Not\u00edcias\"],\"inLanguage\":\"pt-BR\"},{\"@type\":\"WebPage\",\"@id\":\"https:\/\/portal1.uenf.br\/portal\/editais\/pos-graduacao-em-genetica-e-melhoramento-de-plantas-inscricoes-abertas-ate-19-11\/\",\"url\":\"https:\/\/portal1.uenf.br\/portal\/editais\/pos-graduacao-em-genetica-e-melhoramento-de-plantas-inscricoes-abertas-ate-19-11\/\",\"name\":\"P\u00f3s-Gradua\u00e7\u00e3o em Gen\u00e9tica e Melhoramento de Plantas: inscri\u00e7\u00f5es abertas at\u00e9 19\/11 - UENF - Universidade Estadual do Norte Fluminense Darcy Ribeiro\",\"isPartOf\":{\"@id\":\"https:\/\/portal1.uenf.br\/portal\/#website\"},\"primaryImageOfPage\":{\"@id\":\"https:\/\/portal1.uenf.br\/portal\/editais\/pos-graduacao-em-genetica-e-melhoramento-de-plantas-inscricoes-abertas-ate-19-11\/#primaryimage\"},\"image\":{\"@id\":\"https:\/\/portal1.uenf.br\/portal\/editais\/pos-graduacao-em-genetica-e-melhoramento-de-plantas-inscricoes-abertas-ate-19-11\/#primaryimage\"},\"thumbnailUrl\":\"https:\/\/uenf.br\/portal\/wp-content\/uploads\/2022\/10\/Cartaz-PGGMP-2023_1-1.jpg\",\"datePublished\":\"2022-10-18T12:54:16+00:00\",\"breadcrumb\":{\"@id\":\"https:\/\/portal1.uenf.br\/portal\/editais\/pos-graduacao-em-genetica-e-melhoramento-de-plantas-inscricoes-abertas-ate-19-11\/#breadcrumb\"},\"inLanguage\":\"pt-BR\",\"potentialAction\":[{\"@type\":\"ReadAction\",\"target\":[\"https:\/\/portal1.uenf.br\/portal\/editais\/pos-graduacao-em-genetica-e-melhoramento-de-plantas-inscricoes-abertas-ate-19-11\/\"]}]},{\"@type\":\"ImageObject\",\"inLanguage\":\"pt-BR\",\"@id\":\"https:\/\/portal1.uenf.br\/portal\/editais\/pos-graduacao-em-genetica-e-melhoramento-de-plantas-inscricoes-abertas-ate-19-11\/#primaryimage\",\"url\":\"https:\/\/uenf.br\/portal\/wp-content\/uploads\/2022\/10\/Cartaz-PGGMP-2023_1-1.jpg\",\"contentUrl\":\"https:\/\/uenf.br\/portal\/wp-content\/uploads\/2022\/10\/Cartaz-PGGMP-2023_1-1.jpg\"},{\"@type\":\"BreadcrumbList\",\"@id\":\"https:\/\/portal1.uenf.br\/portal\/editais\/pos-graduacao-em-genetica-e-melhoramento-de-plantas-inscricoes-abertas-ate-19-11\/#breadcrumb\",\"itemListElement\":[{\"@type\":\"ListItem\",\"position\":1,\"name\":\"In\u00edcio\",\"item\":\"https:\/\/portal1.uenf.br\/portal\/\"},{\"@type\":\"ListItem\",\"position\":2,\"name\":\"P\u00f3s-Gradua\u00e7\u00e3o em Gen\u00e9tica e Melhoramento de Plantas: inscri\u00e7\u00f5es abertas at\u00e9 19\/11\"}]},{\"@type\":\"WebSite\",\"@id\":\"https:\/\/portal1.uenf.br\/portal\/#website\",\"url\":\"https:\/\/portal1.uenf.br\/portal\/\",\"name\":\"UENF - Universidade Estadual do Norte Fluminense Darcy Ribeiro\",\"description\":\"\",\"publisher\":{\"@id\":\"https:\/\/portal1.uenf.br\/portal\/#organization\"},\"potentialAction\":[{\"@type\":\"SearchAction\",\"target\":{\"@type\":\"EntryPoint\",\"urlTemplate\":\"https:\/\/portal1.uenf.br\/portal\/?s={search_term_string}\"},\"query-input\":{\"@type\":\"PropertyValueSpecification\",\"valueRequired\":true,\"valueName\":\"search_term_string\"}}],\"inLanguage\":\"pt-BR\"},{\"@type\":\"Organization\",\"@id\":\"https:\/\/portal1.uenf.br\/portal\/#organization\",\"name\":\"UENF - Universidade Estadual do Norte Fluminense Darcy Ribeiro\",\"url\":\"https:\/\/portal1.uenf.br\/portal\/\",\"logo\":{\"@type\":\"ImageObject\",\"inLanguage\":\"pt-BR\",\"@id\":\"https:\/\/portal1.uenf.br\/portal\/#\/schema\/logo\/image\/\",\"url\":\"https:\/\/portal1.uenf.br\/portal\/wp-content\/uploads\/2018\/06\/logo-uenf-invertido-1.png\",\"contentUrl\":\"https:\/\/portal1.uenf.br\/portal\/wp-content\/uploads\/2018\/06\/logo-uenf-invertido-1.png\",\"width\":482,\"height\":83,\"caption\":\"UENF - Universidade Estadual do Norte Fluminense Darcy Ribeiro\"},\"image\":{\"@id\":\"https:\/\/portal1.uenf.br\/portal\/#\/schema\/logo\/image\/\"}},{\"@type\":\"Person\",\"@id\":\"https:\/\/portal1.uenf.br\/portal\/#\/schema\/person\/068abbf03b6f8478c845bc8ded9270c7\",\"name\":\"admin\",\"image\":{\"@type\":\"ImageObject\",\"inLanguage\":\"pt-BR\",\"@id\":\"https:\/\/portal1.uenf.br\/portal\/#\/schema\/person\/image\/\",\"url\":\"https:\/\/secure.gravatar.com\/avatar\/e5ecf9e4fae0742f4b136f518195bafa7b2d3f7c709f4bdc6707588ef68a6e25?s=96&d=mm&r=g\",\"contentUrl\":\"https:\/\/secure.gravatar.com\/avatar\/e5ecf9e4fae0742f4b136f518195bafa7b2d3f7c709f4bdc6707588ef68a6e25?s=96&d=mm&r=g\",\"caption\":\"admin\"},\"sameAs\":[\"https:\/\/portal1.uenf.br\/portal\"],\"url\":\"https:\/\/portal1.uenf.br\/portal\/author\/edson\/\"}]}<\/script>\n<!-- \/ Yoast SEO plugin. -->","yoast_head_json":{"title":"P\u00f3s-Gradua\u00e7\u00e3o em Gen\u00e9tica e Melhoramento de Plantas: inscri\u00e7\u00f5es abertas at\u00e9 19\/11 - UENF - Universidade Estadual do Norte Fluminense Darcy Ribeiro","robots":{"index":"noindex","follow":"follow","max-snippet":"max-snippet:-1","max-image-preview":"max-image-preview:large","max-video-preview":"max-video-preview:-1"},"og_locale":"pt_BR","og_type":"article","og_title":"P\u00f3s-Gradua\u00e7\u00e3o em Gen\u00e9tica e Melhoramento de Plantas: inscri\u00e7\u00f5es abertas at\u00e9 19\/11 - UENF - Universidade Estadual do Norte Fluminense Darcy Ribeiro","og_description":"O Programa de P\u00f3s-Gradua\u00e7\u00e3o em Gen\u00e9tica e Melhoramento de Plantas (PGGMP) da UENF, credenciado pela CAPES com nota 6 (seis), torna p\u00fablico o edital de sele\u00e7\u00e3o com abertura de vagas para o primeiro semestre de 2023.&nbsp;Est\u00e3o sendo oferecidas&nbsp;18 vagas para o Mestrado&nbsp;e&nbsp;15 vagas para o Doutorado. As inscri\u00e7\u00f5es ocorrer\u00e3o no per\u00edodo de 19\/10 a 19\/11\/2022 [&hellip;]","og_url":"https:\/\/portal1.uenf.br\/portal\/editais\/pos-graduacao-em-genetica-e-melhoramento-de-plantas-inscricoes-abertas-ate-19-11\/","og_site_name":"UENF - Universidade Estadual do Norte Fluminense Darcy Ribeiro","article_published_time":"2022-10-18T12:54:16+00:00","og_image":[{"url":"https:\/\/uenf.br\/portal\/wp-content\/uploads\/2022\/10\/Cartaz-PGGMP-2023_1-1.jpg","type":"","width":"","height":""}],"author":"admin","twitter_card":"summary_large_image","twitter_misc":{"Escrito por":"admin","Est. tempo de leitura":"2 minutos"},"schema":{"@context":"https:\/\/schema.org","@graph":[{"@type":"Article","@id":"https:\/\/portal1.uenf.br\/portal\/editais\/pos-graduacao-em-genetica-e-melhoramento-de-plantas-inscricoes-abertas-ate-19-11\/#article","isPartOf":{"@id":"https:\/\/portal1.uenf.br\/portal\/editais\/pos-graduacao-em-genetica-e-melhoramento-de-plantas-inscricoes-abertas-ate-19-11\/"},"author":{"name":"admin","@id":"https:\/\/portal1.uenf.br\/portal\/#\/schema\/person\/068abbf03b6f8478c845bc8ded9270c7"},"headline":"P\u00f3s-Gradua\u00e7\u00e3o em Gen\u00e9tica e Melhoramento de Plantas: inscri\u00e7\u00f5es abertas at\u00e9 19\/11","datePublished":"2022-10-18T12:54:16+00:00","mainEntityOfPage":{"@id":"https:\/\/portal1.uenf.br\/portal\/editais\/pos-graduacao-em-genetica-e-melhoramento-de-plantas-inscricoes-abertas-ate-19-11\/"},"wordCount":448,"publisher":{"@id":"https:\/\/portal1.uenf.br\/portal\/#organization"},"image":{"@id":"https:\/\/portal1.uenf.br\/portal\/editais\/pos-graduacao-em-genetica-e-melhoramento-de-plantas-inscricoes-abertas-ate-19-11\/#primaryimage"},"thumbnailUrl":"https:\/\/uenf.br\/portal\/wp-content\/uploads\/2022\/10\/Cartaz-PGGMP-2023_1-1.jpg","articleSection":["Editais","Not\u00edcias"],"inLanguage":"pt-BR"},{"@type":"WebPage","@id":"https:\/\/portal1.uenf.br\/portal\/editais\/pos-graduacao-em-genetica-e-melhoramento-de-plantas-inscricoes-abertas-ate-19-11\/","url":"https:\/\/portal1.uenf.br\/portal\/editais\/pos-graduacao-em-genetica-e-melhoramento-de-plantas-inscricoes-abertas-ate-19-11\/","name":"P\u00f3s-Gradua\u00e7\u00e3o em Gen\u00e9tica e Melhoramento de Plantas: inscri\u00e7\u00f5es abertas at\u00e9 19\/11 - UENF - Universidade Estadual do Norte Fluminense Darcy Ribeiro","isPartOf":{"@id":"https:\/\/portal1.uenf.br\/portal\/#website"},"primaryImageOfPage":{"@id":"https:\/\/portal1.uenf.br\/portal\/editais\/pos-graduacao-em-genetica-e-melhoramento-de-plantas-inscricoes-abertas-ate-19-11\/#primaryimage"},"image":{"@id":"https:\/\/portal1.uenf.br\/portal\/editais\/pos-graduacao-em-genetica-e-melhoramento-de-plantas-inscricoes-abertas-ate-19-11\/#primaryimage"},"thumbnailUrl":"https:\/\/uenf.br\/portal\/wp-content\/uploads\/2022\/10\/Cartaz-PGGMP-2023_1-1.jpg","datePublished":"2022-10-18T12:54:16+00:00","breadcrumb":{"@id":"https:\/\/portal1.uenf.br\/portal\/editais\/pos-graduacao-em-genetica-e-melhoramento-de-plantas-inscricoes-abertas-ate-19-11\/#breadcrumb"},"inLanguage":"pt-BR","potentialAction":[{"@type":"ReadAction","target":["https:\/\/portal1.uenf.br\/portal\/editais\/pos-graduacao-em-genetica-e-melhoramento-de-plantas-inscricoes-abertas-ate-19-11\/"]}]},{"@type":"ImageObject","inLanguage":"pt-BR","@id":"https:\/\/portal1.uenf.br\/portal\/editais\/pos-graduacao-em-genetica-e-melhoramento-de-plantas-inscricoes-abertas-ate-19-11\/#primaryimage","url":"https:\/\/uenf.br\/portal\/wp-content\/uploads\/2022\/10\/Cartaz-PGGMP-2023_1-1.jpg","contentUrl":"https:\/\/uenf.br\/portal\/wp-content\/uploads\/2022\/10\/Cartaz-PGGMP-2023_1-1.jpg"},{"@type":"BreadcrumbList","@id":"https:\/\/portal1.uenf.br\/portal\/editais\/pos-graduacao-em-genetica-e-melhoramento-de-plantas-inscricoes-abertas-ate-19-11\/#breadcrumb","itemListElement":[{"@type":"ListItem","position":1,"name":"In\u00edcio","item":"https:\/\/portal1.uenf.br\/portal\/"},{"@type":"ListItem","position":2,"name":"P\u00f3s-Gradua\u00e7\u00e3o em Gen\u00e9tica e Melhoramento de Plantas: inscri\u00e7\u00f5es abertas at\u00e9 19\/11"}]},{"@type":"WebSite","@id":"https:\/\/portal1.uenf.br\/portal\/#website","url":"https:\/\/portal1.uenf.br\/portal\/","name":"UENF - Universidade Estadual do Norte Fluminense Darcy Ribeiro","description":"","publisher":{"@id":"https:\/\/portal1.uenf.br\/portal\/#organization"},"potentialAction":[{"@type":"SearchAction","target":{"@type":"EntryPoint","urlTemplate":"https:\/\/portal1.uenf.br\/portal\/?s={search_term_string}"},"query-input":{"@type":"PropertyValueSpecification","valueRequired":true,"valueName":"search_term_string"}}],"inLanguage":"pt-BR"},{"@type":"Organization","@id":"https:\/\/portal1.uenf.br\/portal\/#organization","name":"UENF - Universidade Estadual do Norte Fluminense Darcy Ribeiro","url":"https:\/\/portal1.uenf.br\/portal\/","logo":{"@type":"ImageObject","inLanguage":"pt-BR","@id":"https:\/\/portal1.uenf.br\/portal\/#\/schema\/logo\/image\/","url":"https:\/\/portal1.uenf.br\/portal\/wp-content\/uploads\/2018\/06\/logo-uenf-invertido-1.png","contentUrl":"https:\/\/portal1.uenf.br\/portal\/wp-content\/uploads\/2018\/06\/logo-uenf-invertido-1.png","width":482,"height":83,"caption":"UENF - Universidade Estadual do Norte Fluminense Darcy Ribeiro"},"image":{"@id":"https:\/\/portal1.uenf.br\/portal\/#\/schema\/logo\/image\/"}},{"@type":"Person","@id":"https:\/\/portal1.uenf.br\/portal\/#\/schema\/person\/068abbf03b6f8478c845bc8ded9270c7","name":"admin","image":{"@type":"ImageObject","inLanguage":"pt-BR","@id":"https:\/\/portal1.uenf.br\/portal\/#\/schema\/person\/image\/","url":"https:\/\/secure.gravatar.com\/avatar\/e5ecf9e4fae0742f4b136f518195bafa7b2d3f7c709f4bdc6707588ef68a6e25?s=96&d=mm&r=g","contentUrl":"https:\/\/secure.gravatar.com\/avatar\/e5ecf9e4fae0742f4b136f518195bafa7b2d3f7c709f4bdc6707588ef68a6e25?s=96&d=mm&r=g","caption":"admin"},"sameAs":["https:\/\/portal1.uenf.br\/portal"],"url":"https:\/\/portal1.uenf.br\/portal\/author\/edson\/"}]}},"_links":{"self":[{"href":"https:\/\/portal1.uenf.br\/portal\/wp-json\/wp\/v2\/posts\/15860","targetHints":{"allow":["GET"]}}],"collection":[{"href":"https:\/\/portal1.uenf.br\/portal\/wp-json\/wp\/v2\/posts"}],"about":[{"href":"https:\/\/portal1.uenf.br\/portal\/wp-json\/wp\/v2\/types\/post"}],"author":[{"embeddable":true,"href":"https:\/\/portal1.uenf.br\/portal\/wp-json\/wp\/v2\/users\/1"}],"replies":[{"embeddable":true,"href":"https:\/\/portal1.uenf.br\/portal\/wp-json\/wp\/v2\/comments?post=15860"}],"version-history":[{"count":0,"href":"https:\/\/portal1.uenf.br\/portal\/wp-json\/wp\/v2\/posts\/15860\/revisions"}],"wp:attachment":[{"href":"https:\/\/portal1.uenf.br\/portal\/wp-json\/wp\/v2\/media?parent=15860"}],"wp:term":[{"taxonomy":"category","embeddable":true,"href":"https:\/\/portal1.uenf.br\/portal\/wp-json\/wp\/v2\/categories?post=15860"},{"taxonomy":"post_tag","embeddable":true,"href":"https:\/\/portal1.uenf.br\/portal\/wp-json\/wp\/v2\/tags?post=15860"}],"curies":[{"name":"wp","href":"https:\/\/api.w.org\/{rel}","templated":true}]}}