{"id":15494,"date":"2022-09-19T15:05:17","date_gmt":"2022-09-19T18:05:17","guid":{"rendered":"https:\/\/uenf.br\/portal\/?p=15494"},"modified":"2022-09-19T15:05:17","modified_gmt":"2022-09-19T18:05:17","slug":"forum-na-uenf-debate-governos-e-desenvolvimento-urbano","status":"publish","type":"post","link":"https:\/\/portal1.uenf.br\/portal\/noticias\/forum-na-uenf-debate-governos-e-desenvolvimento-urbano\/","title":{"rendered":"F\u00f3rum na UENF debate governos e desenvolvimento urbano\u00a0"},"content":{"rendered":"\n<p><strong>Evento re\u00fane pesquisadores, agentes p\u00fablicos e lideran\u00e7as populares<\/strong>&nbsp;&nbsp;<\/p>\n\n\n\n<p>O <a href=\"https:\/\/forumnf.uenf.br\/\" target=\"_blank\" rel=\"noreferrer noopener\">F\u00f3rum Norte Fluminense: Governos e Desenvolvimento Urbano <\/a>ser\u00e1 aberto nesta ter\u00e7a, 20\/09\/22, \u00e0s 9h, no Audit\u00f3rio 4 do Centro de Conven\u00e7\u00f5es Oscar Niemeyer, da UENF. O evento, presencial e com <a href=\"https:\/\/docs.google.com\/forms\/d\/e\/1FAIpQLSfjWe_-YwD-KlO6EF525uyX1IABNfNYEZjZxxCoZuyTXyiDJw\/viewform\" target=\"_blank\" rel=\"noreferrer noopener\">inscri\u00e7\u00f5es gratuitas<\/a>, re\u00fane, at\u00e9 quinta, estudiosos, agentes do poder p\u00fablico e lideran\u00e7as de movimentos populares. Quatro mesas tem\u00e1ticas v\u00e3o se realizar nos dois primeiros dias e gerar subs\u00eddios para a mesa de encerramento, dedicada \u00e0 discuss\u00e3o do futuro da regi\u00e3o para al\u00e9m do petr\u00f3leo.\u00a0<\/p>\n\n\n\n<p>No primeiro dia, as duas mesas tem\u00e1ticas v\u00e3o abordar os desafios da gest\u00e3o p\u00fablica (9h30) e das desigualdades sociais e urbanas (14h). No segundo dia, quarta-feira, os temas ser\u00e3o os desafios da economia extrativista (9h) e os da sustentabilidade (14h). No encerramento, quinta-feira, o assunto \u00e9 \u201cDesafios para o Norte Fluminense: o futuro para al\u00e9m do petr\u00f3leo\u201d.&nbsp;<\/p>\n\n\n\n<p>\u2014 O evento tem a ambi\u00e7\u00e3o de avaliar a capacidade de reflex\u00e3o e a\u00e7\u00e3o sobre os problemas presentes na realidade da nossa regi\u00e3o, que n\u00e3o deixam de apresentar rela\u00e7\u00e3o com quest\u00f5es nacionais e mesmo internacionais. Pretendemos debater sobre as transforma\u00e7\u00f5es sociais e territoriais em curso na regi\u00e3o e como os governos est\u00e3o conduzindo e podem conduzir esse processo, de modo a garantir justi\u00e7a social, sustentabilidade ambiental, redu\u00e7\u00e3o de riscos e desigualdades \u2014 diz \u00c9rica Tavares, da UFF, que integra a comiss\u00e3o organizadora, ao lado de professores e pesquisadores da UENF, IFF, UCAM e da pr\u00f3pria UFF.&nbsp;<\/p>\n\n\n\n<p>O F\u00f3rum \u00e9 uma iniciativa do n\u00facleo regional do INCT Observat\u00f3rio das Metr\u00f3poles, com apoio da Capes, CNPq, programa Institutos Nacionais de Ci\u00eancia, Tecnologia e Inova\u00e7\u00e3o (INCTs) e UENF, e \u00e9 parte parte do projeto \u201cComo se governam as cidades?\u201d, financiado pela Faperj.\u202f O Observat\u00f3rio das Metr\u00f3poles est\u00e1 em 18 n\u00facleos regionais espalhados pelo Brasil, reunindo 380 pesquisadores. &nbsp;<\/p>\n","protected":false},"excerpt":{"rendered":"<p>Evento re\u00fane pesquisadores, agentes p\u00fablicos e lideran\u00e7as populares&nbsp;&nbsp; O F\u00f3rum Norte Fluminense: Governos e Desenvolvimento Urbano ser\u00e1 aberto nesta ter\u00e7a, 20\/09\/22, \u00e0s 9h, no Audit\u00f3rio 4 do Centro de Conven\u00e7\u00f5es Oscar Niemeyer, da UENF. O evento, presencial e com inscri\u00e7\u00f5es gratuitas, re\u00fane, at\u00e9 quinta, estudiosos, agentes do poder p\u00fablico e lideran\u00e7as de movimentos populares. Quatro [&hellip;]<\/p>\n","protected":false},"author":1,"featured_media":0,"comment_status":"closed","ping_status":"closed","sticky":false,"template":"","format":"standard","meta":{"_eb_attr":"","ocean_post_layout":"","ocean_both_sidebars_style":"","ocean_both_sidebars_content_width":0,"ocean_both_sidebars_sidebars_width":0,"ocean_sidebar":"","ocean_second_sidebar":"","ocean_disable_margins":"enable","ocean_add_body_class":"","ocean_shortcode_before_top_bar":"","ocean_shortcode_after_top_bar":"","ocean_shortcode_before_header":"","ocean_shortcode_after_header":"","ocean_has_shortcode":"","ocean_shortcode_after_title":"","ocean_shortcode_before_footer_widgets":"","ocean_shortcode_after_footer_widgets":"","ocean_shortcode_before_footer_bottom":"","ocean_shortcode_after_footer_bottom":"","ocean_display_top_bar":"default","ocean_display_header":"default","ocean_header_style":"","ocean_center_header_left_menu":"","ocean_custom_header_template":"","ocean_custom_logo":0,"ocean_custom_retina_logo":0,"ocean_custom_logo_max_width":0,"ocean_custom_logo_tablet_max_width":0,"ocean_custom_logo_mobile_max_width":0,"ocean_custom_logo_max_height":0,"ocean_custom_logo_tablet_max_height":0,"ocean_custom_logo_mobile_max_height":0,"ocean_header_custom_menu":"","ocean_menu_typo_font_family":"","ocean_menu_typo_font_subset":"","ocean_menu_typo_font_size":0,"ocean_menu_typo_font_size_tablet":0,"ocean_menu_typo_font_size_mobile":0,"ocean_menu_typo_font_size_unit":"px","ocean_menu_typo_font_weight":"","ocean_menu_typo_font_weight_tablet":"","ocean_menu_typo_font_weight_mobile":"","ocean_menu_typo_transform":"","ocean_menu_typo_transform_tablet":"","ocean_menu_typo_transform_mobile":"","ocean_menu_typo_line_height":0,"ocean_menu_typo_line_height_tablet":0,"ocean_menu_typo_line_height_mobile":0,"ocean_menu_typo_line_height_unit":"","ocean_menu_typo_spacing":0,"ocean_menu_typo_spacing_tablet":0,"ocean_menu_typo_spacing_mobile":0,"ocean_menu_typo_spacing_unit":"","ocean_menu_link_color":"","ocean_menu_link_color_hover":"","ocean_menu_link_color_active":"","ocean_menu_link_background":"","ocean_menu_link_hover_background":"","ocean_menu_link_active_background":"","ocean_menu_social_links_bg":"","ocean_menu_social_hover_links_bg":"","ocean_menu_social_links_color":"","ocean_menu_social_hover_links_color":"","ocean_disable_title":"default","ocean_disable_heading":"default","ocean_post_title":"","ocean_post_subheading":"","ocean_post_title_style":"","ocean_post_title_background_color":"","ocean_post_title_background":0,"ocean_post_title_bg_image_position":"","ocean_post_title_bg_image_attachment":"","ocean_post_title_bg_image_repeat":"","ocean_post_title_bg_image_size":"","ocean_post_title_height":0,"ocean_post_title_bg_overlay":0.5,"ocean_post_title_bg_overlay_color":"","ocean_disable_breadcrumbs":"default","ocean_breadcrumbs_color":"","ocean_breadcrumbs_separator_color":"","ocean_breadcrumbs_links_color":"","ocean_breadcrumbs_links_hover_color":"","ocean_display_footer_widgets":"default","ocean_display_footer_bottom":"default","ocean_custom_footer_template":"","ocean_post_oembed":"","ocean_post_self_hosted_media":"","ocean_post_video_embed":"","ocean_link_format":"","ocean_link_format_target":"self","ocean_quote_format":"","ocean_quote_format_link":"post","ocean_gallery_link_images":"off","ocean_gallery_id":[],"footnotes":""},"categories":[8],"tags":[],"class_list":["post-15494","post","type-post","status-publish","format-standard","hentry","category-noticias","entry"],"yoast_head":"<!-- This site is optimized with the Yoast SEO plugin v26.5 - https:\/\/yoast.com\/wordpress\/plugins\/seo\/ -->\n<title>F\u00f3rum na UENF debate governos e desenvolvimento urbano\u00a0 - UENF - Universidade Estadual do Norte Fluminense Darcy Ribeiro<\/title>\n<meta name=\"robots\" content=\"noindex, follow, max-snippet:-1, max-image-preview:large, max-video-preview:-1\" \/>\n<meta property=\"og:locale\" content=\"pt_BR\" \/>\n<meta property=\"og:type\" content=\"article\" \/>\n<meta property=\"og:title\" content=\"F\u00f3rum na UENF debate governos e desenvolvimento urbano\u00a0 - UENF - Universidade Estadual do Norte Fluminense Darcy Ribeiro\" \/>\n<meta property=\"og:description\" content=\"Evento re\u00fane pesquisadores, agentes p\u00fablicos e lideran\u00e7as populares&nbsp;&nbsp; O F\u00f3rum Norte Fluminense: Governos e Desenvolvimento Urbano ser\u00e1 aberto nesta ter\u00e7a, 20\/09\/22, \u00e0s 9h, no Audit\u00f3rio 4 do Centro de Conven\u00e7\u00f5es Oscar Niemeyer, da UENF. O evento, presencial e com inscri\u00e7\u00f5es gratuitas, re\u00fane, at\u00e9 quinta, estudiosos, agentes do poder p\u00fablico e lideran\u00e7as de movimentos populares. Quatro [&hellip;]\" \/>\n<meta property=\"og:url\" content=\"https:\/\/portal1.uenf.br\/portal\/noticias\/forum-na-uenf-debate-governos-e-desenvolvimento-urbano\/\" \/>\n<meta property=\"og:site_name\" content=\"UENF - Universidade Estadual do Norte Fluminense Darcy Ribeiro\" \/>\n<meta property=\"article:published_time\" content=\"2022-09-19T18:05:17+00:00\" \/>\n<meta name=\"author\" content=\"admin\" \/>\n<meta name=\"twitter:card\" content=\"summary_large_image\" \/>\n<meta name=\"twitter:label1\" content=\"Escrito por\" \/>\n\t<meta name=\"twitter:data1\" content=\"admin\" \/>\n\t<meta name=\"twitter:label2\" content=\"Est. tempo de leitura\" \/>\n\t<meta name=\"twitter:data2\" content=\"2 minutos\" \/>\n<script type=\"application\/ld+json\" class=\"yoast-schema-graph\">{\"@context\":\"https:\/\/schema.org\",\"@graph\":[{\"@type\":\"Article\",\"@id\":\"https:\/\/portal1.uenf.br\/portal\/noticias\/forum-na-uenf-debate-governos-e-desenvolvimento-urbano\/#article\",\"isPartOf\":{\"@id\":\"https:\/\/portal1.uenf.br\/portal\/noticias\/forum-na-uenf-debate-governos-e-desenvolvimento-urbano\/\"},\"author\":{\"name\":\"admin\",\"@id\":\"https:\/\/portal1.uenf.br\/portal\/#\/schema\/person\/068abbf03b6f8478c845bc8ded9270c7\"},\"headline\":\"F\u00f3rum na UENF debate governos e desenvolvimento urbano\u00a0\",\"datePublished\":\"2022-09-19T18:05:17+00:00\",\"mainEntityOfPage\":{\"@id\":\"https:\/\/portal1.uenf.br\/portal\/noticias\/forum-na-uenf-debate-governos-e-desenvolvimento-urbano\/\"},\"wordCount\":346,\"publisher\":{\"@id\":\"https:\/\/portal1.uenf.br\/portal\/#organization\"},\"articleSection\":[\"Not\u00edcias\"],\"inLanguage\":\"pt-BR\"},{\"@type\":\"WebPage\",\"@id\":\"https:\/\/portal1.uenf.br\/portal\/noticias\/forum-na-uenf-debate-governos-e-desenvolvimento-urbano\/\",\"url\":\"https:\/\/portal1.uenf.br\/portal\/noticias\/forum-na-uenf-debate-governos-e-desenvolvimento-urbano\/\",\"name\":\"F\u00f3rum na UENF debate governos e desenvolvimento urbano\u00a0 - UENF - Universidade Estadual do Norte Fluminense Darcy Ribeiro\",\"isPartOf\":{\"@id\":\"https:\/\/portal1.uenf.br\/portal\/#website\"},\"datePublished\":\"2022-09-19T18:05:17+00:00\",\"breadcrumb\":{\"@id\":\"https:\/\/portal1.uenf.br\/portal\/noticias\/forum-na-uenf-debate-governos-e-desenvolvimento-urbano\/#breadcrumb\"},\"inLanguage\":\"pt-BR\",\"potentialAction\":[{\"@type\":\"ReadAction\",\"target\":[\"https:\/\/portal1.uenf.br\/portal\/noticias\/forum-na-uenf-debate-governos-e-desenvolvimento-urbano\/\"]}]},{\"@type\":\"BreadcrumbList\",\"@id\":\"https:\/\/portal1.uenf.br\/portal\/noticias\/forum-na-uenf-debate-governos-e-desenvolvimento-urbano\/#breadcrumb\",\"itemListElement\":[{\"@type\":\"ListItem\",\"position\":1,\"name\":\"In\u00edcio\",\"item\":\"https:\/\/portal1.uenf.br\/portal\/\"},{\"@type\":\"ListItem\",\"position\":2,\"name\":\"F\u00f3rum na UENF debate governos e desenvolvimento urbano\u00a0\"}]},{\"@type\":\"WebSite\",\"@id\":\"https:\/\/portal1.uenf.br\/portal\/#website\",\"url\":\"https:\/\/portal1.uenf.br\/portal\/\",\"name\":\"UENF - Universidade Estadual do Norte Fluminense Darcy Ribeiro\",\"description\":\"\",\"publisher\":{\"@id\":\"https:\/\/portal1.uenf.br\/portal\/#organization\"},\"potentialAction\":[{\"@type\":\"SearchAction\",\"target\":{\"@type\":\"EntryPoint\",\"urlTemplate\":\"https:\/\/portal1.uenf.br\/portal\/?s={search_term_string}\"},\"query-input\":{\"@type\":\"PropertyValueSpecification\",\"valueRequired\":true,\"valueName\":\"search_term_string\"}}],\"inLanguage\":\"pt-BR\"},{\"@type\":\"Organization\",\"@id\":\"https:\/\/portal1.uenf.br\/portal\/#organization\",\"name\":\"UENF - Universidade Estadual do Norte Fluminense Darcy Ribeiro\",\"url\":\"https:\/\/portal1.uenf.br\/portal\/\",\"logo\":{\"@type\":\"ImageObject\",\"inLanguage\":\"pt-BR\",\"@id\":\"https:\/\/portal1.uenf.br\/portal\/#\/schema\/logo\/image\/\",\"url\":\"https:\/\/portal1.uenf.br\/portal\/wp-content\/uploads\/2018\/06\/logo-uenf-invertido-1.png\",\"contentUrl\":\"https:\/\/portal1.uenf.br\/portal\/wp-content\/uploads\/2018\/06\/logo-uenf-invertido-1.png\",\"width\":482,\"height\":83,\"caption\":\"UENF - Universidade Estadual do Norte Fluminense Darcy Ribeiro\"},\"image\":{\"@id\":\"https:\/\/portal1.uenf.br\/portal\/#\/schema\/logo\/image\/\"}},{\"@type\":\"Person\",\"@id\":\"https:\/\/portal1.uenf.br\/portal\/#\/schema\/person\/068abbf03b6f8478c845bc8ded9270c7\",\"name\":\"admin\",\"image\":{\"@type\":\"ImageObject\",\"inLanguage\":\"pt-BR\",\"@id\":\"https:\/\/portal1.uenf.br\/portal\/#\/schema\/person\/image\/\",\"url\":\"https:\/\/secure.gravatar.com\/avatar\/e5ecf9e4fae0742f4b136f518195bafa7b2d3f7c709f4bdc6707588ef68a6e25?s=96&d=mm&r=g\",\"contentUrl\":\"https:\/\/secure.gravatar.com\/avatar\/e5ecf9e4fae0742f4b136f518195bafa7b2d3f7c709f4bdc6707588ef68a6e25?s=96&d=mm&r=g\",\"caption\":\"admin\"},\"sameAs\":[\"https:\/\/portal1.uenf.br\/portal\"],\"url\":\"https:\/\/portal1.uenf.br\/portal\/author\/edson\/\"}]}<\/script>\n<!-- \/ Yoast SEO plugin. -->","yoast_head_json":{"title":"F\u00f3rum na UENF debate governos e desenvolvimento urbano\u00a0 - UENF - Universidade Estadual do Norte Fluminense Darcy Ribeiro","robots":{"index":"noindex","follow":"follow","max-snippet":"max-snippet:-1","max-image-preview":"max-image-preview:large","max-video-preview":"max-video-preview:-1"},"og_locale":"pt_BR","og_type":"article","og_title":"F\u00f3rum na UENF debate governos e desenvolvimento urbano\u00a0 - UENF - Universidade Estadual do Norte Fluminense Darcy Ribeiro","og_description":"Evento re\u00fane pesquisadores, agentes p\u00fablicos e lideran\u00e7as populares&nbsp;&nbsp; O F\u00f3rum Norte Fluminense: Governos e Desenvolvimento Urbano ser\u00e1 aberto nesta ter\u00e7a, 20\/09\/22, \u00e0s 9h, no Audit\u00f3rio 4 do Centro de Conven\u00e7\u00f5es Oscar Niemeyer, da UENF. O evento, presencial e com inscri\u00e7\u00f5es gratuitas, re\u00fane, at\u00e9 quinta, estudiosos, agentes do poder p\u00fablico e lideran\u00e7as de movimentos populares. Quatro [&hellip;]","og_url":"https:\/\/portal1.uenf.br\/portal\/noticias\/forum-na-uenf-debate-governos-e-desenvolvimento-urbano\/","og_site_name":"UENF - Universidade Estadual do Norte Fluminense Darcy Ribeiro","article_published_time":"2022-09-19T18:05:17+00:00","author":"admin","twitter_card":"summary_large_image","twitter_misc":{"Escrito por":"admin","Est. tempo de leitura":"2 minutos"},"schema":{"@context":"https:\/\/schema.org","@graph":[{"@type":"Article","@id":"https:\/\/portal1.uenf.br\/portal\/noticias\/forum-na-uenf-debate-governos-e-desenvolvimento-urbano\/#article","isPartOf":{"@id":"https:\/\/portal1.uenf.br\/portal\/noticias\/forum-na-uenf-debate-governos-e-desenvolvimento-urbano\/"},"author":{"name":"admin","@id":"https:\/\/portal1.uenf.br\/portal\/#\/schema\/person\/068abbf03b6f8478c845bc8ded9270c7"},"headline":"F\u00f3rum na UENF debate governos e desenvolvimento urbano\u00a0","datePublished":"2022-09-19T18:05:17+00:00","mainEntityOfPage":{"@id":"https:\/\/portal1.uenf.br\/portal\/noticias\/forum-na-uenf-debate-governos-e-desenvolvimento-urbano\/"},"wordCount":346,"publisher":{"@id":"https:\/\/portal1.uenf.br\/portal\/#organization"},"articleSection":["Not\u00edcias"],"inLanguage":"pt-BR"},{"@type":"WebPage","@id":"https:\/\/portal1.uenf.br\/portal\/noticias\/forum-na-uenf-debate-governos-e-desenvolvimento-urbano\/","url":"https:\/\/portal1.uenf.br\/portal\/noticias\/forum-na-uenf-debate-governos-e-desenvolvimento-urbano\/","name":"F\u00f3rum na UENF debate governos e desenvolvimento urbano\u00a0 - UENF - Universidade Estadual do Norte Fluminense Darcy Ribeiro","isPartOf":{"@id":"https:\/\/portal1.uenf.br\/portal\/#website"},"datePublished":"2022-09-19T18:05:17+00:00","breadcrumb":{"@id":"https:\/\/portal1.uenf.br\/portal\/noticias\/forum-na-uenf-debate-governos-e-desenvolvimento-urbano\/#breadcrumb"},"inLanguage":"pt-BR","potentialAction":[{"@type":"ReadAction","target":["https:\/\/portal1.uenf.br\/portal\/noticias\/forum-na-uenf-debate-governos-e-desenvolvimento-urbano\/"]}]},{"@type":"BreadcrumbList","@id":"https:\/\/portal1.uenf.br\/portal\/noticias\/forum-na-uenf-debate-governos-e-desenvolvimento-urbano\/#breadcrumb","itemListElement":[{"@type":"ListItem","position":1,"name":"In\u00edcio","item":"https:\/\/portal1.uenf.br\/portal\/"},{"@type":"ListItem","position":2,"name":"F\u00f3rum na UENF debate governos e desenvolvimento urbano\u00a0"}]},{"@type":"WebSite","@id":"https:\/\/portal1.uenf.br\/portal\/#website","url":"https:\/\/portal1.uenf.br\/portal\/","name":"UENF - Universidade Estadual do Norte Fluminense Darcy Ribeiro","description":"","publisher":{"@id":"https:\/\/portal1.uenf.br\/portal\/#organization"},"potentialAction":[{"@type":"SearchAction","target":{"@type":"EntryPoint","urlTemplate":"https:\/\/portal1.uenf.br\/portal\/?s={search_term_string}"},"query-input":{"@type":"PropertyValueSpecification","valueRequired":true,"valueName":"search_term_string"}}],"inLanguage":"pt-BR"},{"@type":"Organization","@id":"https:\/\/portal1.uenf.br\/portal\/#organization","name":"UENF - Universidade Estadual do Norte Fluminense Darcy Ribeiro","url":"https:\/\/portal1.uenf.br\/portal\/","logo":{"@type":"ImageObject","inLanguage":"pt-BR","@id":"https:\/\/portal1.uenf.br\/portal\/#\/schema\/logo\/image\/","url":"https:\/\/portal1.uenf.br\/portal\/wp-content\/uploads\/2018\/06\/logo-uenf-invertido-1.png","contentUrl":"https:\/\/portal1.uenf.br\/portal\/wp-content\/uploads\/2018\/06\/logo-uenf-invertido-1.png","width":482,"height":83,"caption":"UENF - Universidade Estadual do Norte Fluminense Darcy Ribeiro"},"image":{"@id":"https:\/\/portal1.uenf.br\/portal\/#\/schema\/logo\/image\/"}},{"@type":"Person","@id":"https:\/\/portal1.uenf.br\/portal\/#\/schema\/person\/068abbf03b6f8478c845bc8ded9270c7","name":"admin","image":{"@type":"ImageObject","inLanguage":"pt-BR","@id":"https:\/\/portal1.uenf.br\/portal\/#\/schema\/person\/image\/","url":"https:\/\/secure.gravatar.com\/avatar\/e5ecf9e4fae0742f4b136f518195bafa7b2d3f7c709f4bdc6707588ef68a6e25?s=96&d=mm&r=g","contentUrl":"https:\/\/secure.gravatar.com\/avatar\/e5ecf9e4fae0742f4b136f518195bafa7b2d3f7c709f4bdc6707588ef68a6e25?s=96&d=mm&r=g","caption":"admin"},"sameAs":["https:\/\/portal1.uenf.br\/portal"],"url":"https:\/\/portal1.uenf.br\/portal\/author\/edson\/"}]}},"_links":{"self":[{"href":"https:\/\/portal1.uenf.br\/portal\/wp-json\/wp\/v2\/posts\/15494","targetHints":{"allow":["GET"]}}],"collection":[{"href":"https:\/\/portal1.uenf.br\/portal\/wp-json\/wp\/v2\/posts"}],"about":[{"href":"https:\/\/portal1.uenf.br\/portal\/wp-json\/wp\/v2\/types\/post"}],"author":[{"embeddable":true,"href":"https:\/\/portal1.uenf.br\/portal\/wp-json\/wp\/v2\/users\/1"}],"replies":[{"embeddable":true,"href":"https:\/\/portal1.uenf.br\/portal\/wp-json\/wp\/v2\/comments?post=15494"}],"version-history":[{"count":0,"href":"https:\/\/portal1.uenf.br\/portal\/wp-json\/wp\/v2\/posts\/15494\/revisions"}],"wp:attachment":[{"href":"https:\/\/portal1.uenf.br\/portal\/wp-json\/wp\/v2\/media?parent=15494"}],"wp:term":[{"taxonomy":"category","embeddable":true,"href":"https:\/\/portal1.uenf.br\/portal\/wp-json\/wp\/v2\/categories?post=15494"},{"taxonomy":"post_tag","embeddable":true,"href":"https:\/\/portal1.uenf.br\/portal\/wp-json\/wp\/v2\/tags?post=15494"}],"curies":[{"name":"wp","href":"https:\/\/api.w.org\/{rel}","templated":true}]}}