{"id":14928,"date":"2022-08-08T16:22:36","date_gmt":"2022-08-08T19:22:36","guid":{"rendered":"https:\/\/uenf.br\/portal\/?p=14928"},"modified":"2022-08-08T16:22:36","modified_gmt":"2022-08-08T19:22:36","slug":"proppg-informa-editais-abertos-do-cnpq","status":"publish","type":"post","link":"https:\/\/portal1.uenf.br\/portal\/informes-internos\/proppg-informa-editais-abertos-do-cnpq\/","title":{"rendered":"ProPPG informa editais abertos do CNPq"},"content":{"rendered":"\n<p>A Pr\u00f3-Reitoria de Pesquisa e P\u00f3s-Gradua\u00e7\u00e3o da UENF (ProPPG) informa os Editais abertos do CNPq:<\/p>\n\n\n\n<h3 class=\"wp-block-heading\"><a href=\"http:\/\/memoria2.cnpq.br\/web\/guest\/chamadas-publicas?p_p_id=resultadosportlet_WAR_resultadoscnpqportlet_INSTANCE_0ZaM&amp;filtro=abertas&amp;detalha=chamadaDivulgada&amp;idDivulgacao=10918\" target=\"_blank\" rel=\"noreferrer noopener\">Chamada CNPq\/MCTI\/FNDCT N\u00ba 14\/2022 &#8211; Desenvolvimento de CT&amp;I para os Setores de Transporte Aquavi\u00e1rio e Constru\u00e7\u00e3o Naval<\/a><\/h3>\n\n\n\n<p>Apoiar projetos de pesquisa que visem contribuir significativamente para o desenvolvimento cient\u00edfico e tecnol\u00f3gico e a inova\u00e7\u00e3o do Pa\u00eds, na \u00e1rea de Transporte Aquavi\u00e1rio e Constru\u00e7\u00e3o Naval.<\/p>\n\n\n\n<p>Inscri\u00e7\u00f5es: 01\/08\/2022 a 31\/08\/2022<\/p>\n\n\n\n<h3 class=\"wp-block-heading\"><a href=\"http:\/\/memoria2.cnpq.br\/web\/guest\/chamadas-publicas?p_p_id=resultadosportlet_WAR_resultadoscnpqportlet_INSTANCE_0ZaM&amp;filtro=abertas&amp;detalha=chamadaDivulgada&amp;idDivulgacao=10914\" rel=\"noreferrer noopener\" target=\"_blank\">Chamada CNPq\/MCTI\/FNDCT N\u00ba 15\/2022 &#8211; Desenvolvimento de CT&amp;I para o Setor de Transporte<\/a><\/h3>\n\n\n\n<p>Apoiar projetos de pesquisa que visem contribuir significativamente para o desenvolvimento cient\u00edfico e tecnol\u00f3gico e a inova\u00e7\u00e3o do Pa\u00eds, na \u00e1rea de Transporte.<\/p>\n\n\n\n<p>Inscri\u00e7\u00f5es: 01\/08\/2022 a 31\/08\/2022<\/p>\n\n\n\n<h3 class=\"wp-block-heading\"><a href=\"http:\/\/memoria2.cnpq.br\/web\/guest\/chamadas-publicas?p_p_id=resultadosportlet_WAR_resultadoscnpqportlet_INSTANCE_0ZaM&amp;filtro=abertas&amp;detalha=chamadaDivulgada&amp;idDivulgacao=10919\" rel=\"noreferrer noopener\" target=\"_blank\">Chamada CNPq\/MCTI\/SEMPI N\u00ba 56\/2022 &#8211; Apoio para Estudando Elaborando TCC em Intelig\u00eancia Artificial<\/a><\/h3>\n\n\n\n<p>Oferecer bolsas de estudos para alunos que estejam cursando a gradua\u00e7\u00e3o em Ci\u00eancia da Computa\u00e7\u00e3o ou \u00e1reas correlatas no campo das Tecnologias da Informa\u00e7\u00e3o e Comunica\u00e7\u00e3o (Matem\u00e1tica ou Engenharias), que estejam matriculados na turma do 7\u00ba, 8\u00ba ou 9\u00ba semestre, e cuja pesquisa tenha como foco o tema Intelig\u00eancia artificial.<\/p>\n\n\n\n<p>Inscri\u00e7\u00f5es: 01\/08\/2022 a 16\/09\/2022<\/p>\n\n\n\n<h3 class=\"wp-block-heading\"><a href=\"http:\/\/memoria2.cnpq.br\/web\/guest\/chamadas-publicas?p_p_id=resultadosportlet_WAR_resultadoscnpqportlet_INSTANCE_0ZaM&amp;filtro=abertas&amp;detalha=chamadaDivulgada&amp;idDivulgacao=10920\" rel=\"noreferrer noopener\" target=\"_blank\">Chamada CNPq\/SEMPI\/MCTI N\u00ba 57\/2022 &#8211; MESTRADO OU DOUTORADO EM COMPUTA\u00c7\u00c3O QU\u00c2NTICA, FOT\u00d4NICA INTEGRADA E INTELIG\u00caNCIA ARTIFICIAL<\/a><\/h3>\n\n\n\n<p>Apoiar Projetos Pesquisa cient\u00edfica, tecnol\u00f3gica e de inova\u00e7\u00e3o propostos por Programas de P\u00f3s-Gradua\u00e7\u00e3o (PPGs) stricto sensu credenciados pela CAPES, por meio da concess\u00e3o de bolsas de Mestrado (GM) e Doutorado (GD), visando \u00e0 capacita\u00e7\u00e3o de pesquisadores em \u00e1reas como: Computa\u00e7\u00e3o Qu\u00e2ntica, Fot\u00f4nica Integrada e Intelig\u00eancia Artificial.<\/p>\n\n\n\n<p>Inscri\u00e7\u00f5es: 01\/08\/2022 a 16\/09\/2022<\/p>\n\n\n\n<h3 class=\"wp-block-heading\"><a href=\"http:\/\/memoria2.cnpq.br\/web\/guest\/chamadas-publicas?p_p_id=resultadosportlet_WAR_resultadoscnpqportlet_INSTANCE_0ZaM&amp;idDivulgacao=10865&amp;filtro=abertas&amp;detalha=chamadaDetalhada&amp;id=47-2000-8206\" rel=\"noreferrer noopener\" target=\"_blank\">CHAMADA CNPQ\/DECIT\/SCTIE\/MS\/DESID\/SE\/MS N\u00ba 44\/2022 &#8211; ECONOMIA DA SA\u00daDE: PESQUISAS PARA A MELHORIA DO GASTO P\u00daBLICO EM SA\u00daDE<\/a><\/h3>\n\n\n\n<p>Selecionar propostas para apoio financeiro a projetos que visem contribuir significativamente para o desenvolvimento cient\u00edfico e tecnol\u00f3gico do pa\u00eds nas linhas tem\u00e1ticas especificadas na chamada.<\/p>\n\n\n\n<p>Inscri\u00e7\u00f5es: 29\/07\/2022 a 12\/09\/2022<\/p>\n\n\n\n<h3 class=\"wp-block-heading\"><a href=\"http:\/\/memoria2.cnpq.br\/web\/guest\/chamadas-publicas?p_p_id=resultadosportlet_WAR_resultadoscnpqportlet_INSTANCE_0ZaM&amp;idDivulgacao=10845&amp;filtro=abertas&amp;detalha=chamadaDetalhada&amp;id=47-2073-8256\" rel=\"noreferrer noopener\" target=\"_blank\">Chamada CNPq\/MCTI n\u00ba 55\/2022 &#8211; Sistema Amaz\u00f4nico de Laborat\u00f3rios Sat\u00e9lites (SALAS)<\/a><\/h3>\n\n\n\n<p>Selecionar propostas para apoio financeiro a projetos que visem contribuir significativamente para o desenvolvimento cient\u00edfico e tecnol\u00f3gico do pa\u00eds.<\/p>\n\n\n\n<p>Inscri\u00e7\u00f5es: 29\/07\/2022 a 13\/09\/2022<\/p>\n\n\n\n<h3 class=\"wp-block-heading\"><a href=\"http:\/\/memoria2.cnpq.br\/web\/guest\/chamadas-publicas?p_p_id=resultadosportlet_WAR_resultadoscnpqportlet_INSTANCE_0ZaM&amp;filtro=abertas&amp;detalha=chamadaDivulgada&amp;idDivulgacao=10849\" rel=\"noreferrer noopener\" target=\"_blank\">Chamada CNPq\/CT-Mineral\/CT-Energ N\u00ba 27\/2022 &#8211; PD para o desenvolvimento integral das cadeias produtivas de Minerais Estrat\u00e9gicos<\/a><\/h3>\n\n\n\n<p>Apoiar projetos de pesquisa que visem contribuir significativamente para o desenvolvimento cient\u00edfico e tecnol\u00f3gico e a inova\u00e7\u00e3o do Pa\u00eds, nas cadeias produtivas dos minerais estrat\u00e9gicos definidos nessa chamada.<\/p>\n\n\n\n<ul class=\"wp-block-list\"><li><a href=\"http:\/\/resultado.cnpq.br\/1172486595618890\" rel=\"noreferrer noopener\" target=\"_blank\">Perguntas Frequentes (Link para novo site)<\/a><\/li><\/ul>\n\n\n\n<p>Inscri\u00e7\u00f5es: 29\/07\/2022 a 14\/09\/2022<\/p>\n\n\n\n<h3 class=\"wp-block-heading\"><a href=\"http:\/\/memoria2.cnpq.br\/web\/guest\/chamadas-publicas?p_p_id=resultadosportlet_WAR_resultadoscnpqportlet_INSTANCE_0ZaM&amp;filtro=abertas&amp;detalha=chamadaDivulgada&amp;idDivulgacao=10846\" rel=\"noreferrer noopener\" target=\"_blank\">CHAMADA N\u00ba 58\/2022 &#8211; PROGRAMA INSTITUTOS NACIONAIS DE CI\u00caNCIA E TECNOLOGIA &#8211; INCT<\/a><\/h3>\n\n\n\n<p>Expandir o Programa Institutos Nacionais de Ci\u00eancia e Tecnologia (INCT) por meio de apoio a constitui\u00e7\u00e3o de novos INCTs a partir do fomento a propostas de pesquisa de alto impacto cient\u00edfico e tecnol\u00f3gico em \u00e1reas estrat\u00e9gicas e\/ou na fronteira do conhecimento, visando a solu\u00e7\u00e3o dos grandes desafios nacionais.<\/p>\n\n\n\n<p>Inscri\u00e7\u00f5es: 29\/07\/2022 a 09\/09\/2022<\/p>\n\n\n\n<h3 class=\"wp-block-heading\"><a href=\"http:\/\/memoria2.cnpq.br\/web\/guest\/chamadas-publicas?p_p_id=resultadosportlet_WAR_resultadoscnpqportlet_INSTANCE_0ZaM&amp;idDivulgacao=10825&amp;filtro=abertas&amp;detalha=chamadaDetalhada&amp;id=54-29-8185\" rel=\"noreferrer noopener\" target=\"_blank\">Chamada CNPq N\u00ba 12\/2022 &#8211; Programa Editorial<\/a><\/h3>\n\n\n\n<p>Apoiar propostas que visem incentivar a editora\u00e7\u00e3o e publica\u00e7\u00e3o de peri\u00f3dicos cient\u00edficos brasileiros de alta especializa\u00e7\u00e3o em todas as \u00e1reas de conhecimento, de forma a contribuir significativamente para o desenvolvimento cient\u00edfico e tecnol\u00f3gico e inova\u00e7\u00e3o do Pa\u00eds.<\/p>\n\n\n\n<ul class=\"wp-block-list\"><li><a href=\"http:\/\/resultado.cnpq.br\/1079785186847263\" rel=\"noreferrer noopener\" target=\"_blank\">Anexo I (Link para novo site)<\/a><\/li><\/ul>\n\n\n\n<p>Inscri\u00e7\u00f5es: 28\/07\/2022 a 13\/09\/2022<\/p>\n\n\n\n<h3 class=\"wp-block-heading\"><a href=\"http:\/\/memoria2.cnpq.br\/web\/guest\/chamadas-publicas?p_p_id=resultadosportlet_WAR_resultadoscnpqportlet_INSTANCE_0ZaM&amp;filtro=abertas&amp;detalha=chamadaDivulgada&amp;idDivulgacao=10826\" rel=\"noreferrer noopener\" target=\"_blank\">CHAMADA CNPQ\/MCTI\/FNDCT N\u00ba 41\/2022 &#8211; OLIMP\u00cdADAS CIENT\u00cdFICAS<\/a><\/h3>\n\n\n\n<p>Apoiar projetos que visem contribuir para o desenvolvimento cient\u00edfico e tecnol\u00f3gico e de inova\u00e7\u00e3o no Pa\u00eds, por meio da realiza\u00e7\u00e3o de Olimp\u00edadas Cientificas, em \u00e2mbito regional, nacional e internacional, em todas as \u00e1reas do conhecimento.<\/p>\n\n\n\n<p>Inscri\u00e7\u00f5es: 28\/07\/2022 a 11\/09\/2022<\/p>\n\n\n\n<h3 class=\"wp-block-heading\"><a href=\"http:\/\/memoria2.cnpq.br\/web\/guest\/chamadas-publicas?p_p_id=resultadosportlet_WAR_resultadoscnpqportlet_INSTANCE_0ZaM&amp;filtro=abertas&amp;detalha=chamadaDivulgada&amp;idDivulgacao=10827\" rel=\"noreferrer noopener\" target=\"_blank\">CHAMADA CNPQ\/MCTI\/FNDCT N\u00ba 39\/2022 &#8211; PROGRAMA DE APOIO A MUSEUS E CENTROS DE CI\u00caNCIA E TECNOLOGIA E A ESPA\u00c7OS CIENT\u00cdFICO-CULTURAIS<\/a><\/h3>\n\n\n\n<p>A presente chamada p\u00fablica tem por objetivo selecionar propostas para apoio financeiro a projetos que visem contribuir significativamente para o desenvolvimento cient\u00edfico e tecnol\u00f3gico do pa\u00eds.<\/p>\n\n\n\n<ul class=\"wp-block-list\"><li><a href=\"http:\/\/resultado.cnpq.br\/8414659945336184\" rel=\"noreferrer noopener\" target=\"_blank\">Perguntas Frequentes (Link para novo site)<\/a><\/li><\/ul>\n\n\n\n<p>Inscri\u00e7\u00f5es: 28\/07\/2022 a 12\/09\/2022<\/p>\n\n\n\n<h3 class=\"wp-block-heading\"><a href=\"http:\/\/memoria2.cnpq.br\/web\/guest\/chamadas-publicas?p_p_id=resultadosportlet_WAR_resultadoscnpqportlet_INSTANCE_0ZaM&amp;filtro=abertas&amp;detalha=chamadaDivulgada&amp;idDivulgacao=10805\" rel=\"noreferrer noopener\" target=\"_blank\">CHAMADA CNPQ\/MS-SCTIE-DECIT N\u00ba 50\/2022 &#8211; APOIO A PROJETOS DE PESQUISA, DESENVOLVIMENTO E INOVA\u00c7\u00c3O (PD) QUE VISEM O DESENVOLVIMENTO DE TESTES GEN\u00c9TICOS E DE BI\u00d3PSIA L\u00cdQUIDA APLICADOS \u00c0 SA\u00daDE HUMANA<\/a><\/h3>\n\n\n\n<p>Apoiar Projetos de Pesquisa, Desenvolvimento e Inova\u00e7\u00e3o (PD) que visem o desenvolvimento de testes gen\u00e9ticos e de bi\u00f3psia l\u00edquida aplicados \u00e0 sa\u00fade humana.<\/p>\n\n\n\n<ul class=\"wp-block-list\"><li><a href=\"http:\/\/resultado.cnpq.br\/6871461514401424\" rel=\"noreferrer noopener\" target=\"_blank\">Anexo Testes Gen\u00e9ticos (Link para novo site)<\/a><\/li><\/ul>\n\n\n\n<p>Inscri\u00e7\u00f5es: 26\/07\/2022 a 09\/09\/2022<\/p>\n\n\n\n<h3 class=\"wp-block-heading\"><a href=\"http:\/\/memoria2.cnpq.br\/web\/guest\/chamadas-publicas?p_p_id=resultadosportlet_WAR_resultadoscnpqportlet_INSTANCE_0ZaM&amp;filtro=abertas&amp;detalha=chamadaDivulgada&amp;idDivulgacao=10786\" rel=\"noreferrer noopener\" target=\"_blank\">CHAMADA CNPQ\/DECIT\/SCTIE\/MS No. 48\/2022 PARA ESTUDOS DE AVALIA\u00c7\u00d5ES EXECUTIVAS DE POL\u00cdTICAS P\u00daBLICAS DE SA\u00daDE<\/a><\/h3>\n\n\n\n<p>Apoiar pesquisas que contribuam significativamente para o desenvolvimento cient\u00edfico e tecnol\u00f3gico e a inova\u00e7\u00e3o do Pa\u00eds e realizem avalia\u00e7\u00f5es executivas de pol\u00edticas p\u00fablicas nas \u00e1reas de Urg\u00eancia e Emerg\u00eancia, Preven\u00e7\u00e3o e Controle do C\u00e2ncer, Pessoa com Defici\u00eancia e Sangue e Hemoderivados, de modo a gerar informa\u00e7\u00f5es relevantes e estrat\u00e9gicas para os gestores do Sistema \u00danico de Sa\u00fade (SUS).<\/p>\n\n\n\n<p>Inscri\u00e7\u00f5es: 18\/07\/2022 a 01\/09\/2022<\/p>\n\n\n\n<h3 class=\"wp-block-heading\"><a href=\"http:\/\/memoria2.cnpq.br\/web\/guest\/chamadas-publicas?p_p_id=resultadosportlet_WAR_resultadoscnpqportlet_INSTANCE_0ZaM&amp;filtro=abertas&amp;detalha=chamadaDivulgada&amp;idDivulgacao=10923\" rel=\"noreferrer noopener\" target=\"_blank\">Chamada 47\/2022 CNPq\/Decit\/SCTIE\/MS Sa\u00fade Ambiental &#8211; Pesquisas sobre a exposi\u00e7\u00e3o de popula\u00e7\u00f5es vulner\u00e1veis ao merc\u00fario na regi\u00e3o Amaz\u00f4nica<\/a><\/h3>\n\n\n\n<p>Apoiar projetos de pesquisa cient\u00edfica, tecnol\u00f3gica, de desenvolvimento ou inova\u00e7\u00e3o em sa\u00fade que visem atender aos preceitos do eixo 6 do Plano Setorial de Implementa\u00e7\u00e3o da Conven\u00e7\u00e3o de Minamata sobre merc\u00fario.<\/p>\n\n\n\n<p>Inscri\u00e7\u00f5es: 01\/08\/2022 a 15\/09\/2022<\/p>\n\n\n\n<h3 class=\"wp-block-heading\"><a href=\"http:\/\/memoria2.cnpq.br\/web\/guest\/chamadas-publicas?p_p_id=resultadosportlet_WAR_resultadoscnpqportlet_INSTANCE_0ZaM&amp;filtro=abertas&amp;detalha=chamadaDivulgada&amp;idDivulgacao=10897\" rel=\"noreferrer noopener\" target=\"_blank\">CHAMADA CT-PETRO N\u00ba 16\/2022 &#8211; APLICA\u00c7\u00d5ES DE PD EM PROSPEC\u00c7\u00c3O E EXPLORA\u00c7\u00c3O DE RECURSOS MINERAIS E DE PETR\u00d3LEO G\u00c1S NATURAL<\/a><\/h3>\n\n\n\n<p>Apoiar projetos de pesquisa que visem contribuir significativamente para o desenvolvimento cient\u00edfico e tecnol\u00f3gico e a inova\u00e7\u00e3o do Pa\u00eds, na \u00e1rea de Aplica\u00e7\u00f5es de PD em prospec\u00e7\u00e3o e explora\u00e7\u00e3o de recursos minerais e de petr\u00f3leo g\u00e1s natural.<\/p>\n\n\n\n<p>Inscri\u00e7\u00f5es: 02\/08\/2022 a 02\/09\/2022<\/p>\n\n\n\n<h3 class=\"wp-block-heading\"><a href=\"http:\/\/memoria2.cnpq.br\/web\/guest\/chamadas-publicas?p_p_id=resultadosportlet_WAR_resultadoscnpqportlet_INSTANCE_0ZaM&amp;filtro=abertas&amp;detalha=chamadaDivulgada&amp;idDivulgacao=10924\" rel=\"noreferrer noopener\" target=\"_blank\">Chamada CNPq\/MS\/SCTIE\/DECIT N\u00ba 45\/2022 &#8211; SA\u00daDE MENTAL<\/a><\/h3>\n\n\n\n<p>Apoiar projetos de pesquisa que visem contribuir significativamente para o aperfei\u00e7oamento da Pol\u00edtica Nacional de Sa\u00fade Mental, com foco na Rede de Aten\u00e7\u00e3o Psicossocial (RAPS), transtornos mentais, suic\u00eddio e fatores associados ao desenvolvimento de sofrimentos psicossociais relacionados ao trabalho.<\/p>\n\n\n\n<ul class=\"wp-block-list\"><li><a href=\"http:\/\/resultado.cnpq.br\/3450205157693590\" rel=\"noreferrer noopener\" target=\"_blank\">Anexo I &#8211; Modelo (Link para novo site)<\/a><\/li><\/ul>\n\n\n\n<p>Inscri\u00e7\u00f5es: 02\/08\/2022 a 16\/09\/2022<\/p>\n\n\n\n<h3 class=\"wp-block-heading\"><a href=\"http:\/\/memoria2.cnpq.br\/web\/guest\/chamadas-publicas?p_p_id=resultadosportlet_WAR_resultadoscnpqportlet_INSTANCE_0ZaM&amp;filtro=abertas&amp;detalha=chamadaDivulgada&amp;idDivulgacao=10922\" rel=\"noreferrer noopener\" target=\"_blank\">Chamada CNPq\/Decit-SCTIE-MS\/COCAM-CGCIVI-DAPESSAPS\/MS N\u00ba 46\/2022 &#8211; Sa\u00fade da Crian\u00e7a<\/a><\/h3>\n\n\n\n<p>Apoiar projetos de pesquisa que visem contribuir significativamente para o desenvolvimento cient\u00edfico e tecnol\u00f3gico e a inova\u00e7\u00e3o do Pa\u00eds, na \u00e1rea da sa\u00fade da crian\u00e7a: cuidado neonatal, aleitamento materno e alimenta\u00e7\u00e3o, puericultura e pr\u00e1ticas parentais.<\/p>\n\n\n\n<p>Al\u00e9m disso, a Chamada visa fazer a aproxima\u00e7\u00e3o entre o conhecimento cient\u00edfico e a gest\u00e3o p\u00fablica por meio de estrat\u00e9gias inovadoras e efetivas de comunica\u00e7\u00e3o, possibilitando contribuir significativamente para o desenvolvimento cient\u00edfico, tecnol\u00f3gico e inova\u00e7\u00e3o do pa\u00eds, no intuito de proporcionar um conhecimento mais amplo sobre tem\u00e1ticas que abordam a sa\u00fade da crian\u00e7a no Brasil, contribuindo para a tomada de decis\u00e3o e aprimoramento da Pol\u00edtica Nacional de Aten\u00e7\u00e3o Integral \u00e0 Sa\u00fade da Crian\u00e7a (PNAISC).<\/p>\n\n\n\n<p>Inscri\u00e7\u00f5es: 02\/08\/2022 a 16\/09\/2022<\/p>\n\n\n\n<h3 class=\"wp-block-heading\"><a href=\"http:\/\/memoria2.cnpq.br\/web\/guest\/chamadas-publicas?p_p_id=resultadosportlet_WAR_resultadoscnpqportlet_INSTANCE_0ZaM&amp;filtro=abertas&amp;detalha=chamadaDivulgada&amp;idDivulgacao=10921\" rel=\"noreferrer noopener\" target=\"_blank\">Chamada CNPq\/MCTI\/FNDCT N\u00ba 36\/2022 &#8211; Do Parque da Ci\u00eancia \u00e0 Explora\u00e7\u00e3o Espacial, Astronomia e Astron\u00e1utica &#8211; Exposi\u00e7\u00f5es Itinerantes, Populariza\u00e7\u00e3o e Interioriza\u00e7\u00e3o da Ci\u00eancia<\/a><\/h3>\n\n\n\n<p>Apoiar projetos de exposi\u00e7\u00f5es itinerantes e a\u00e7\u00f5es de populariza\u00e7\u00e3o da Astronomia e Explora\u00e7\u00e3o Espacial, que estimulem a curiosidade cient\u00edfica e o pensamento cr\u00edtico, contribuindo para a divulga\u00e7\u00e3o do conhecimento, considerando as especificidades locais\/regionais e extrair os poss\u00edveis impactos dessa experi\u00eancia, a partir da percep\u00e7\u00e3o da popula\u00e7\u00e3o sobre a hist\u00f3ria da explora\u00e7\u00e3o espacial e assuntos ligados \u00e0 Astronomia e Astron\u00e1utica.<\/p>\n\n\n\n<ul class=\"wp-block-list\"><li><a href=\"http:\/\/resultado.cnpq.br\/5152886646286872\" rel=\"noreferrer noopener\" target=\"_blank\">Perguntas Frequentes (Link para novo site)<\/a><\/li><li><a href=\"http:\/\/resultado.cnpq.br\/4105119745809617\" rel=\"noreferrer noopener\" target=\"_blank\">Anexo I (Link para novo site)<\/a><\/li><\/ul>\n\n\n\n<p>Inscri\u00e7\u00f5es: 02\/08\/2022 a 16\/09\/2022<\/p>\n","protected":false},"excerpt":{"rendered":"<p>A Pr\u00f3-Reitoria de Pesquisa e P\u00f3s-Gradua\u00e7\u00e3o da UENF (ProPPG) informa os Editais abertos do CNPq: Chamada CNPq\/MCTI\/FNDCT N\u00ba 14\/2022 &#8211; Desenvolvimento de CT&amp;I para os Setores de Transporte Aquavi\u00e1rio e Constru\u00e7\u00e3o Naval Apoiar projetos de pesquisa que visem contribuir significativamente para o desenvolvimento cient\u00edfico e tecnol\u00f3gico e a inova\u00e7\u00e3o do Pa\u00eds, na \u00e1rea de Transporte [&hellip;]<\/p>\n","protected":false},"author":1,"featured_media":0,"comment_status":"closed","ping_status":"closed","sticky":false,"template":"","format":"standard","meta":{"_eb_attr":"","ocean_post_layout":"","ocean_both_sidebars_style":"","ocean_both_sidebars_content_width":0,"ocean_both_sidebars_sidebars_width":0,"ocean_sidebar":"","ocean_second_sidebar":"","ocean_disable_margins":"enable","ocean_add_body_class":"","ocean_shortcode_before_top_bar":"","ocean_shortcode_after_top_bar":"","ocean_shortcode_before_header":"","ocean_shortcode_after_header":"","ocean_has_shortcode":"","ocean_shortcode_after_title":"","ocean_shortcode_before_footer_widgets":"","ocean_shortcode_after_footer_widgets":"","ocean_shortcode_before_footer_bottom":"","ocean_shortcode_after_footer_bottom":"","ocean_display_top_bar":"default","ocean_display_header":"default","ocean_header_style":"","ocean_center_header_left_menu":"","ocean_custom_header_template":"","ocean_custom_logo":0,"ocean_custom_retina_logo":0,"ocean_custom_logo_max_width":0,"ocean_custom_logo_tablet_max_width":0,"ocean_custom_logo_mobile_max_width":0,"ocean_custom_logo_max_height":0,"ocean_custom_logo_tablet_max_height":0,"ocean_custom_logo_mobile_max_height":0,"ocean_header_custom_menu":"","ocean_menu_typo_font_family":"","ocean_menu_typo_font_subset":"","ocean_menu_typo_font_size":0,"ocean_menu_typo_font_size_tablet":0,"ocean_menu_typo_font_size_mobile":0,"ocean_menu_typo_font_size_unit":"px","ocean_menu_typo_font_weight":"","ocean_menu_typo_font_weight_tablet":"","ocean_menu_typo_font_weight_mobile":"","ocean_menu_typo_transform":"","ocean_menu_typo_transform_tablet":"","ocean_menu_typo_transform_mobile":"","ocean_menu_typo_line_height":0,"ocean_menu_typo_line_height_tablet":0,"ocean_menu_typo_line_height_mobile":0,"ocean_menu_typo_line_height_unit":"","ocean_menu_typo_spacing":0,"ocean_menu_typo_spacing_tablet":0,"ocean_menu_typo_spacing_mobile":0,"ocean_menu_typo_spacing_unit":"","ocean_menu_link_color":"","ocean_menu_link_color_hover":"","ocean_menu_link_color_active":"","ocean_menu_link_background":"","ocean_menu_link_hover_background":"","ocean_menu_link_active_background":"","ocean_menu_social_links_bg":"","ocean_menu_social_hover_links_bg":"","ocean_menu_social_links_color":"","ocean_menu_social_hover_links_color":"","ocean_disable_title":"default","ocean_disable_heading":"default","ocean_post_title":"","ocean_post_subheading":"","ocean_post_title_style":"","ocean_post_title_background_color":"","ocean_post_title_background":0,"ocean_post_title_bg_image_position":"","ocean_post_title_bg_image_attachment":"","ocean_post_title_bg_image_repeat":"","ocean_post_title_bg_image_size":"","ocean_post_title_height":0,"ocean_post_title_bg_overlay":0.5,"ocean_post_title_bg_overlay_color":"","ocean_disable_breadcrumbs":"default","ocean_breadcrumbs_color":"","ocean_breadcrumbs_separator_color":"","ocean_breadcrumbs_links_color":"","ocean_breadcrumbs_links_hover_color":"","ocean_display_footer_widgets":"default","ocean_display_footer_bottom":"default","ocean_custom_footer_template":"","ocean_post_oembed":"","ocean_post_self_hosted_media":"","ocean_post_video_embed":"","ocean_link_format":"","ocean_link_format_target":"self","ocean_quote_format":"","ocean_quote_format_link":"post","ocean_gallery_link_images":"off","ocean_gallery_id":[],"footnotes":""},"categories":[7],"tags":[],"class_list":["post-14928","post","type-post","status-publish","format-standard","hentry","category-informes-internos","entry"],"yoast_head":"<!-- This site is optimized with the Yoast SEO plugin v26.5 - https:\/\/yoast.com\/wordpress\/plugins\/seo\/ -->\n<title>ProPPG informa editais abertos do CNPq - UENF - Universidade Estadual do Norte Fluminense Darcy Ribeiro<\/title>\n<meta name=\"robots\" content=\"noindex, follow, max-snippet:-1, max-image-preview:large, max-video-preview:-1\" \/>\n<meta property=\"og:locale\" content=\"pt_BR\" \/>\n<meta property=\"og:type\" content=\"article\" \/>\n<meta property=\"og:title\" content=\"ProPPG informa editais abertos do CNPq - UENF - Universidade Estadual do Norte Fluminense Darcy Ribeiro\" \/>\n<meta property=\"og:description\" content=\"A Pr\u00f3-Reitoria de Pesquisa e P\u00f3s-Gradua\u00e7\u00e3o da UENF (ProPPG) informa os Editais abertos do CNPq: Chamada CNPq\/MCTI\/FNDCT N\u00ba 14\/2022 &#8211; Desenvolvimento de CT&amp;I para os Setores de Transporte Aquavi\u00e1rio e Constru\u00e7\u00e3o Naval Apoiar projetos de pesquisa que visem contribuir significativamente para o desenvolvimento cient\u00edfico e tecnol\u00f3gico e a inova\u00e7\u00e3o do Pa\u00eds, na \u00e1rea de Transporte [&hellip;]\" \/>\n<meta property=\"og:url\" content=\"https:\/\/portal1.uenf.br\/portal\/informes-internos\/proppg-informa-editais-abertos-do-cnpq\/\" \/>\n<meta property=\"og:site_name\" content=\"UENF - Universidade Estadual do Norte Fluminense Darcy Ribeiro\" \/>\n<meta property=\"article:published_time\" content=\"2022-08-08T19:22:36+00:00\" \/>\n<meta name=\"author\" content=\"admin\" \/>\n<meta name=\"twitter:card\" content=\"summary_large_image\" \/>\n<meta name=\"twitter:label1\" content=\"Escrito por\" \/>\n\t<meta name=\"twitter:data1\" content=\"admin\" \/>\n\t<meta name=\"twitter:label2\" content=\"Est. tempo de leitura\" \/>\n\t<meta name=\"twitter:data2\" content=\"7 minutos\" \/>\n<script type=\"application\/ld+json\" class=\"yoast-schema-graph\">{\"@context\":\"https:\/\/schema.org\",\"@graph\":[{\"@type\":\"Article\",\"@id\":\"https:\/\/portal1.uenf.br\/portal\/informes-internos\/proppg-informa-editais-abertos-do-cnpq\/#article\",\"isPartOf\":{\"@id\":\"https:\/\/portal1.uenf.br\/portal\/informes-internos\/proppg-informa-editais-abertos-do-cnpq\/\"},\"author\":{\"name\":\"admin\",\"@id\":\"https:\/\/portal1.uenf.br\/portal\/#\/schema\/person\/068abbf03b6f8478c845bc8ded9270c7\"},\"headline\":\"ProPPG informa editais abertos do CNPq\",\"datePublished\":\"2022-08-08T19:22:36+00:00\",\"mainEntityOfPage\":{\"@id\":\"https:\/\/portal1.uenf.br\/portal\/informes-internos\/proppg-informa-editais-abertos-do-cnpq\/\"},\"wordCount\":1325,\"publisher\":{\"@id\":\"https:\/\/portal1.uenf.br\/portal\/#organization\"},\"articleSection\":[\"informes internos\"],\"inLanguage\":\"pt-BR\"},{\"@type\":\"WebPage\",\"@id\":\"https:\/\/portal1.uenf.br\/portal\/informes-internos\/proppg-informa-editais-abertos-do-cnpq\/\",\"url\":\"https:\/\/portal1.uenf.br\/portal\/informes-internos\/proppg-informa-editais-abertos-do-cnpq\/\",\"name\":\"ProPPG informa editais abertos do CNPq - UENF - Universidade Estadual do Norte Fluminense Darcy Ribeiro\",\"isPartOf\":{\"@id\":\"https:\/\/portal1.uenf.br\/portal\/#website\"},\"datePublished\":\"2022-08-08T19:22:36+00:00\",\"breadcrumb\":{\"@id\":\"https:\/\/portal1.uenf.br\/portal\/informes-internos\/proppg-informa-editais-abertos-do-cnpq\/#breadcrumb\"},\"inLanguage\":\"pt-BR\",\"potentialAction\":[{\"@type\":\"ReadAction\",\"target\":[\"https:\/\/portal1.uenf.br\/portal\/informes-internos\/proppg-informa-editais-abertos-do-cnpq\/\"]}]},{\"@type\":\"BreadcrumbList\",\"@id\":\"https:\/\/portal1.uenf.br\/portal\/informes-internos\/proppg-informa-editais-abertos-do-cnpq\/#breadcrumb\",\"itemListElement\":[{\"@type\":\"ListItem\",\"position\":1,\"name\":\"In\u00edcio\",\"item\":\"https:\/\/portal1.uenf.br\/portal\/\"},{\"@type\":\"ListItem\",\"position\":2,\"name\":\"ProPPG informa editais abertos do CNPq\"}]},{\"@type\":\"WebSite\",\"@id\":\"https:\/\/portal1.uenf.br\/portal\/#website\",\"url\":\"https:\/\/portal1.uenf.br\/portal\/\",\"name\":\"UENF - Universidade Estadual do Norte Fluminense Darcy Ribeiro\",\"description\":\"\",\"publisher\":{\"@id\":\"https:\/\/portal1.uenf.br\/portal\/#organization\"},\"potentialAction\":[{\"@type\":\"SearchAction\",\"target\":{\"@type\":\"EntryPoint\",\"urlTemplate\":\"https:\/\/portal1.uenf.br\/portal\/?s={search_term_string}\"},\"query-input\":{\"@type\":\"PropertyValueSpecification\",\"valueRequired\":true,\"valueName\":\"search_term_string\"}}],\"inLanguage\":\"pt-BR\"},{\"@type\":\"Organization\",\"@id\":\"https:\/\/portal1.uenf.br\/portal\/#organization\",\"name\":\"UENF - Universidade Estadual do Norte Fluminense Darcy Ribeiro\",\"url\":\"https:\/\/portal1.uenf.br\/portal\/\",\"logo\":{\"@type\":\"ImageObject\",\"inLanguage\":\"pt-BR\",\"@id\":\"https:\/\/portal1.uenf.br\/portal\/#\/schema\/logo\/image\/\",\"url\":\"https:\/\/portal1.uenf.br\/portal\/wp-content\/uploads\/2018\/06\/logo-uenf-invertido-1.png\",\"contentUrl\":\"https:\/\/portal1.uenf.br\/portal\/wp-content\/uploads\/2018\/06\/logo-uenf-invertido-1.png\",\"width\":482,\"height\":83,\"caption\":\"UENF - Universidade Estadual do Norte Fluminense Darcy Ribeiro\"},\"image\":{\"@id\":\"https:\/\/portal1.uenf.br\/portal\/#\/schema\/logo\/image\/\"}},{\"@type\":\"Person\",\"@id\":\"https:\/\/portal1.uenf.br\/portal\/#\/schema\/person\/068abbf03b6f8478c845bc8ded9270c7\",\"name\":\"admin\",\"image\":{\"@type\":\"ImageObject\",\"inLanguage\":\"pt-BR\",\"@id\":\"https:\/\/portal1.uenf.br\/portal\/#\/schema\/person\/image\/\",\"url\":\"https:\/\/secure.gravatar.com\/avatar\/e5ecf9e4fae0742f4b136f518195bafa7b2d3f7c709f4bdc6707588ef68a6e25?s=96&d=mm&r=g\",\"contentUrl\":\"https:\/\/secure.gravatar.com\/avatar\/e5ecf9e4fae0742f4b136f518195bafa7b2d3f7c709f4bdc6707588ef68a6e25?s=96&d=mm&r=g\",\"caption\":\"admin\"},\"sameAs\":[\"https:\/\/portal1.uenf.br\/portal\"],\"url\":\"https:\/\/portal1.uenf.br\/portal\/author\/edson\/\"}]}<\/script>\n<!-- \/ Yoast SEO plugin. -->","yoast_head_json":{"title":"ProPPG informa editais abertos do CNPq - UENF - Universidade Estadual do Norte Fluminense Darcy Ribeiro","robots":{"index":"noindex","follow":"follow","max-snippet":"max-snippet:-1","max-image-preview":"max-image-preview:large","max-video-preview":"max-video-preview:-1"},"og_locale":"pt_BR","og_type":"article","og_title":"ProPPG informa editais abertos do CNPq - UENF - Universidade Estadual do Norte Fluminense Darcy Ribeiro","og_description":"A Pr\u00f3-Reitoria de Pesquisa e P\u00f3s-Gradua\u00e7\u00e3o da UENF (ProPPG) informa os Editais abertos do CNPq: Chamada CNPq\/MCTI\/FNDCT N\u00ba 14\/2022 &#8211; Desenvolvimento de CT&amp;I para os Setores de Transporte Aquavi\u00e1rio e Constru\u00e7\u00e3o Naval Apoiar projetos de pesquisa que visem contribuir significativamente para o desenvolvimento cient\u00edfico e tecnol\u00f3gico e a inova\u00e7\u00e3o do Pa\u00eds, na \u00e1rea de Transporte [&hellip;]","og_url":"https:\/\/portal1.uenf.br\/portal\/informes-internos\/proppg-informa-editais-abertos-do-cnpq\/","og_site_name":"UENF - Universidade Estadual do Norte Fluminense Darcy Ribeiro","article_published_time":"2022-08-08T19:22:36+00:00","author":"admin","twitter_card":"summary_large_image","twitter_misc":{"Escrito por":"admin","Est. tempo de leitura":"7 minutos"},"schema":{"@context":"https:\/\/schema.org","@graph":[{"@type":"Article","@id":"https:\/\/portal1.uenf.br\/portal\/informes-internos\/proppg-informa-editais-abertos-do-cnpq\/#article","isPartOf":{"@id":"https:\/\/portal1.uenf.br\/portal\/informes-internos\/proppg-informa-editais-abertos-do-cnpq\/"},"author":{"name":"admin","@id":"https:\/\/portal1.uenf.br\/portal\/#\/schema\/person\/068abbf03b6f8478c845bc8ded9270c7"},"headline":"ProPPG informa editais abertos do CNPq","datePublished":"2022-08-08T19:22:36+00:00","mainEntityOfPage":{"@id":"https:\/\/portal1.uenf.br\/portal\/informes-internos\/proppg-informa-editais-abertos-do-cnpq\/"},"wordCount":1325,"publisher":{"@id":"https:\/\/portal1.uenf.br\/portal\/#organization"},"articleSection":["informes internos"],"inLanguage":"pt-BR"},{"@type":"WebPage","@id":"https:\/\/portal1.uenf.br\/portal\/informes-internos\/proppg-informa-editais-abertos-do-cnpq\/","url":"https:\/\/portal1.uenf.br\/portal\/informes-internos\/proppg-informa-editais-abertos-do-cnpq\/","name":"ProPPG informa editais abertos do CNPq - UENF - Universidade Estadual do Norte Fluminense Darcy Ribeiro","isPartOf":{"@id":"https:\/\/portal1.uenf.br\/portal\/#website"},"datePublished":"2022-08-08T19:22:36+00:00","breadcrumb":{"@id":"https:\/\/portal1.uenf.br\/portal\/informes-internos\/proppg-informa-editais-abertos-do-cnpq\/#breadcrumb"},"inLanguage":"pt-BR","potentialAction":[{"@type":"ReadAction","target":["https:\/\/portal1.uenf.br\/portal\/informes-internos\/proppg-informa-editais-abertos-do-cnpq\/"]}]},{"@type":"BreadcrumbList","@id":"https:\/\/portal1.uenf.br\/portal\/informes-internos\/proppg-informa-editais-abertos-do-cnpq\/#breadcrumb","itemListElement":[{"@type":"ListItem","position":1,"name":"In\u00edcio","item":"https:\/\/portal1.uenf.br\/portal\/"},{"@type":"ListItem","position":2,"name":"ProPPG informa editais abertos do CNPq"}]},{"@type":"WebSite","@id":"https:\/\/portal1.uenf.br\/portal\/#website","url":"https:\/\/portal1.uenf.br\/portal\/","name":"UENF - Universidade Estadual do Norte Fluminense Darcy Ribeiro","description":"","publisher":{"@id":"https:\/\/portal1.uenf.br\/portal\/#organization"},"potentialAction":[{"@type":"SearchAction","target":{"@type":"EntryPoint","urlTemplate":"https:\/\/portal1.uenf.br\/portal\/?s={search_term_string}"},"query-input":{"@type":"PropertyValueSpecification","valueRequired":true,"valueName":"search_term_string"}}],"inLanguage":"pt-BR"},{"@type":"Organization","@id":"https:\/\/portal1.uenf.br\/portal\/#organization","name":"UENF - Universidade Estadual do Norte Fluminense Darcy Ribeiro","url":"https:\/\/portal1.uenf.br\/portal\/","logo":{"@type":"ImageObject","inLanguage":"pt-BR","@id":"https:\/\/portal1.uenf.br\/portal\/#\/schema\/logo\/image\/","url":"https:\/\/portal1.uenf.br\/portal\/wp-content\/uploads\/2018\/06\/logo-uenf-invertido-1.png","contentUrl":"https:\/\/portal1.uenf.br\/portal\/wp-content\/uploads\/2018\/06\/logo-uenf-invertido-1.png","width":482,"height":83,"caption":"UENF - Universidade Estadual do Norte Fluminense Darcy Ribeiro"},"image":{"@id":"https:\/\/portal1.uenf.br\/portal\/#\/schema\/logo\/image\/"}},{"@type":"Person","@id":"https:\/\/portal1.uenf.br\/portal\/#\/schema\/person\/068abbf03b6f8478c845bc8ded9270c7","name":"admin","image":{"@type":"ImageObject","inLanguage":"pt-BR","@id":"https:\/\/portal1.uenf.br\/portal\/#\/schema\/person\/image\/","url":"https:\/\/secure.gravatar.com\/avatar\/e5ecf9e4fae0742f4b136f518195bafa7b2d3f7c709f4bdc6707588ef68a6e25?s=96&d=mm&r=g","contentUrl":"https:\/\/secure.gravatar.com\/avatar\/e5ecf9e4fae0742f4b136f518195bafa7b2d3f7c709f4bdc6707588ef68a6e25?s=96&d=mm&r=g","caption":"admin"},"sameAs":["https:\/\/portal1.uenf.br\/portal"],"url":"https:\/\/portal1.uenf.br\/portal\/author\/edson\/"}]}},"_links":{"self":[{"href":"https:\/\/portal1.uenf.br\/portal\/wp-json\/wp\/v2\/posts\/14928","targetHints":{"allow":["GET"]}}],"collection":[{"href":"https:\/\/portal1.uenf.br\/portal\/wp-json\/wp\/v2\/posts"}],"about":[{"href":"https:\/\/portal1.uenf.br\/portal\/wp-json\/wp\/v2\/types\/post"}],"author":[{"embeddable":true,"href":"https:\/\/portal1.uenf.br\/portal\/wp-json\/wp\/v2\/users\/1"}],"replies":[{"embeddable":true,"href":"https:\/\/portal1.uenf.br\/portal\/wp-json\/wp\/v2\/comments?post=14928"}],"version-history":[{"count":0,"href":"https:\/\/portal1.uenf.br\/portal\/wp-json\/wp\/v2\/posts\/14928\/revisions"}],"wp:attachment":[{"href":"https:\/\/portal1.uenf.br\/portal\/wp-json\/wp\/v2\/media?parent=14928"}],"wp:term":[{"taxonomy":"category","embeddable":true,"href":"https:\/\/portal1.uenf.br\/portal\/wp-json\/wp\/v2\/categories?post=14928"},{"taxonomy":"post_tag","embeddable":true,"href":"https:\/\/portal1.uenf.br\/portal\/wp-json\/wp\/v2\/tags?post=14928"}],"curies":[{"name":"wp","href":"https:\/\/api.w.org\/{rel}","templated":true}]}}