{"id":14899,"date":"2022-08-04T15:10:27","date_gmt":"2022-08-04T18:10:27","guid":{"rendered":"https:\/\/uenf.br\/portal\/?p=14899"},"modified":"2022-08-04T15:10:27","modified_gmt":"2022-08-04T18:10:27","slug":"proppg-informa-editais-da-finep-em-aberto","status":"publish","type":"post","link":"https:\/\/portal1.uenf.br\/portal\/informes-internos\/proppg-informa-editais-da-finep-em-aberto\/","title":{"rendered":"ProPPG informa Editais da Finep em aberto"},"content":{"rendered":"\n<p>A Pr\u00f3-Reitoria de Pesquisa e P\u00f3s-Gradua\u00e7\u00e3o (PROPPG) informa os Editais de fomento \u00e0 pesquisa da FINEP em aberto:<\/p>\n\n\n\n<p><strong>DOEN\u00c7AS RARAS<\/strong><\/p>\n\n\n\n<p>TEM\u00c1TICA:&nbsp;Sa\u00fade<\/p>\n\n\n\n<p>OBJETIVO:&nbsp;conceder recursos financeiros n\u00e3o-reembols\u00e1veis para pesquisa, desenvolvimento tecnol\u00f3gico e inova\u00e7\u00e3o, em projetos que envolvam risco tecnol\u00f3gico para o diagn\u00f3stico, tratamento e reabilita\u00e7\u00e3o de pessoas com Doen\u00e7as Raras (DR), a fim de reduzir a incapacidade causada por essas doen\u00e7as, contribuir para a melhoria da qualidade de vida das pessoas com doen\u00e7as raras e melhorar o acesso aos servi\u00e7os de sa\u00fade e \u00e0 informa\u00e7\u00e3o.<\/p>\n\n\n\n<p>P\u00daBLICO-ALVO:&nbsp;Institui\u00e7\u00f5es Cient\u00edficas e Tecnol\u00f3gicas e empresas.<\/p>\n\n\n\n<p>CRIT\u00c9RIOS DE ELEGIBILIDADE:<\/p>\n\n\n\n<ul class=\"wp-block-list\"><li>As propostas dever\u00e3o ser apresentadas em arranjo institucional composto por uma \u00fanica Institui\u00e7\u00e3o Proponente (convenente), que ser\u00e1 respons\u00e1vel pelo gerenciamento e execu\u00e7\u00e3o financeira do projeto, e por pelo menos uma ICT Executora, que ser\u00e1 respons\u00e1vel pela coordena\u00e7\u00e3o e execu\u00e7\u00e3o t\u00e9cnica do projeto.<\/li><\/ul>\n\n\n\n<p>DATA DE PUBLICA\u00c7\u00c3O:&nbsp;29\/07\/2022<\/p>\n\n\n\n<p>PRAZO PARA ENVIO DE PROPOSTAS:&nbsp;at\u00e9 08\/09\/2022<\/p>\n\n\n\n<p>FONTE DE RECURSO:\u00a0FNDCT<\/p>\n\n\n\n<p>Mais informa\u00e7\u00f5es<strong> <a href=\"http:\/\/www.finep.gov.br\/chamadas-publicas\/chamadapublica\/704\" target=\"_blank\" rel=\"noreferrer noopener\">AQUI.<\/a><\/strong><\/p>\n\n\n\n<p><\/p>\n\n\n\n<p><strong>TECNOLOGIAS DE EXPLORA\u00c7\u00c3O E PRODU\u00c7\u00c3O OFFSHORE<\/strong><\/p>\n\n\n\n<p>TEM\u00c1TICA:&nbsp;Petr\u00f3leo, g\u00e1s e etanol<\/p>\n\n\n\n<p>OBJETIVO:&nbsp;conceder recursos financeiros n\u00e3o reembols\u00e1veis para ICTs, inclusive em projetos cooperativos ICT-Empresa, para pesquisa, desenvolvimento tecnol\u00f3gico e inova\u00e7\u00e3o em projetos de desenvolvimento de tecnologias em Explora\u00e7\u00e3o e Produ\u00e7\u00e3o Offshore de petr\u00f3leo e g\u00e1s, em especial as tecnologias submarinas, e de outros f\u00f3sseis n\u00e3o convencionais.<\/p>\n\n\n\n<p>P\u00daBLICO-ALVO:&nbsp;Institui\u00e7\u00f5es Cient\u00edficas e Tecnol\u00f3gicas (funda\u00e7\u00f5es).<\/p>\n\n\n\n<p>CRIT\u00c9RIOS DE ELEGIBILIDADE:<\/p>\n\n\n\n<ul class=\"wp-block-list\"><li>As propostas dever\u00e3o ser apresentadas em arranjo institucional composto por uma \u00fanica Institui\u00e7\u00e3o Proponente (convenente), que ser\u00e1 respons\u00e1vel pelo gerenciamento e execu\u00e7\u00e3o financeira do projeto e por pelo menos uma ICT Executora, que ser\u00e1 respons\u00e1vel pela coordena\u00e7\u00e3o e execu\u00e7\u00e3o t\u00e9cnica do projeto e, opcionalmente, por uma empresa parceira (interveniente cofinanciadora).<\/li><\/ul>\n\n\n\n<p>DATA DE PUBLICA\u00c7\u00c3O:&nbsp;15\/07\/2022<\/p>\n\n\n\n<p>PRAZO PARA ENVIO DE PROPOSTAS:&nbsp;at\u00e9 09\/09\/2022<\/p>\n\n\n\n<p>FONTE DE RECURSO:\u00a0FNDCT<\/p>\n\n\n\n<p>Mais informa\u00e7\u00f5es <strong><a href=\"http:\/\/www.finep.gov.br\/chamadas-publicas\/chamadapublica\/694\" target=\"_blank\" rel=\"noreferrer noopener\">AQUI<\/a><\/strong>. <\/p>\n\n\n\n<p><\/p>\n\n\n\n<p><strong>DESENVOLVIMENTO DE APLICA\u00c7\u00d5ES EM REDES 5G PRIVADAS<\/strong><\/p>\n\n\n\n<p>TEM\u00c1TICA:&nbsp;TICs &#8211; Tecnologia de Informa\u00e7\u00e3o e Comunica\u00e7\u00e3o; Outros<\/p>\n\n\n\n<p>OBJETIVO:&nbsp;conceder recursos financeiros n\u00e3o reembols\u00e1veis para ICTs credenciadas junto ao Comit\u00ea da \u00c1rea de Tecnologia da Informa\u00e7\u00e3o (CATI) para o desenvolvimento de projetos de pesquisa, desenvolvimento e inova\u00e7\u00e3o relativos ao desenvolvimento de aplica\u00e7\u00f5es (plataformas e\/ou softwares ou sistemas computacionais) que apoiem a implementa\u00e7\u00e3o de novos servi\u00e7os potencializados pelas caracter\u00edsticas das redes 5G privadas.<\/p>\n\n\n\n<p>P\u00daBLICO-ALVO:&nbsp;Institui\u00e7\u00f5es de Pesquisa.<\/p>\n\n\n\n<p>CRIT\u00c9RIOS DE ELEGIBILIDADE:<\/p>\n\n\n\n<ul class=\"wp-block-list\"><li>As propostas dever\u00e3o ser apresentadas em arranjo institucional composto por uma \u00fanica Institui\u00e7\u00e3o Proponente (convenente), que ser\u00e1 respons\u00e1vel pelo gerenciamento e execu\u00e7\u00e3o financeira do projeto e por pelo menos uma ICT Executora, que ser\u00e1 respons\u00e1vel pela coordena\u00e7\u00e3o e execu\u00e7\u00e3o t\u00e9cnica do projeto.<\/li><\/ul>\n\n\n\n<p>DATA DE PUBLICA\u00c7\u00c3O:&nbsp;15\/07\/2022<\/p>\n\n\n\n<p>PRAZO PARA ENVIO DE PROPOSTAS:&nbsp;at\u00e9 29\/08\/2022<\/p>\n\n\n\n<p>FONTE DE RECURSO:\u00a0FNDCT<\/p>\n\n\n\n<p>Mais informa\u00e7\u00f5es <strong><a href=\"http:\/\/www.finep.gov.br\/chamadas-publicas\/chamadapublica\/695\" target=\"_blank\" rel=\"noreferrer noopener\">AQUI.<\/a><\/strong><\/p>\n\n\n\n<p><\/p>\n\n\n\n<p><strong>CT HIDRO 2022 &#8211; RACIONALIZA\u00c7\u00c3O DOS USOS DA \u00c1GUA E A GEST\u00c3O E O MONITORAMENTO DOS RECURSOS H\u00cdDRICOS<\/strong><\/p>\n\n\n\n<p>TEM\u00c1TICA:&nbsp;Agricultura Aplicada; Recursos h\u00eddricos; Saneamento; Sustentabilidade<\/p>\n\n\n\n<p>OBJETIVO:&nbsp;conceder recursos financeiros n\u00e3o reembols\u00e1veis para ICTs p\u00fablicas e privadas sem fins lucrativos, inclusive em projetos cooperativos ICT-Empresas, para a pesquisa, o desenvolvimento e a inova\u00e7\u00e3o de tecnologias, produtos e processos que visem a racionaliza\u00e7\u00e3o dos usos da \u00e1gua para o saneamento b\u00e1sico, o agroneg\u00f3cio e a ind\u00fastria, assim como, a gest\u00e3o e monitoramento dos Recursos H\u00eddricos.<\/p>\n\n\n\n<p>P\u00daBLICO-ALVO:&nbsp;ICTs\/Empresas; Institui\u00e7\u00f5es de pesquisa<\/p>\n\n\n\n<p>CRIT\u00c9RIOS DE ELEGIBILIDADE:<\/p>\n\n\n\n<ul class=\"wp-block-list\"><li>S\u00e3o eleg\u00edveis para participar as seguintes institui\u00e7\u00f5es: Institui\u00e7\u00f5es Cient\u00edficas, Tecnol\u00f3gicas e de Inova\u00e7\u00e3o (ICTs) p\u00fablicas ou privadas. As propostas poder\u00e3o ser individuais ou organizadas em formato de Rede de Pesquisa, com a integra\u00e7\u00e3o de at\u00e9 3 (tr\u00eas) ICTs (uma Executora Principal e at\u00e9 duas Co-executoras), devendo ser explicitadas as atividades a serem executadas por cada uma das institui\u00e7\u00f5es.<\/li><\/ul>\n\n\n\n<p>DATA DE PUBLICA\u00c7\u00c3O:&nbsp;15\/07\/2022<\/p>\n\n\n\n<p>PRAZO PARA ENVIO DE PROPOSTAS:&nbsp;at\u00e9 02\/09\/2022<\/p>\n\n\n\n<p>FONTE DE RECURSO:\u00a0FNDCT \/ CT-HIDRO<\/p>\n\n\n\n<p>Mais informa\u00e7\u00f5es<a href=\"http:\/\/www.finep.gov.br\/chamadas-publicas\/chamadapublica\/698\" target=\"_blank\" rel=\"noreferrer noopener\"> <strong>AQUI.<\/strong><\/a><\/p>\n\n\n\n<p><\/p>\n\n\n\n<p><strong>ENERGIAS RENOV\u00c1VEIS 2022<\/strong><\/p>\n\n\n\n<p>TEM\u00c1TICA:&nbsp;Energia<\/p>\n\n\n\n<p>OBJETIVO:&nbsp;financiar a elabora\u00e7\u00e3o\/detalhamento de projetos que promovam o uso racional de energia el\u00e9trica e incentivem a ado\u00e7\u00e3o de fontes alternativas e sustent\u00e1veis de energia nas ICTs P\u00fablicas.<\/p>\n\n\n\n<p>P\u00daBLICO-ALVO:&nbsp;ICTs (Funda\u00e7\u00f5es)<\/p>\n\n\n\n<p>CRIT\u00c9RIOS DE ELEGIBILIDADE:<\/p>\n\n\n\n<ul class=\"wp-block-list\"><li>S\u00e3o eleg\u00edveis para apresentar proposta Institui\u00e7\u00f5es Cient\u00edficas, Tecnol\u00f3gicas e de Inova\u00e7\u00e3o (ICTs) p\u00fablicas ou privadas, desde que qualificadas como Institui\u00e7\u00e3o Comunit\u00e1ria de Educa\u00e7\u00e3o Superior (ICES).<\/li><\/ul>\n\n\n\n<p>DATA DE PUBLICA\u00c7\u00c3O:&nbsp;15\/07\/2022<\/p>\n\n\n\n<p>PRAZO PARA ENVIO DE PROPOSTAS:&nbsp;at\u00e9 16\/09\/2022<\/p>\n\n\n\n<p>FONTE DE RECURSO:&nbsp;FNDCT \/ CT-HIDRO<\/p>\n\n\n\n<p>Mais informa\u00e7\u00f5es <strong><a href=\"http:\/\/www.finep.gov.br\/chamadas-publicas\/chamadapublica\/699\" target=\"_blank\" rel=\"noreferrer noopener\">AQUI.<\/a><\/strong><\/p>\n\n\n\n<p><\/p>\n","protected":false},"excerpt":{"rendered":"<p>A Pr\u00f3-Reitoria de Pesquisa e P\u00f3s-Gradua\u00e7\u00e3o (PROPPG) informa os Editais de fomento \u00e0 pesquisa da FINEP em aberto: DOEN\u00c7AS RARAS TEM\u00c1TICA:&nbsp;Sa\u00fade OBJETIVO:&nbsp;conceder recursos financeiros n\u00e3o-reembols\u00e1veis para pesquisa, desenvolvimento tecnol\u00f3gico e inova\u00e7\u00e3o, em projetos que envolvam risco tecnol\u00f3gico para o diagn\u00f3stico, tratamento e reabilita\u00e7\u00e3o de pessoas com Doen\u00e7as Raras (DR), a fim de reduzir a incapacidade [&hellip;]<\/p>\n","protected":false},"author":1,"featured_media":0,"comment_status":"closed","ping_status":"closed","sticky":false,"template":"","format":"standard","meta":{"_eb_attr":"","ocean_post_layout":"","ocean_both_sidebars_style":"","ocean_both_sidebars_content_width":0,"ocean_both_sidebars_sidebars_width":0,"ocean_sidebar":"","ocean_second_sidebar":"","ocean_disable_margins":"enable","ocean_add_body_class":"","ocean_shortcode_before_top_bar":"","ocean_shortcode_after_top_bar":"","ocean_shortcode_before_header":"","ocean_shortcode_after_header":"","ocean_has_shortcode":"","ocean_shortcode_after_title":"","ocean_shortcode_before_footer_widgets":"","ocean_shortcode_after_footer_widgets":"","ocean_shortcode_before_footer_bottom":"","ocean_shortcode_after_footer_bottom":"","ocean_display_top_bar":"default","ocean_display_header":"default","ocean_header_style":"","ocean_center_header_left_menu":"","ocean_custom_header_template":"","ocean_custom_logo":0,"ocean_custom_retina_logo":0,"ocean_custom_logo_max_width":0,"ocean_custom_logo_tablet_max_width":0,"ocean_custom_logo_mobile_max_width":0,"ocean_custom_logo_max_height":0,"ocean_custom_logo_tablet_max_height":0,"ocean_custom_logo_mobile_max_height":0,"ocean_header_custom_menu":"","ocean_menu_typo_font_family":"","ocean_menu_typo_font_subset":"","ocean_menu_typo_font_size":0,"ocean_menu_typo_font_size_tablet":0,"ocean_menu_typo_font_size_mobile":0,"ocean_menu_typo_font_size_unit":"px","ocean_menu_typo_font_weight":"","ocean_menu_typo_font_weight_tablet":"","ocean_menu_typo_font_weight_mobile":"","ocean_menu_typo_transform":"","ocean_menu_typo_transform_tablet":"","ocean_menu_typo_transform_mobile":"","ocean_menu_typo_line_height":0,"ocean_menu_typo_line_height_tablet":0,"ocean_menu_typo_line_height_mobile":0,"ocean_menu_typo_line_height_unit":"","ocean_menu_typo_spacing":0,"ocean_menu_typo_spacing_tablet":0,"ocean_menu_typo_spacing_mobile":0,"ocean_menu_typo_spacing_unit":"","ocean_menu_link_color":"","ocean_menu_link_color_hover":"","ocean_menu_link_color_active":"","ocean_menu_link_background":"","ocean_menu_link_hover_background":"","ocean_menu_link_active_background":"","ocean_menu_social_links_bg":"","ocean_menu_social_hover_links_bg":"","ocean_menu_social_links_color":"","ocean_menu_social_hover_links_color":"","ocean_disable_title":"default","ocean_disable_heading":"default","ocean_post_title":"","ocean_post_subheading":"","ocean_post_title_style":"","ocean_post_title_background_color":"","ocean_post_title_background":0,"ocean_post_title_bg_image_position":"","ocean_post_title_bg_image_attachment":"","ocean_post_title_bg_image_repeat":"","ocean_post_title_bg_image_size":"","ocean_post_title_height":0,"ocean_post_title_bg_overlay":0.5,"ocean_post_title_bg_overlay_color":"","ocean_disable_breadcrumbs":"default","ocean_breadcrumbs_color":"","ocean_breadcrumbs_separator_color":"","ocean_breadcrumbs_links_color":"","ocean_breadcrumbs_links_hover_color":"","ocean_display_footer_widgets":"default","ocean_display_footer_bottom":"default","ocean_custom_footer_template":"","ocean_post_oembed":"","ocean_post_self_hosted_media":"","ocean_post_video_embed":"","ocean_link_format":"","ocean_link_format_target":"self","ocean_quote_format":"","ocean_quote_format_link":"post","ocean_gallery_link_images":"off","ocean_gallery_id":[],"footnotes":""},"categories":[7],"tags":[],"class_list":["post-14899","post","type-post","status-publish","format-standard","hentry","category-informes-internos","entry"],"yoast_head":"<!-- This site is optimized with the Yoast SEO plugin v26.5 - https:\/\/yoast.com\/wordpress\/plugins\/seo\/ -->\n<title>ProPPG informa Editais da Finep em aberto - UENF - Universidade Estadual do Norte Fluminense Darcy Ribeiro<\/title>\n<meta name=\"robots\" content=\"noindex, follow, max-snippet:-1, max-image-preview:large, max-video-preview:-1\" \/>\n<meta property=\"og:locale\" content=\"pt_BR\" \/>\n<meta property=\"og:type\" content=\"article\" \/>\n<meta property=\"og:title\" content=\"ProPPG informa Editais da Finep em aberto - UENF - Universidade Estadual do Norte Fluminense Darcy Ribeiro\" \/>\n<meta property=\"og:description\" content=\"A Pr\u00f3-Reitoria de Pesquisa e P\u00f3s-Gradua\u00e7\u00e3o (PROPPG) informa os Editais de fomento \u00e0 pesquisa da FINEP em aberto: DOEN\u00c7AS RARAS TEM\u00c1TICA:&nbsp;Sa\u00fade OBJETIVO:&nbsp;conceder recursos financeiros n\u00e3o-reembols\u00e1veis para pesquisa, desenvolvimento tecnol\u00f3gico e inova\u00e7\u00e3o, em projetos que envolvam risco tecnol\u00f3gico para o diagn\u00f3stico, tratamento e reabilita\u00e7\u00e3o de pessoas com Doen\u00e7as Raras (DR), a fim de reduzir a incapacidade [&hellip;]\" \/>\n<meta property=\"og:url\" content=\"https:\/\/portal1.uenf.br\/portal\/informes-internos\/proppg-informa-editais-da-finep-em-aberto\/\" \/>\n<meta property=\"og:site_name\" content=\"UENF - Universidade Estadual do Norte Fluminense Darcy Ribeiro\" \/>\n<meta property=\"article:published_time\" content=\"2022-08-04T18:10:27+00:00\" \/>\n<meta name=\"author\" content=\"admin\" \/>\n<meta name=\"twitter:card\" content=\"summary_large_image\" \/>\n<meta name=\"twitter:label1\" content=\"Escrito por\" \/>\n\t<meta name=\"twitter:data1\" content=\"admin\" \/>\n\t<meta name=\"twitter:label2\" content=\"Est. tempo de leitura\" \/>\n\t<meta name=\"twitter:data2\" content=\"4 minutos\" \/>\n<script type=\"application\/ld+json\" class=\"yoast-schema-graph\">{\"@context\":\"https:\/\/schema.org\",\"@graph\":[{\"@type\":\"Article\",\"@id\":\"https:\/\/portal1.uenf.br\/portal\/informes-internos\/proppg-informa-editais-da-finep-em-aberto\/#article\",\"isPartOf\":{\"@id\":\"https:\/\/portal1.uenf.br\/portal\/informes-internos\/proppg-informa-editais-da-finep-em-aberto\/\"},\"author\":{\"name\":\"admin\",\"@id\":\"https:\/\/portal1.uenf.br\/portal\/#\/schema\/person\/068abbf03b6f8478c845bc8ded9270c7\"},\"headline\":\"ProPPG informa Editais da Finep em aberto\",\"datePublished\":\"2022-08-04T18:10:27+00:00\",\"mainEntityOfPage\":{\"@id\":\"https:\/\/portal1.uenf.br\/portal\/informes-internos\/proppg-informa-editais-da-finep-em-aberto\/\"},\"wordCount\":841,\"publisher\":{\"@id\":\"https:\/\/portal1.uenf.br\/portal\/#organization\"},\"articleSection\":[\"informes internos\"],\"inLanguage\":\"pt-BR\"},{\"@type\":\"WebPage\",\"@id\":\"https:\/\/portal1.uenf.br\/portal\/informes-internos\/proppg-informa-editais-da-finep-em-aberto\/\",\"url\":\"https:\/\/portal1.uenf.br\/portal\/informes-internos\/proppg-informa-editais-da-finep-em-aberto\/\",\"name\":\"ProPPG informa Editais da Finep em aberto - UENF - Universidade Estadual do Norte Fluminense Darcy Ribeiro\",\"isPartOf\":{\"@id\":\"https:\/\/portal1.uenf.br\/portal\/#website\"},\"datePublished\":\"2022-08-04T18:10:27+00:00\",\"breadcrumb\":{\"@id\":\"https:\/\/portal1.uenf.br\/portal\/informes-internos\/proppg-informa-editais-da-finep-em-aberto\/#breadcrumb\"},\"inLanguage\":\"pt-BR\",\"potentialAction\":[{\"@type\":\"ReadAction\",\"target\":[\"https:\/\/portal1.uenf.br\/portal\/informes-internos\/proppg-informa-editais-da-finep-em-aberto\/\"]}]},{\"@type\":\"BreadcrumbList\",\"@id\":\"https:\/\/portal1.uenf.br\/portal\/informes-internos\/proppg-informa-editais-da-finep-em-aberto\/#breadcrumb\",\"itemListElement\":[{\"@type\":\"ListItem\",\"position\":1,\"name\":\"In\u00edcio\",\"item\":\"https:\/\/portal1.uenf.br\/portal\/\"},{\"@type\":\"ListItem\",\"position\":2,\"name\":\"ProPPG informa Editais da Finep em aberto\"}]},{\"@type\":\"WebSite\",\"@id\":\"https:\/\/portal1.uenf.br\/portal\/#website\",\"url\":\"https:\/\/portal1.uenf.br\/portal\/\",\"name\":\"UENF - Universidade Estadual do Norte Fluminense Darcy Ribeiro\",\"description\":\"\",\"publisher\":{\"@id\":\"https:\/\/portal1.uenf.br\/portal\/#organization\"},\"potentialAction\":[{\"@type\":\"SearchAction\",\"target\":{\"@type\":\"EntryPoint\",\"urlTemplate\":\"https:\/\/portal1.uenf.br\/portal\/?s={search_term_string}\"},\"query-input\":{\"@type\":\"PropertyValueSpecification\",\"valueRequired\":true,\"valueName\":\"search_term_string\"}}],\"inLanguage\":\"pt-BR\"},{\"@type\":\"Organization\",\"@id\":\"https:\/\/portal1.uenf.br\/portal\/#organization\",\"name\":\"UENF - Universidade Estadual do Norte Fluminense Darcy Ribeiro\",\"url\":\"https:\/\/portal1.uenf.br\/portal\/\",\"logo\":{\"@type\":\"ImageObject\",\"inLanguage\":\"pt-BR\",\"@id\":\"https:\/\/portal1.uenf.br\/portal\/#\/schema\/logo\/image\/\",\"url\":\"https:\/\/portal1.uenf.br\/portal\/wp-content\/uploads\/2018\/06\/logo-uenf-invertido-1.png\",\"contentUrl\":\"https:\/\/portal1.uenf.br\/portal\/wp-content\/uploads\/2018\/06\/logo-uenf-invertido-1.png\",\"width\":482,\"height\":83,\"caption\":\"UENF - Universidade Estadual do Norte Fluminense Darcy Ribeiro\"},\"image\":{\"@id\":\"https:\/\/portal1.uenf.br\/portal\/#\/schema\/logo\/image\/\"}},{\"@type\":\"Person\",\"@id\":\"https:\/\/portal1.uenf.br\/portal\/#\/schema\/person\/068abbf03b6f8478c845bc8ded9270c7\",\"name\":\"admin\",\"image\":{\"@type\":\"ImageObject\",\"inLanguage\":\"pt-BR\",\"@id\":\"https:\/\/portal1.uenf.br\/portal\/#\/schema\/person\/image\/\",\"url\":\"https:\/\/secure.gravatar.com\/avatar\/e5ecf9e4fae0742f4b136f518195bafa7b2d3f7c709f4bdc6707588ef68a6e25?s=96&d=mm&r=g\",\"contentUrl\":\"https:\/\/secure.gravatar.com\/avatar\/e5ecf9e4fae0742f4b136f518195bafa7b2d3f7c709f4bdc6707588ef68a6e25?s=96&d=mm&r=g\",\"caption\":\"admin\"},\"sameAs\":[\"https:\/\/portal1.uenf.br\/portal\"],\"url\":\"https:\/\/portal1.uenf.br\/portal\/author\/edson\/\"}]}<\/script>\n<!-- \/ Yoast SEO plugin. -->","yoast_head_json":{"title":"ProPPG informa Editais da Finep em aberto - UENF - Universidade Estadual do Norte Fluminense Darcy Ribeiro","robots":{"index":"noindex","follow":"follow","max-snippet":"max-snippet:-1","max-image-preview":"max-image-preview:large","max-video-preview":"max-video-preview:-1"},"og_locale":"pt_BR","og_type":"article","og_title":"ProPPG informa Editais da Finep em aberto - UENF - Universidade Estadual do Norte Fluminense Darcy Ribeiro","og_description":"A Pr\u00f3-Reitoria de Pesquisa e P\u00f3s-Gradua\u00e7\u00e3o (PROPPG) informa os Editais de fomento \u00e0 pesquisa da FINEP em aberto: DOEN\u00c7AS RARAS TEM\u00c1TICA:&nbsp;Sa\u00fade OBJETIVO:&nbsp;conceder recursos financeiros n\u00e3o-reembols\u00e1veis para pesquisa, desenvolvimento tecnol\u00f3gico e inova\u00e7\u00e3o, em projetos que envolvam risco tecnol\u00f3gico para o diagn\u00f3stico, tratamento e reabilita\u00e7\u00e3o de pessoas com Doen\u00e7as Raras (DR), a fim de reduzir a incapacidade [&hellip;]","og_url":"https:\/\/portal1.uenf.br\/portal\/informes-internos\/proppg-informa-editais-da-finep-em-aberto\/","og_site_name":"UENF - Universidade Estadual do Norte Fluminense Darcy Ribeiro","article_published_time":"2022-08-04T18:10:27+00:00","author":"admin","twitter_card":"summary_large_image","twitter_misc":{"Escrito por":"admin","Est. tempo de leitura":"4 minutos"},"schema":{"@context":"https:\/\/schema.org","@graph":[{"@type":"Article","@id":"https:\/\/portal1.uenf.br\/portal\/informes-internos\/proppg-informa-editais-da-finep-em-aberto\/#article","isPartOf":{"@id":"https:\/\/portal1.uenf.br\/portal\/informes-internos\/proppg-informa-editais-da-finep-em-aberto\/"},"author":{"name":"admin","@id":"https:\/\/portal1.uenf.br\/portal\/#\/schema\/person\/068abbf03b6f8478c845bc8ded9270c7"},"headline":"ProPPG informa Editais da Finep em aberto","datePublished":"2022-08-04T18:10:27+00:00","mainEntityOfPage":{"@id":"https:\/\/portal1.uenf.br\/portal\/informes-internos\/proppg-informa-editais-da-finep-em-aberto\/"},"wordCount":841,"publisher":{"@id":"https:\/\/portal1.uenf.br\/portal\/#organization"},"articleSection":["informes internos"],"inLanguage":"pt-BR"},{"@type":"WebPage","@id":"https:\/\/portal1.uenf.br\/portal\/informes-internos\/proppg-informa-editais-da-finep-em-aberto\/","url":"https:\/\/portal1.uenf.br\/portal\/informes-internos\/proppg-informa-editais-da-finep-em-aberto\/","name":"ProPPG informa Editais da Finep em aberto - UENF - Universidade Estadual do Norte Fluminense Darcy Ribeiro","isPartOf":{"@id":"https:\/\/portal1.uenf.br\/portal\/#website"},"datePublished":"2022-08-04T18:10:27+00:00","breadcrumb":{"@id":"https:\/\/portal1.uenf.br\/portal\/informes-internos\/proppg-informa-editais-da-finep-em-aberto\/#breadcrumb"},"inLanguage":"pt-BR","potentialAction":[{"@type":"ReadAction","target":["https:\/\/portal1.uenf.br\/portal\/informes-internos\/proppg-informa-editais-da-finep-em-aberto\/"]}]},{"@type":"BreadcrumbList","@id":"https:\/\/portal1.uenf.br\/portal\/informes-internos\/proppg-informa-editais-da-finep-em-aberto\/#breadcrumb","itemListElement":[{"@type":"ListItem","position":1,"name":"In\u00edcio","item":"https:\/\/portal1.uenf.br\/portal\/"},{"@type":"ListItem","position":2,"name":"ProPPG informa Editais da Finep em aberto"}]},{"@type":"WebSite","@id":"https:\/\/portal1.uenf.br\/portal\/#website","url":"https:\/\/portal1.uenf.br\/portal\/","name":"UENF - Universidade Estadual do Norte Fluminense Darcy Ribeiro","description":"","publisher":{"@id":"https:\/\/portal1.uenf.br\/portal\/#organization"},"potentialAction":[{"@type":"SearchAction","target":{"@type":"EntryPoint","urlTemplate":"https:\/\/portal1.uenf.br\/portal\/?s={search_term_string}"},"query-input":{"@type":"PropertyValueSpecification","valueRequired":true,"valueName":"search_term_string"}}],"inLanguage":"pt-BR"},{"@type":"Organization","@id":"https:\/\/portal1.uenf.br\/portal\/#organization","name":"UENF - Universidade Estadual do Norte Fluminense Darcy Ribeiro","url":"https:\/\/portal1.uenf.br\/portal\/","logo":{"@type":"ImageObject","inLanguage":"pt-BR","@id":"https:\/\/portal1.uenf.br\/portal\/#\/schema\/logo\/image\/","url":"https:\/\/portal1.uenf.br\/portal\/wp-content\/uploads\/2018\/06\/logo-uenf-invertido-1.png","contentUrl":"https:\/\/portal1.uenf.br\/portal\/wp-content\/uploads\/2018\/06\/logo-uenf-invertido-1.png","width":482,"height":83,"caption":"UENF - Universidade Estadual do Norte Fluminense Darcy Ribeiro"},"image":{"@id":"https:\/\/portal1.uenf.br\/portal\/#\/schema\/logo\/image\/"}},{"@type":"Person","@id":"https:\/\/portal1.uenf.br\/portal\/#\/schema\/person\/068abbf03b6f8478c845bc8ded9270c7","name":"admin","image":{"@type":"ImageObject","inLanguage":"pt-BR","@id":"https:\/\/portal1.uenf.br\/portal\/#\/schema\/person\/image\/","url":"https:\/\/secure.gravatar.com\/avatar\/e5ecf9e4fae0742f4b136f518195bafa7b2d3f7c709f4bdc6707588ef68a6e25?s=96&d=mm&r=g","contentUrl":"https:\/\/secure.gravatar.com\/avatar\/e5ecf9e4fae0742f4b136f518195bafa7b2d3f7c709f4bdc6707588ef68a6e25?s=96&d=mm&r=g","caption":"admin"},"sameAs":["https:\/\/portal1.uenf.br\/portal"],"url":"https:\/\/portal1.uenf.br\/portal\/author\/edson\/"}]}},"_links":{"self":[{"href":"https:\/\/portal1.uenf.br\/portal\/wp-json\/wp\/v2\/posts\/14899","targetHints":{"allow":["GET"]}}],"collection":[{"href":"https:\/\/portal1.uenf.br\/portal\/wp-json\/wp\/v2\/posts"}],"about":[{"href":"https:\/\/portal1.uenf.br\/portal\/wp-json\/wp\/v2\/types\/post"}],"author":[{"embeddable":true,"href":"https:\/\/portal1.uenf.br\/portal\/wp-json\/wp\/v2\/users\/1"}],"replies":[{"embeddable":true,"href":"https:\/\/portal1.uenf.br\/portal\/wp-json\/wp\/v2\/comments?post=14899"}],"version-history":[{"count":0,"href":"https:\/\/portal1.uenf.br\/portal\/wp-json\/wp\/v2\/posts\/14899\/revisions"}],"wp:attachment":[{"href":"https:\/\/portal1.uenf.br\/portal\/wp-json\/wp\/v2\/media?parent=14899"}],"wp:term":[{"taxonomy":"category","embeddable":true,"href":"https:\/\/portal1.uenf.br\/portal\/wp-json\/wp\/v2\/categories?post=14899"},{"taxonomy":"post_tag","embeddable":true,"href":"https:\/\/portal1.uenf.br\/portal\/wp-json\/wp\/v2\/tags?post=14899"}],"curies":[{"name":"wp","href":"https:\/\/api.w.org\/{rel}","templated":true}]}}