{"id":14606,"date":"2022-07-13T12:03:41","date_gmt":"2022-07-13T15:03:41","guid":{"rendered":"https:\/\/uenf.br\/portal\/?p=14606"},"modified":"2022-07-13T12:03:41","modified_gmt":"2022-07-13T15:03:41","slug":"capacitacao-para-teste-rapido-de-aids-dst-e-realizado-na-uenf","status":"publish","type":"post","link":"https:\/\/portal1.uenf.br\/portal\/noticias\/capacitacao-para-teste-rapido-de-aids-dst-e-realizado-na-uenf\/","title":{"rendered":"Capacita\u00e7\u00e3o para teste r\u00e1pido de DST\/AIDS \u00e9 realizada na UENF"},"content":{"rendered":"\n<div class=\"wp-block-image\"><figure class=\"aligncenter size-large is-resized\"><img fetchpriority=\"high\" decoding=\"async\" src=\"https:\/\/uenf.br\/portal\/wp-content\/uploads\/2022\/07\/WhatsApp-Image-2022-07-13-at-11.44.14-768x1024.jpeg\" alt=\"\" class=\"wp-image-14625\" width=\"357\" height=\"476\"\/><\/figure><\/div>\n\n\n\n<p>Teve in\u00edcio na manh\u00e3 desta quarta-feira, 13\/07\/22, na UENF, uma capacita\u00e7\u00e3o do Programa Municipal de DST\/AIDS para aplica\u00e7\u00e3o do teste r\u00e1pido de HIV, s\u00edfilis, Hepatite B e C. Cerca de 30 profissionais de sa\u00fade do munic\u00edpio de Campos dos Goytacazes est\u00e3o participando do treinamento, realizado no t\u00e9rreo do pr\u00e9dio da Reitoria. Segundo a assistente social da UENF, Maria Helena Barbosa, haver\u00e1 uma descentraliza\u00e7\u00e3o da oferta deste tipo de testagem, que j\u00e1 \u00e9 feita pela Secretaria de Sa\u00fade, e a UENF passar\u00e1 a ser um destes locais.<\/p>\n\n\n\n<p>A capacita\u00e7\u00e3o, da qual est\u00e3o participando tamb\u00e9m o enfermeiro da UENF e os bolsistas do programa de extens\u00e3o DST\/AIDS da UENF, termina nesta quinta-feira, 14\/07\/22. O primeiro dia est\u00e1 sendo reservado para a parte te\u00f3rica, enquanto o segundo ser\u00e1 voltado para a parte pr\u00e1tica e ser\u00e1 realizado na sede do Programa DST\/AIDS da Secretaria Municipal de Sa\u00fade de Campos. <\/p>\n\n\n\n<p>Segundo Maria Helena, t\u00e3o logo seja poss\u00edvel, a UENF iniciar\u00e1 a oferta do teste r\u00e1pido para a comunidade interna. O teste permite chegar ao resultado em no m\u00e1ximo 30 minutos. A forma como a testagem ser\u00e1 organizada dentro da Universidade ainda n\u00e3o foi definida, mas, segundo Maria Helena, provavelmente ser\u00e1 por agendamento pr\u00e9vio. A coordena\u00e7\u00e3o do trabalho ficar\u00e1 a cargo do Programa de Extens\u00e3o DST\/AIDS da UENF. Segundo a assistente social, a testagem n\u00e3o se limita apenas ao teste em si, mas a todo um trabalho de aconselhamento.<\/p>\n\n\n\n<p>&#8220;Antes do teste, a gente busca saber o hist\u00f3rico de vida da pessoa. A primeira coisa \u00e9: por que voc\u00ea est\u00e1 querendo testar? Esta \u00e9 uma pergunta que leva a uma s\u00e9rie de questionamentos, ent\u00e3o, enquanto o teste est\u00e1 sendo feito o paciente vai sendo questionado e aconselhado. Como o resultado sai na hora, \u00e9 importante que o paciente seja muito bem orientado&#8221;, diz. Em caso positivo, o paciente j\u00e1 \u00e9 encaminhado para o tratamento dentro do Programa da Prefeitura.<\/p>\n\n\n\n<p>&#8220;Todo o tratamento, assim como os medicamentos, s\u00e3o fornecidos pelo SUS. Desde que a pessoa siga corretamente o tratamento, pode ter uma vida normal, acompanhada de preservativo. \u00c9 tudo muito tranquilo. Por exemplo, o tratamento de HIV hoje n\u00e3o \u00e9 mais como antigamente, quando era preciso tomar um monte de rem\u00e9dios. Tamb\u00e9m \u00e9 oferecido acompanhamento psicol\u00f3gico&#8221;, explica Maria Helena.<\/p>\n\n\n\n<div class=\"wp-block-image\"><figure class=\"aligncenter size-large is-resized\"><img decoding=\"async\" src=\"https:\/\/uenf.br\/portal\/wp-content\/uploads\/2022\/07\/WhatsApp-Image-2022-07-13-at-11.44.35-768x1024.jpeg\" alt=\"\" class=\"wp-image-14630\" width=\"302\" height=\"403\"\/><\/figure><\/div>\n\n\n\n<p><\/p>\n\n\n\n<p><\/p>\n","protected":false},"excerpt":{"rendered":"<p>Teve in\u00edcio na manh\u00e3 desta quarta-feira, 13\/07\/22, na UENF, uma capacita\u00e7\u00e3o do Programa Municipal de DST\/AIDS para aplica\u00e7\u00e3o do teste r\u00e1pido de HIV, s\u00edfilis, Hepatite B e C. Cerca de 30 profissionais de sa\u00fade do munic\u00edpio de Campos dos Goytacazes est\u00e3o participando do treinamento, realizado no t\u00e9rreo do pr\u00e9dio da Reitoria. Segundo a assistente social [&hellip;]<\/p>\n","protected":false},"author":1,"featured_media":0,"comment_status":"closed","ping_status":"closed","sticky":false,"template":"","format":"standard","meta":{"_eb_attr":"","ocean_post_layout":"","ocean_both_sidebars_style":"","ocean_both_sidebars_content_width":0,"ocean_both_sidebars_sidebars_width":0,"ocean_sidebar":"","ocean_second_sidebar":"","ocean_disable_margins":"enable","ocean_add_body_class":"","ocean_shortcode_before_top_bar":"","ocean_shortcode_after_top_bar":"","ocean_shortcode_before_header":"","ocean_shortcode_after_header":"","ocean_has_shortcode":"","ocean_shortcode_after_title":"","ocean_shortcode_before_footer_widgets":"","ocean_shortcode_after_footer_widgets":"","ocean_shortcode_before_footer_bottom":"","ocean_shortcode_after_footer_bottom":"","ocean_display_top_bar":"default","ocean_display_header":"default","ocean_header_style":"","ocean_center_header_left_menu":"","ocean_custom_header_template":"","ocean_custom_logo":0,"ocean_custom_retina_logo":0,"ocean_custom_logo_max_width":0,"ocean_custom_logo_tablet_max_width":0,"ocean_custom_logo_mobile_max_width":0,"ocean_custom_logo_max_height":0,"ocean_custom_logo_tablet_max_height":0,"ocean_custom_logo_mobile_max_height":0,"ocean_header_custom_menu":"","ocean_menu_typo_font_family":"","ocean_menu_typo_font_subset":"","ocean_menu_typo_font_size":0,"ocean_menu_typo_font_size_tablet":0,"ocean_menu_typo_font_size_mobile":0,"ocean_menu_typo_font_size_unit":"px","ocean_menu_typo_font_weight":"","ocean_menu_typo_font_weight_tablet":"","ocean_menu_typo_font_weight_mobile":"","ocean_menu_typo_transform":"","ocean_menu_typo_transform_tablet":"","ocean_menu_typo_transform_mobile":"","ocean_menu_typo_line_height":0,"ocean_menu_typo_line_height_tablet":0,"ocean_menu_typo_line_height_mobile":0,"ocean_menu_typo_line_height_unit":"","ocean_menu_typo_spacing":0,"ocean_menu_typo_spacing_tablet":0,"ocean_menu_typo_spacing_mobile":0,"ocean_menu_typo_spacing_unit":"","ocean_menu_link_color":"","ocean_menu_link_color_hover":"","ocean_menu_link_color_active":"","ocean_menu_link_background":"","ocean_menu_link_hover_background":"","ocean_menu_link_active_background":"","ocean_menu_social_links_bg":"","ocean_menu_social_hover_links_bg":"","ocean_menu_social_links_color":"","ocean_menu_social_hover_links_color":"","ocean_disable_title":"default","ocean_disable_heading":"default","ocean_post_title":"","ocean_post_subheading":"","ocean_post_title_style":"","ocean_post_title_background_color":"","ocean_post_title_background":0,"ocean_post_title_bg_image_position":"","ocean_post_title_bg_image_attachment":"","ocean_post_title_bg_image_repeat":"","ocean_post_title_bg_image_size":"","ocean_post_title_height":0,"ocean_post_title_bg_overlay":0.5,"ocean_post_title_bg_overlay_color":"","ocean_disable_breadcrumbs":"default","ocean_breadcrumbs_color":"","ocean_breadcrumbs_separator_color":"","ocean_breadcrumbs_links_color":"","ocean_breadcrumbs_links_hover_color":"","ocean_display_footer_widgets":"default","ocean_display_footer_bottom":"default","ocean_custom_footer_template":"","ocean_post_oembed":"","ocean_post_self_hosted_media":"","ocean_post_video_embed":"","ocean_link_format":"","ocean_link_format_target":"self","ocean_quote_format":"","ocean_quote_format_link":"post","ocean_gallery_link_images":"off","ocean_gallery_id":[],"footnotes":""},"categories":[8],"tags":[],"class_list":["post-14606","post","type-post","status-publish","format-standard","hentry","category-noticias","entry"],"yoast_head":"<!-- This site is optimized with the Yoast SEO plugin v26.5 - https:\/\/yoast.com\/wordpress\/plugins\/seo\/ -->\n<title>Capacita\u00e7\u00e3o para teste r\u00e1pido de DST\/AIDS \u00e9 realizada na UENF - UENF - Universidade Estadual do Norte Fluminense Darcy Ribeiro<\/title>\n<meta name=\"robots\" content=\"noindex, follow, max-snippet:-1, max-image-preview:large, max-video-preview:-1\" \/>\n<meta property=\"og:locale\" content=\"pt_BR\" \/>\n<meta property=\"og:type\" content=\"article\" \/>\n<meta property=\"og:title\" content=\"Capacita\u00e7\u00e3o para teste r\u00e1pido de DST\/AIDS \u00e9 realizada na UENF - UENF - Universidade Estadual do Norte Fluminense Darcy Ribeiro\" \/>\n<meta property=\"og:description\" content=\"Teve in\u00edcio na manh\u00e3 desta quarta-feira, 13\/07\/22, na UENF, uma capacita\u00e7\u00e3o do Programa Municipal de DST\/AIDS para aplica\u00e7\u00e3o do teste r\u00e1pido de HIV, s\u00edfilis, Hepatite B e C. Cerca de 30 profissionais de sa\u00fade do munic\u00edpio de Campos dos Goytacazes est\u00e3o participando do treinamento, realizado no t\u00e9rreo do pr\u00e9dio da Reitoria. Segundo a assistente social [&hellip;]\" \/>\n<meta property=\"og:url\" content=\"https:\/\/portal1.uenf.br\/portal\/noticias\/capacitacao-para-teste-rapido-de-aids-dst-e-realizado-na-uenf\/\" \/>\n<meta property=\"og:site_name\" content=\"UENF - Universidade Estadual do Norte Fluminense Darcy Ribeiro\" \/>\n<meta property=\"article:published_time\" content=\"2022-07-13T15:03:41+00:00\" \/>\n<meta property=\"og:image\" content=\"https:\/\/uenf.br\/portal\/wp-content\/uploads\/2022\/07\/WhatsApp-Image-2022-07-13-at-11.44.14-768x1024.jpeg\" \/>\n<meta name=\"author\" content=\"admin\" \/>\n<meta name=\"twitter:card\" content=\"summary_large_image\" \/>\n<meta name=\"twitter:label1\" content=\"Escrito por\" \/>\n\t<meta name=\"twitter:data1\" content=\"admin\" \/>\n\t<meta name=\"twitter:label2\" content=\"Est. tempo de leitura\" \/>\n\t<meta name=\"twitter:data2\" content=\"2 minutos\" \/>\n<script type=\"application\/ld+json\" class=\"yoast-schema-graph\">{\"@context\":\"https:\/\/schema.org\",\"@graph\":[{\"@type\":\"Article\",\"@id\":\"https:\/\/portal1.uenf.br\/portal\/noticias\/capacitacao-para-teste-rapido-de-aids-dst-e-realizado-na-uenf\/#article\",\"isPartOf\":{\"@id\":\"https:\/\/portal1.uenf.br\/portal\/noticias\/capacitacao-para-teste-rapido-de-aids-dst-e-realizado-na-uenf\/\"},\"author\":{\"name\":\"admin\",\"@id\":\"https:\/\/portal1.uenf.br\/portal\/#\/schema\/person\/068abbf03b6f8478c845bc8ded9270c7\"},\"headline\":\"Capacita\u00e7\u00e3o para teste r\u00e1pido de DST\/AIDS \u00e9 realizada na UENF\",\"datePublished\":\"2022-07-13T15:03:41+00:00\",\"mainEntityOfPage\":{\"@id\":\"https:\/\/portal1.uenf.br\/portal\/noticias\/capacitacao-para-teste-rapido-de-aids-dst-e-realizado-na-uenf\/\"},\"wordCount\":412,\"publisher\":{\"@id\":\"https:\/\/portal1.uenf.br\/portal\/#organization\"},\"image\":{\"@id\":\"https:\/\/portal1.uenf.br\/portal\/noticias\/capacitacao-para-teste-rapido-de-aids-dst-e-realizado-na-uenf\/#primaryimage\"},\"thumbnailUrl\":\"https:\/\/uenf.br\/portal\/wp-content\/uploads\/2022\/07\/WhatsApp-Image-2022-07-13-at-11.44.14-768x1024.jpeg\",\"articleSection\":[\"Not\u00edcias\"],\"inLanguage\":\"pt-BR\"},{\"@type\":\"WebPage\",\"@id\":\"https:\/\/portal1.uenf.br\/portal\/noticias\/capacitacao-para-teste-rapido-de-aids-dst-e-realizado-na-uenf\/\",\"url\":\"https:\/\/portal1.uenf.br\/portal\/noticias\/capacitacao-para-teste-rapido-de-aids-dst-e-realizado-na-uenf\/\",\"name\":\"Capacita\u00e7\u00e3o para teste r\u00e1pido de DST\/AIDS \u00e9 realizada na UENF - UENF - Universidade Estadual do Norte Fluminense Darcy Ribeiro\",\"isPartOf\":{\"@id\":\"https:\/\/portal1.uenf.br\/portal\/#website\"},\"primaryImageOfPage\":{\"@id\":\"https:\/\/portal1.uenf.br\/portal\/noticias\/capacitacao-para-teste-rapido-de-aids-dst-e-realizado-na-uenf\/#primaryimage\"},\"image\":{\"@id\":\"https:\/\/portal1.uenf.br\/portal\/noticias\/capacitacao-para-teste-rapido-de-aids-dst-e-realizado-na-uenf\/#primaryimage\"},\"thumbnailUrl\":\"https:\/\/uenf.br\/portal\/wp-content\/uploads\/2022\/07\/WhatsApp-Image-2022-07-13-at-11.44.14-768x1024.jpeg\",\"datePublished\":\"2022-07-13T15:03:41+00:00\",\"breadcrumb\":{\"@id\":\"https:\/\/portal1.uenf.br\/portal\/noticias\/capacitacao-para-teste-rapido-de-aids-dst-e-realizado-na-uenf\/#breadcrumb\"},\"inLanguage\":\"pt-BR\",\"potentialAction\":[{\"@type\":\"ReadAction\",\"target\":[\"https:\/\/portal1.uenf.br\/portal\/noticias\/capacitacao-para-teste-rapido-de-aids-dst-e-realizado-na-uenf\/\"]}]},{\"@type\":\"ImageObject\",\"inLanguage\":\"pt-BR\",\"@id\":\"https:\/\/portal1.uenf.br\/portal\/noticias\/capacitacao-para-teste-rapido-de-aids-dst-e-realizado-na-uenf\/#primaryimage\",\"url\":\"https:\/\/uenf.br\/portal\/wp-content\/uploads\/2022\/07\/WhatsApp-Image-2022-07-13-at-11.44.14-768x1024.jpeg\",\"contentUrl\":\"https:\/\/uenf.br\/portal\/wp-content\/uploads\/2022\/07\/WhatsApp-Image-2022-07-13-at-11.44.14-768x1024.jpeg\"},{\"@type\":\"BreadcrumbList\",\"@id\":\"https:\/\/portal1.uenf.br\/portal\/noticias\/capacitacao-para-teste-rapido-de-aids-dst-e-realizado-na-uenf\/#breadcrumb\",\"itemListElement\":[{\"@type\":\"ListItem\",\"position\":1,\"name\":\"In\u00edcio\",\"item\":\"https:\/\/portal1.uenf.br\/portal\/\"},{\"@type\":\"ListItem\",\"position\":2,\"name\":\"Capacita\u00e7\u00e3o para teste r\u00e1pido de DST\/AIDS \u00e9 realizada na UENF\"}]},{\"@type\":\"WebSite\",\"@id\":\"https:\/\/portal1.uenf.br\/portal\/#website\",\"url\":\"https:\/\/portal1.uenf.br\/portal\/\",\"name\":\"UENF - Universidade Estadual do Norte Fluminense Darcy Ribeiro\",\"description\":\"\",\"publisher\":{\"@id\":\"https:\/\/portal1.uenf.br\/portal\/#organization\"},\"potentialAction\":[{\"@type\":\"SearchAction\",\"target\":{\"@type\":\"EntryPoint\",\"urlTemplate\":\"https:\/\/portal1.uenf.br\/portal\/?s={search_term_string}\"},\"query-input\":{\"@type\":\"PropertyValueSpecification\",\"valueRequired\":true,\"valueName\":\"search_term_string\"}}],\"inLanguage\":\"pt-BR\"},{\"@type\":\"Organization\",\"@id\":\"https:\/\/portal1.uenf.br\/portal\/#organization\",\"name\":\"UENF - Universidade Estadual do Norte Fluminense Darcy Ribeiro\",\"url\":\"https:\/\/portal1.uenf.br\/portal\/\",\"logo\":{\"@type\":\"ImageObject\",\"inLanguage\":\"pt-BR\",\"@id\":\"https:\/\/portal1.uenf.br\/portal\/#\/schema\/logo\/image\/\",\"url\":\"https:\/\/portal1.uenf.br\/portal\/wp-content\/uploads\/2018\/06\/logo-uenf-invertido-1.png\",\"contentUrl\":\"https:\/\/portal1.uenf.br\/portal\/wp-content\/uploads\/2018\/06\/logo-uenf-invertido-1.png\",\"width\":482,\"height\":83,\"caption\":\"UENF - Universidade Estadual do Norte Fluminense Darcy Ribeiro\"},\"image\":{\"@id\":\"https:\/\/portal1.uenf.br\/portal\/#\/schema\/logo\/image\/\"}},{\"@type\":\"Person\",\"@id\":\"https:\/\/portal1.uenf.br\/portal\/#\/schema\/person\/068abbf03b6f8478c845bc8ded9270c7\",\"name\":\"admin\",\"image\":{\"@type\":\"ImageObject\",\"inLanguage\":\"pt-BR\",\"@id\":\"https:\/\/portal1.uenf.br\/portal\/#\/schema\/person\/image\/\",\"url\":\"https:\/\/secure.gravatar.com\/avatar\/e5ecf9e4fae0742f4b136f518195bafa7b2d3f7c709f4bdc6707588ef68a6e25?s=96&d=mm&r=g\",\"contentUrl\":\"https:\/\/secure.gravatar.com\/avatar\/e5ecf9e4fae0742f4b136f518195bafa7b2d3f7c709f4bdc6707588ef68a6e25?s=96&d=mm&r=g\",\"caption\":\"admin\"},\"sameAs\":[\"https:\/\/portal1.uenf.br\/portal\"],\"url\":\"https:\/\/portal1.uenf.br\/portal\/author\/edson\/\"}]}<\/script>\n<!-- \/ Yoast SEO plugin. -->","yoast_head_json":{"title":"Capacita\u00e7\u00e3o para teste r\u00e1pido de DST\/AIDS \u00e9 realizada na UENF - UENF - Universidade Estadual do Norte Fluminense Darcy Ribeiro","robots":{"index":"noindex","follow":"follow","max-snippet":"max-snippet:-1","max-image-preview":"max-image-preview:large","max-video-preview":"max-video-preview:-1"},"og_locale":"pt_BR","og_type":"article","og_title":"Capacita\u00e7\u00e3o para teste r\u00e1pido de DST\/AIDS \u00e9 realizada na UENF - UENF - Universidade Estadual do Norte Fluminense Darcy Ribeiro","og_description":"Teve in\u00edcio na manh\u00e3 desta quarta-feira, 13\/07\/22, na UENF, uma capacita\u00e7\u00e3o do Programa Municipal de DST\/AIDS para aplica\u00e7\u00e3o do teste r\u00e1pido de HIV, s\u00edfilis, Hepatite B e C. Cerca de 30 profissionais de sa\u00fade do munic\u00edpio de Campos dos Goytacazes est\u00e3o participando do treinamento, realizado no t\u00e9rreo do pr\u00e9dio da Reitoria. Segundo a assistente social [&hellip;]","og_url":"https:\/\/portal1.uenf.br\/portal\/noticias\/capacitacao-para-teste-rapido-de-aids-dst-e-realizado-na-uenf\/","og_site_name":"UENF - Universidade Estadual do Norte Fluminense Darcy Ribeiro","article_published_time":"2022-07-13T15:03:41+00:00","og_image":[{"url":"https:\/\/uenf.br\/portal\/wp-content\/uploads\/2022\/07\/WhatsApp-Image-2022-07-13-at-11.44.14-768x1024.jpeg","type":"","width":"","height":""}],"author":"admin","twitter_card":"summary_large_image","twitter_misc":{"Escrito por":"admin","Est. tempo de leitura":"2 minutos"},"schema":{"@context":"https:\/\/schema.org","@graph":[{"@type":"Article","@id":"https:\/\/portal1.uenf.br\/portal\/noticias\/capacitacao-para-teste-rapido-de-aids-dst-e-realizado-na-uenf\/#article","isPartOf":{"@id":"https:\/\/portal1.uenf.br\/portal\/noticias\/capacitacao-para-teste-rapido-de-aids-dst-e-realizado-na-uenf\/"},"author":{"name":"admin","@id":"https:\/\/portal1.uenf.br\/portal\/#\/schema\/person\/068abbf03b6f8478c845bc8ded9270c7"},"headline":"Capacita\u00e7\u00e3o para teste r\u00e1pido de DST\/AIDS \u00e9 realizada na UENF","datePublished":"2022-07-13T15:03:41+00:00","mainEntityOfPage":{"@id":"https:\/\/portal1.uenf.br\/portal\/noticias\/capacitacao-para-teste-rapido-de-aids-dst-e-realizado-na-uenf\/"},"wordCount":412,"publisher":{"@id":"https:\/\/portal1.uenf.br\/portal\/#organization"},"image":{"@id":"https:\/\/portal1.uenf.br\/portal\/noticias\/capacitacao-para-teste-rapido-de-aids-dst-e-realizado-na-uenf\/#primaryimage"},"thumbnailUrl":"https:\/\/uenf.br\/portal\/wp-content\/uploads\/2022\/07\/WhatsApp-Image-2022-07-13-at-11.44.14-768x1024.jpeg","articleSection":["Not\u00edcias"],"inLanguage":"pt-BR"},{"@type":"WebPage","@id":"https:\/\/portal1.uenf.br\/portal\/noticias\/capacitacao-para-teste-rapido-de-aids-dst-e-realizado-na-uenf\/","url":"https:\/\/portal1.uenf.br\/portal\/noticias\/capacitacao-para-teste-rapido-de-aids-dst-e-realizado-na-uenf\/","name":"Capacita\u00e7\u00e3o para teste r\u00e1pido de DST\/AIDS \u00e9 realizada na UENF - UENF - Universidade Estadual do Norte Fluminense Darcy Ribeiro","isPartOf":{"@id":"https:\/\/portal1.uenf.br\/portal\/#website"},"primaryImageOfPage":{"@id":"https:\/\/portal1.uenf.br\/portal\/noticias\/capacitacao-para-teste-rapido-de-aids-dst-e-realizado-na-uenf\/#primaryimage"},"image":{"@id":"https:\/\/portal1.uenf.br\/portal\/noticias\/capacitacao-para-teste-rapido-de-aids-dst-e-realizado-na-uenf\/#primaryimage"},"thumbnailUrl":"https:\/\/uenf.br\/portal\/wp-content\/uploads\/2022\/07\/WhatsApp-Image-2022-07-13-at-11.44.14-768x1024.jpeg","datePublished":"2022-07-13T15:03:41+00:00","breadcrumb":{"@id":"https:\/\/portal1.uenf.br\/portal\/noticias\/capacitacao-para-teste-rapido-de-aids-dst-e-realizado-na-uenf\/#breadcrumb"},"inLanguage":"pt-BR","potentialAction":[{"@type":"ReadAction","target":["https:\/\/portal1.uenf.br\/portal\/noticias\/capacitacao-para-teste-rapido-de-aids-dst-e-realizado-na-uenf\/"]}]},{"@type":"ImageObject","inLanguage":"pt-BR","@id":"https:\/\/portal1.uenf.br\/portal\/noticias\/capacitacao-para-teste-rapido-de-aids-dst-e-realizado-na-uenf\/#primaryimage","url":"https:\/\/uenf.br\/portal\/wp-content\/uploads\/2022\/07\/WhatsApp-Image-2022-07-13-at-11.44.14-768x1024.jpeg","contentUrl":"https:\/\/uenf.br\/portal\/wp-content\/uploads\/2022\/07\/WhatsApp-Image-2022-07-13-at-11.44.14-768x1024.jpeg"},{"@type":"BreadcrumbList","@id":"https:\/\/portal1.uenf.br\/portal\/noticias\/capacitacao-para-teste-rapido-de-aids-dst-e-realizado-na-uenf\/#breadcrumb","itemListElement":[{"@type":"ListItem","position":1,"name":"In\u00edcio","item":"https:\/\/portal1.uenf.br\/portal\/"},{"@type":"ListItem","position":2,"name":"Capacita\u00e7\u00e3o para teste r\u00e1pido de DST\/AIDS \u00e9 realizada na UENF"}]},{"@type":"WebSite","@id":"https:\/\/portal1.uenf.br\/portal\/#website","url":"https:\/\/portal1.uenf.br\/portal\/","name":"UENF - Universidade Estadual do Norte Fluminense Darcy Ribeiro","description":"","publisher":{"@id":"https:\/\/portal1.uenf.br\/portal\/#organization"},"potentialAction":[{"@type":"SearchAction","target":{"@type":"EntryPoint","urlTemplate":"https:\/\/portal1.uenf.br\/portal\/?s={search_term_string}"},"query-input":{"@type":"PropertyValueSpecification","valueRequired":true,"valueName":"search_term_string"}}],"inLanguage":"pt-BR"},{"@type":"Organization","@id":"https:\/\/portal1.uenf.br\/portal\/#organization","name":"UENF - Universidade Estadual do Norte Fluminense Darcy Ribeiro","url":"https:\/\/portal1.uenf.br\/portal\/","logo":{"@type":"ImageObject","inLanguage":"pt-BR","@id":"https:\/\/portal1.uenf.br\/portal\/#\/schema\/logo\/image\/","url":"https:\/\/portal1.uenf.br\/portal\/wp-content\/uploads\/2018\/06\/logo-uenf-invertido-1.png","contentUrl":"https:\/\/portal1.uenf.br\/portal\/wp-content\/uploads\/2018\/06\/logo-uenf-invertido-1.png","width":482,"height":83,"caption":"UENF - Universidade Estadual do Norte Fluminense Darcy Ribeiro"},"image":{"@id":"https:\/\/portal1.uenf.br\/portal\/#\/schema\/logo\/image\/"}},{"@type":"Person","@id":"https:\/\/portal1.uenf.br\/portal\/#\/schema\/person\/068abbf03b6f8478c845bc8ded9270c7","name":"admin","image":{"@type":"ImageObject","inLanguage":"pt-BR","@id":"https:\/\/portal1.uenf.br\/portal\/#\/schema\/person\/image\/","url":"https:\/\/secure.gravatar.com\/avatar\/e5ecf9e4fae0742f4b136f518195bafa7b2d3f7c709f4bdc6707588ef68a6e25?s=96&d=mm&r=g","contentUrl":"https:\/\/secure.gravatar.com\/avatar\/e5ecf9e4fae0742f4b136f518195bafa7b2d3f7c709f4bdc6707588ef68a6e25?s=96&d=mm&r=g","caption":"admin"},"sameAs":["https:\/\/portal1.uenf.br\/portal"],"url":"https:\/\/portal1.uenf.br\/portal\/author\/edson\/"}]}},"_links":{"self":[{"href":"https:\/\/portal1.uenf.br\/portal\/wp-json\/wp\/v2\/posts\/14606","targetHints":{"allow":["GET"]}}],"collection":[{"href":"https:\/\/portal1.uenf.br\/portal\/wp-json\/wp\/v2\/posts"}],"about":[{"href":"https:\/\/portal1.uenf.br\/portal\/wp-json\/wp\/v2\/types\/post"}],"author":[{"embeddable":true,"href":"https:\/\/portal1.uenf.br\/portal\/wp-json\/wp\/v2\/users\/1"}],"replies":[{"embeddable":true,"href":"https:\/\/portal1.uenf.br\/portal\/wp-json\/wp\/v2\/comments?post=14606"}],"version-history":[{"count":0,"href":"https:\/\/portal1.uenf.br\/portal\/wp-json\/wp\/v2\/posts\/14606\/revisions"}],"wp:attachment":[{"href":"https:\/\/portal1.uenf.br\/portal\/wp-json\/wp\/v2\/media?parent=14606"}],"wp:term":[{"taxonomy":"category","embeddable":true,"href":"https:\/\/portal1.uenf.br\/portal\/wp-json\/wp\/v2\/categories?post=14606"},{"taxonomy":"post_tag","embeddable":true,"href":"https:\/\/portal1.uenf.br\/portal\/wp-json\/wp\/v2\/tags?post=14606"}],"curies":[{"name":"wp","href":"https:\/\/api.w.org\/{rel}","templated":true}]}}