{"id":14483,"date":"2022-07-04T16:20:47","date_gmt":"2022-07-04T19:20:47","guid":{"rendered":"https:\/\/uenf.br\/portal\/?p=14483"},"modified":"2022-07-04T16:20:47","modified_gmt":"2022-07-04T19:20:47","slug":"uenf-se-torna-membro-da-iniciativa-impacto-academico-das-nacoes-unidas-unai","status":"publish","type":"post","link":"https:\/\/portal1.uenf.br\/portal\/noticias\/uenf-se-torna-membro-da-iniciativa-impacto-academico-das-nacoes-unidas-unai\/","title":{"rendered":"UENF se torna membro da Iniciativa Impacto Acad\u00eamico das Na\u00e7\u00f5es Unidas (UNAI)"},"content":{"rendered":"\n<div class=\"wp-block-image\"><figure class=\"aligncenter size-full is-resized\"><img fetchpriority=\"high\" decoding=\"async\" src=\"https:\/\/uenf.br\/portal\/wp-content\/uploads\/2022\/07\/uenf.webp\" alt=\"\" class=\"wp-image-14521\" width=\"614\" height=\"381\"\/><\/figure><\/div>\n\n\n\n<p>A UENF foi admitida no United Nations Academic Impact &#8211; UNAI (Iniciativa Impacto Acad\u00eamico das Na\u00e7\u00f5es Unidas), uma rede com mais de 1.400 institui\u00e7\u00f5es de ensino superior, em 147 pa\u00edses, para o interc\u00e2mbio de ideias e projetos que impactem positivamente a sociedade. O UNAI tem o objetivo de promover uma nova cultura de responsabilidade social intelectual, com o compromisso de apoiar princ\u00edpios fundamentais, como a liberdade de pesquisa, de opini\u00e3o e de express\u00e3o; oportunidades educacionais para todos; a cidadania global, a sustentabilidade e o di\u00e1logo, apoiando a realiza\u00e7\u00e3o dos Objetivos de Desenvolvimento do Mil\u00eanio (ODM).<\/p>\n\n\n\n<p>&#8220;A UENF sempre se comprometeu com a pesquisa para transforma\u00e7\u00f5es sociais sustent\u00e1veis e compartilhamento de conhecimento em n\u00edvel global. Seja lutando contra a pobreza e o desperd\u00edcio, pelo acesso educativo a todas e todos por igual, e inclusive em prol da conscientiza\u00e7\u00e3o comunit\u00e1ria do meio-ambiente, a UENF tem causado um impacto local positivo desde seu nascimento, e este esfor\u00e7o est\u00e1 em sintonia com os Objetivos do Mil\u00eanio da ONU. Agora, como membro da UNAI, poderemos compartilhar estes conhecimentos, atrair novas ideias e solu\u00e7\u00f5es, aprofundar as rela\u00e7\u00f5es interculturais&#8221;, afirma a professora \u00c2ngela Pierre Vit\u00f3ria, assessora Internacional e Interinstitucional da UENF.<\/p>\n\n\n\n<p>Segundo ela, a a\u00e7\u00e3o \u00e9 parte do Plano de Internacionaliza\u00e7\u00e3o da UENF (2020-2024), atrav\u00e9s do qual t\u00eam-se buscado n\u00e3o somente aumentar a imagem e o acesso internacional \u00e0 Universidade, como tamb\u00e9m promover uma cultura institucional de toler\u00e2ncia, consci\u00eancia e sustentabilidade.<\/p>\n\n\n\n<p>\u00c2ngela explica que o processo de inscri\u00e7\u00e3o de uma Institui\u00e7\u00e3o de Ensino Superior \u00e0 UNAI em si \u00e9 simples, feito atrav\u00e9s de um formul\u00e1rio em sua p\u00e1gina web. &#8220;O que \u00e9 interessante deste processo \u00e9 que para faz\u00ea-lo, \u00e9 preciso confiar nas a\u00e7\u00f5es da sua IES sobre sustentabilidade e transforma\u00e7\u00e3o positiva. Em outras palavras, \u00e9 cumprir com requisitos e expectativas para uma mudan\u00e7a real por meio da ci\u00eancia, da pesquisa e da educa\u00e7\u00e3o, possuindo e desenvolvendo capacidades e ferramentas para um futuro melhor para todos, sem exclus\u00f5es socioecon\u00f4micas&#8221;, afirma.<\/p>\n\n\n\n<p>A inscri\u00e7\u00e3o da UENF se deveu ao fato de que as pesquisas e projetos de extens\u00e3o da Universidade sempre se justificaram sobre a justi\u00e7a social, a sustentabilidade e o acesso. &#8220;Uma vez que temos que cumprir tais requisitos para nos inscrever na UNAI, isto tamb\u00e9m atesta e valida o bom curso da nossa Universidade para uma transforma\u00e7\u00e3o social de verdade. Estaremos em contato com outras IES, aprendendo suas pr\u00e1ticas, intercambiando conhecimentos e ampliando nossa atua\u00e7\u00e3o e imagem pelo mundo&#8221;, explica a professora. A contrapartida exigida pela UNAI \u00e9 a comunica\u00e7\u00e3o destas a\u00e7\u00f5es que a UENF j\u00e1 realiza, ou seja, fazer saber sobre eventos, projetos e pesquisas a uma rede de mais de 1.400 IES do mundo inteiro.<\/p>\n\n\n\n<p>Para a vice-reitora da UENF, Rosana Rodrigues, a admiss\u00e3o da UENF no UNAI reflete o reconhecimento do esfor\u00e7o que a Universidade tem empreendido na determina\u00e7\u00e3o de valorizar os Objetivos do Desenvolvimento Sustent\u00e1vel que comp\u00f5em a Agenda 2030 da ONU.<\/p>\n\n\n\n<p>&#8220;Isso inclui o combate a todas formas de preconceito, discrimina\u00e7\u00e3o e intoler\u00e2ncia, e o fortalecimento de pesquisas e a\u00e7\u00f5es alinhadas com o desenvolvimento econ\u00f4mico, social e ambiental. No Brasil, outras institui\u00e7\u00f5es como a UFMG, a UFPA e a Unicamp tamb\u00e9m fazem parte do UNAI. N\u00f3s nos sentimos muito felizes por termos sido reconhecidos internacionalmente como uma institui\u00e7\u00e3o comprometida com o ensino, a pesquisa e a extens\u00e3o em conson\u00e2ncia com uma agenda de desenvolvimento sustent\u00e1vel&#8221;, disse.<\/p>\n\n\n\n<p><\/p>\n","protected":false},"excerpt":{"rendered":"<p>A UENF foi admitida no United Nations Academic Impact &#8211; UNAI (Iniciativa Impacto Acad\u00eamico das Na\u00e7\u00f5es Unidas), uma rede com mais de 1.400 institui\u00e7\u00f5es de ensino superior, em 147 pa\u00edses, para o interc\u00e2mbio de ideias e projetos que impactem positivamente a sociedade. O UNAI tem o objetivo de promover uma nova cultura de responsabilidade social [&hellip;]<\/p>\n","protected":false},"author":1,"featured_media":0,"comment_status":"closed","ping_status":"closed","sticky":false,"template":"","format":"standard","meta":{"_eb_attr":"","ocean_post_layout":"","ocean_both_sidebars_style":"","ocean_both_sidebars_content_width":0,"ocean_both_sidebars_sidebars_width":0,"ocean_sidebar":"","ocean_second_sidebar":"","ocean_disable_margins":"enable","ocean_add_body_class":"","ocean_shortcode_before_top_bar":"","ocean_shortcode_after_top_bar":"","ocean_shortcode_before_header":"","ocean_shortcode_after_header":"","ocean_has_shortcode":"","ocean_shortcode_after_title":"","ocean_shortcode_before_footer_widgets":"","ocean_shortcode_after_footer_widgets":"","ocean_shortcode_before_footer_bottom":"","ocean_shortcode_after_footer_bottom":"","ocean_display_top_bar":"default","ocean_display_header":"default","ocean_header_style":"","ocean_center_header_left_menu":"","ocean_custom_header_template":"","ocean_custom_logo":0,"ocean_custom_retina_logo":0,"ocean_custom_logo_max_width":0,"ocean_custom_logo_tablet_max_width":0,"ocean_custom_logo_mobile_max_width":0,"ocean_custom_logo_max_height":0,"ocean_custom_logo_tablet_max_height":0,"ocean_custom_logo_mobile_max_height":0,"ocean_header_custom_menu":"","ocean_menu_typo_font_family":"","ocean_menu_typo_font_subset":"","ocean_menu_typo_font_size":0,"ocean_menu_typo_font_size_tablet":0,"ocean_menu_typo_font_size_mobile":0,"ocean_menu_typo_font_size_unit":"px","ocean_menu_typo_font_weight":"","ocean_menu_typo_font_weight_tablet":"","ocean_menu_typo_font_weight_mobile":"","ocean_menu_typo_transform":"","ocean_menu_typo_transform_tablet":"","ocean_menu_typo_transform_mobile":"","ocean_menu_typo_line_height":0,"ocean_menu_typo_line_height_tablet":0,"ocean_menu_typo_line_height_mobile":0,"ocean_menu_typo_line_height_unit":"","ocean_menu_typo_spacing":0,"ocean_menu_typo_spacing_tablet":0,"ocean_menu_typo_spacing_mobile":0,"ocean_menu_typo_spacing_unit":"","ocean_menu_link_color":"","ocean_menu_link_color_hover":"","ocean_menu_link_color_active":"","ocean_menu_link_background":"","ocean_menu_link_hover_background":"","ocean_menu_link_active_background":"","ocean_menu_social_links_bg":"","ocean_menu_social_hover_links_bg":"","ocean_menu_social_links_color":"","ocean_menu_social_hover_links_color":"","ocean_disable_title":"default","ocean_disable_heading":"default","ocean_post_title":"","ocean_post_subheading":"","ocean_post_title_style":"","ocean_post_title_background_color":"","ocean_post_title_background":0,"ocean_post_title_bg_image_position":"","ocean_post_title_bg_image_attachment":"","ocean_post_title_bg_image_repeat":"","ocean_post_title_bg_image_size":"","ocean_post_title_height":0,"ocean_post_title_bg_overlay":0.5,"ocean_post_title_bg_overlay_color":"","ocean_disable_breadcrumbs":"default","ocean_breadcrumbs_color":"","ocean_breadcrumbs_separator_color":"","ocean_breadcrumbs_links_color":"","ocean_breadcrumbs_links_hover_color":"","ocean_display_footer_widgets":"default","ocean_display_footer_bottom":"default","ocean_custom_footer_template":"","ocean_post_oembed":"","ocean_post_self_hosted_media":"","ocean_post_video_embed":"","ocean_link_format":"","ocean_link_format_target":"self","ocean_quote_format":"","ocean_quote_format_link":"post","ocean_gallery_link_images":"off","ocean_gallery_id":[],"footnotes":""},"categories":[8],"tags":[],"class_list":["post-14483","post","type-post","status-publish","format-standard","hentry","category-noticias","entry"],"yoast_head":"<!-- This site is optimized with the Yoast SEO plugin v26.5 - https:\/\/yoast.com\/wordpress\/plugins\/seo\/ -->\n<title>UENF se torna membro da Iniciativa Impacto Acad\u00eamico das Na\u00e7\u00f5es Unidas (UNAI) - UENF - Universidade Estadual do Norte Fluminense Darcy Ribeiro<\/title>\n<meta name=\"robots\" content=\"noindex, follow, max-snippet:-1, max-image-preview:large, max-video-preview:-1\" \/>\n<meta property=\"og:locale\" content=\"pt_BR\" \/>\n<meta property=\"og:type\" content=\"article\" \/>\n<meta property=\"og:title\" content=\"UENF se torna membro da Iniciativa Impacto Acad\u00eamico das Na\u00e7\u00f5es Unidas (UNAI) - UENF - Universidade Estadual do Norte Fluminense Darcy Ribeiro\" \/>\n<meta property=\"og:description\" content=\"A UENF foi admitida no United Nations Academic Impact &#8211; UNAI (Iniciativa Impacto Acad\u00eamico das Na\u00e7\u00f5es Unidas), uma rede com mais de 1.400 institui\u00e7\u00f5es de ensino superior, em 147 pa\u00edses, para o interc\u00e2mbio de ideias e projetos que impactem positivamente a sociedade. O UNAI tem o objetivo de promover uma nova cultura de responsabilidade social [&hellip;]\" \/>\n<meta property=\"og:url\" content=\"https:\/\/portal1.uenf.br\/portal\/noticias\/uenf-se-torna-membro-da-iniciativa-impacto-academico-das-nacoes-unidas-unai\/\" \/>\n<meta property=\"og:site_name\" content=\"UENF - Universidade Estadual do Norte Fluminense Darcy Ribeiro\" \/>\n<meta property=\"article:published_time\" content=\"2022-07-04T19:20:47+00:00\" \/>\n<meta property=\"og:image\" content=\"https:\/\/uenf.br\/portal\/wp-content\/uploads\/2022\/07\/uenf.webp\" \/>\n<meta name=\"author\" content=\"admin\" \/>\n<meta name=\"twitter:card\" content=\"summary_large_image\" \/>\n<meta name=\"twitter:label1\" content=\"Escrito por\" \/>\n\t<meta name=\"twitter:data1\" content=\"admin\" \/>\n\t<meta name=\"twitter:label2\" content=\"Est. tempo de leitura\" \/>\n\t<meta name=\"twitter:data2\" content=\"3 minutos\" \/>\n<script type=\"application\/ld+json\" class=\"yoast-schema-graph\">{\"@context\":\"https:\/\/schema.org\",\"@graph\":[{\"@type\":\"Article\",\"@id\":\"https:\/\/portal1.uenf.br\/portal\/noticias\/uenf-se-torna-membro-da-iniciativa-impacto-academico-das-nacoes-unidas-unai\/#article\",\"isPartOf\":{\"@id\":\"https:\/\/portal1.uenf.br\/portal\/noticias\/uenf-se-torna-membro-da-iniciativa-impacto-academico-das-nacoes-unidas-unai\/\"},\"author\":{\"name\":\"admin\",\"@id\":\"https:\/\/portal1.uenf.br\/portal\/#\/schema\/person\/068abbf03b6f8478c845bc8ded9270c7\"},\"headline\":\"UENF se torna membro da Iniciativa Impacto Acad\u00eamico das Na\u00e7\u00f5es Unidas (UNAI)\",\"datePublished\":\"2022-07-04T19:20:47+00:00\",\"mainEntityOfPage\":{\"@id\":\"https:\/\/portal1.uenf.br\/portal\/noticias\/uenf-se-torna-membro-da-iniciativa-impacto-academico-das-nacoes-unidas-unai\/\"},\"wordCount\":623,\"publisher\":{\"@id\":\"https:\/\/portal1.uenf.br\/portal\/#organization\"},\"image\":{\"@id\":\"https:\/\/portal1.uenf.br\/portal\/noticias\/uenf-se-torna-membro-da-iniciativa-impacto-academico-das-nacoes-unidas-unai\/#primaryimage\"},\"thumbnailUrl\":\"https:\/\/uenf.br\/portal\/wp-content\/uploads\/2022\/07\/uenf.webp\",\"articleSection\":[\"Not\u00edcias\"],\"inLanguage\":\"pt-BR\"},{\"@type\":\"WebPage\",\"@id\":\"https:\/\/portal1.uenf.br\/portal\/noticias\/uenf-se-torna-membro-da-iniciativa-impacto-academico-das-nacoes-unidas-unai\/\",\"url\":\"https:\/\/portal1.uenf.br\/portal\/noticias\/uenf-se-torna-membro-da-iniciativa-impacto-academico-das-nacoes-unidas-unai\/\",\"name\":\"UENF se torna membro da Iniciativa Impacto Acad\u00eamico das Na\u00e7\u00f5es Unidas (UNAI) - UENF - Universidade Estadual do Norte Fluminense Darcy Ribeiro\",\"isPartOf\":{\"@id\":\"https:\/\/portal1.uenf.br\/portal\/#website\"},\"primaryImageOfPage\":{\"@id\":\"https:\/\/portal1.uenf.br\/portal\/noticias\/uenf-se-torna-membro-da-iniciativa-impacto-academico-das-nacoes-unidas-unai\/#primaryimage\"},\"image\":{\"@id\":\"https:\/\/portal1.uenf.br\/portal\/noticias\/uenf-se-torna-membro-da-iniciativa-impacto-academico-das-nacoes-unidas-unai\/#primaryimage\"},\"thumbnailUrl\":\"https:\/\/uenf.br\/portal\/wp-content\/uploads\/2022\/07\/uenf.webp\",\"datePublished\":\"2022-07-04T19:20:47+00:00\",\"breadcrumb\":{\"@id\":\"https:\/\/portal1.uenf.br\/portal\/noticias\/uenf-se-torna-membro-da-iniciativa-impacto-academico-das-nacoes-unidas-unai\/#breadcrumb\"},\"inLanguage\":\"pt-BR\",\"potentialAction\":[{\"@type\":\"ReadAction\",\"target\":[\"https:\/\/portal1.uenf.br\/portal\/noticias\/uenf-se-torna-membro-da-iniciativa-impacto-academico-das-nacoes-unidas-unai\/\"]}]},{\"@type\":\"ImageObject\",\"inLanguage\":\"pt-BR\",\"@id\":\"https:\/\/portal1.uenf.br\/portal\/noticias\/uenf-se-torna-membro-da-iniciativa-impacto-academico-das-nacoes-unidas-unai\/#primaryimage\",\"url\":\"https:\/\/uenf.br\/portal\/wp-content\/uploads\/2022\/07\/uenf.webp\",\"contentUrl\":\"https:\/\/uenf.br\/portal\/wp-content\/uploads\/2022\/07\/uenf.webp\"},{\"@type\":\"BreadcrumbList\",\"@id\":\"https:\/\/portal1.uenf.br\/portal\/noticias\/uenf-se-torna-membro-da-iniciativa-impacto-academico-das-nacoes-unidas-unai\/#breadcrumb\",\"itemListElement\":[{\"@type\":\"ListItem\",\"position\":1,\"name\":\"In\u00edcio\",\"item\":\"https:\/\/portal1.uenf.br\/portal\/\"},{\"@type\":\"ListItem\",\"position\":2,\"name\":\"UENF se torna membro da Iniciativa Impacto Acad\u00eamico das Na\u00e7\u00f5es Unidas (UNAI)\"}]},{\"@type\":\"WebSite\",\"@id\":\"https:\/\/portal1.uenf.br\/portal\/#website\",\"url\":\"https:\/\/portal1.uenf.br\/portal\/\",\"name\":\"UENF - Universidade Estadual do Norte Fluminense Darcy Ribeiro\",\"description\":\"\",\"publisher\":{\"@id\":\"https:\/\/portal1.uenf.br\/portal\/#organization\"},\"potentialAction\":[{\"@type\":\"SearchAction\",\"target\":{\"@type\":\"EntryPoint\",\"urlTemplate\":\"https:\/\/portal1.uenf.br\/portal\/?s={search_term_string}\"},\"query-input\":{\"@type\":\"PropertyValueSpecification\",\"valueRequired\":true,\"valueName\":\"search_term_string\"}}],\"inLanguage\":\"pt-BR\"},{\"@type\":\"Organization\",\"@id\":\"https:\/\/portal1.uenf.br\/portal\/#organization\",\"name\":\"UENF - Universidade Estadual do Norte Fluminense Darcy Ribeiro\",\"url\":\"https:\/\/portal1.uenf.br\/portal\/\",\"logo\":{\"@type\":\"ImageObject\",\"inLanguage\":\"pt-BR\",\"@id\":\"https:\/\/portal1.uenf.br\/portal\/#\/schema\/logo\/image\/\",\"url\":\"https:\/\/portal1.uenf.br\/portal\/wp-content\/uploads\/2018\/06\/logo-uenf-invertido-1.png\",\"contentUrl\":\"https:\/\/portal1.uenf.br\/portal\/wp-content\/uploads\/2018\/06\/logo-uenf-invertido-1.png\",\"width\":482,\"height\":83,\"caption\":\"UENF - Universidade Estadual do Norte Fluminense Darcy Ribeiro\"},\"image\":{\"@id\":\"https:\/\/portal1.uenf.br\/portal\/#\/schema\/logo\/image\/\"}},{\"@type\":\"Person\",\"@id\":\"https:\/\/portal1.uenf.br\/portal\/#\/schema\/person\/068abbf03b6f8478c845bc8ded9270c7\",\"name\":\"admin\",\"image\":{\"@type\":\"ImageObject\",\"inLanguage\":\"pt-BR\",\"@id\":\"https:\/\/portal1.uenf.br\/portal\/#\/schema\/person\/image\/\",\"url\":\"https:\/\/secure.gravatar.com\/avatar\/e5ecf9e4fae0742f4b136f518195bafa7b2d3f7c709f4bdc6707588ef68a6e25?s=96&d=mm&r=g\",\"contentUrl\":\"https:\/\/secure.gravatar.com\/avatar\/e5ecf9e4fae0742f4b136f518195bafa7b2d3f7c709f4bdc6707588ef68a6e25?s=96&d=mm&r=g\",\"caption\":\"admin\"},\"sameAs\":[\"https:\/\/portal1.uenf.br\/portal\"],\"url\":\"https:\/\/portal1.uenf.br\/portal\/author\/edson\/\"}]}<\/script>\n<!-- \/ Yoast SEO plugin. -->","yoast_head_json":{"title":"UENF se torna membro da Iniciativa Impacto Acad\u00eamico das Na\u00e7\u00f5es Unidas (UNAI) - UENF - Universidade Estadual do Norte Fluminense Darcy Ribeiro","robots":{"index":"noindex","follow":"follow","max-snippet":"max-snippet:-1","max-image-preview":"max-image-preview:large","max-video-preview":"max-video-preview:-1"},"og_locale":"pt_BR","og_type":"article","og_title":"UENF se torna membro da Iniciativa Impacto Acad\u00eamico das Na\u00e7\u00f5es Unidas (UNAI) - UENF - Universidade Estadual do Norte Fluminense Darcy Ribeiro","og_description":"A UENF foi admitida no United Nations Academic Impact &#8211; UNAI (Iniciativa Impacto Acad\u00eamico das Na\u00e7\u00f5es Unidas), uma rede com mais de 1.400 institui\u00e7\u00f5es de ensino superior, em 147 pa\u00edses, para o interc\u00e2mbio de ideias e projetos que impactem positivamente a sociedade. O UNAI tem o objetivo de promover uma nova cultura de responsabilidade social [&hellip;]","og_url":"https:\/\/portal1.uenf.br\/portal\/noticias\/uenf-se-torna-membro-da-iniciativa-impacto-academico-das-nacoes-unidas-unai\/","og_site_name":"UENF - Universidade Estadual do Norte Fluminense Darcy Ribeiro","article_published_time":"2022-07-04T19:20:47+00:00","og_image":[{"url":"https:\/\/uenf.br\/portal\/wp-content\/uploads\/2022\/07\/uenf.webp","type":"","width":"","height":""}],"author":"admin","twitter_card":"summary_large_image","twitter_misc":{"Escrito por":"admin","Est. tempo de leitura":"3 minutos"},"schema":{"@context":"https:\/\/schema.org","@graph":[{"@type":"Article","@id":"https:\/\/portal1.uenf.br\/portal\/noticias\/uenf-se-torna-membro-da-iniciativa-impacto-academico-das-nacoes-unidas-unai\/#article","isPartOf":{"@id":"https:\/\/portal1.uenf.br\/portal\/noticias\/uenf-se-torna-membro-da-iniciativa-impacto-academico-das-nacoes-unidas-unai\/"},"author":{"name":"admin","@id":"https:\/\/portal1.uenf.br\/portal\/#\/schema\/person\/068abbf03b6f8478c845bc8ded9270c7"},"headline":"UENF se torna membro da Iniciativa Impacto Acad\u00eamico das Na\u00e7\u00f5es Unidas (UNAI)","datePublished":"2022-07-04T19:20:47+00:00","mainEntityOfPage":{"@id":"https:\/\/portal1.uenf.br\/portal\/noticias\/uenf-se-torna-membro-da-iniciativa-impacto-academico-das-nacoes-unidas-unai\/"},"wordCount":623,"publisher":{"@id":"https:\/\/portal1.uenf.br\/portal\/#organization"},"image":{"@id":"https:\/\/portal1.uenf.br\/portal\/noticias\/uenf-se-torna-membro-da-iniciativa-impacto-academico-das-nacoes-unidas-unai\/#primaryimage"},"thumbnailUrl":"https:\/\/uenf.br\/portal\/wp-content\/uploads\/2022\/07\/uenf.webp","articleSection":["Not\u00edcias"],"inLanguage":"pt-BR"},{"@type":"WebPage","@id":"https:\/\/portal1.uenf.br\/portal\/noticias\/uenf-se-torna-membro-da-iniciativa-impacto-academico-das-nacoes-unidas-unai\/","url":"https:\/\/portal1.uenf.br\/portal\/noticias\/uenf-se-torna-membro-da-iniciativa-impacto-academico-das-nacoes-unidas-unai\/","name":"UENF se torna membro da Iniciativa Impacto Acad\u00eamico das Na\u00e7\u00f5es Unidas (UNAI) - UENF - Universidade Estadual do Norte Fluminense Darcy Ribeiro","isPartOf":{"@id":"https:\/\/portal1.uenf.br\/portal\/#website"},"primaryImageOfPage":{"@id":"https:\/\/portal1.uenf.br\/portal\/noticias\/uenf-se-torna-membro-da-iniciativa-impacto-academico-das-nacoes-unidas-unai\/#primaryimage"},"image":{"@id":"https:\/\/portal1.uenf.br\/portal\/noticias\/uenf-se-torna-membro-da-iniciativa-impacto-academico-das-nacoes-unidas-unai\/#primaryimage"},"thumbnailUrl":"https:\/\/uenf.br\/portal\/wp-content\/uploads\/2022\/07\/uenf.webp","datePublished":"2022-07-04T19:20:47+00:00","breadcrumb":{"@id":"https:\/\/portal1.uenf.br\/portal\/noticias\/uenf-se-torna-membro-da-iniciativa-impacto-academico-das-nacoes-unidas-unai\/#breadcrumb"},"inLanguage":"pt-BR","potentialAction":[{"@type":"ReadAction","target":["https:\/\/portal1.uenf.br\/portal\/noticias\/uenf-se-torna-membro-da-iniciativa-impacto-academico-das-nacoes-unidas-unai\/"]}]},{"@type":"ImageObject","inLanguage":"pt-BR","@id":"https:\/\/portal1.uenf.br\/portal\/noticias\/uenf-se-torna-membro-da-iniciativa-impacto-academico-das-nacoes-unidas-unai\/#primaryimage","url":"https:\/\/uenf.br\/portal\/wp-content\/uploads\/2022\/07\/uenf.webp","contentUrl":"https:\/\/uenf.br\/portal\/wp-content\/uploads\/2022\/07\/uenf.webp"},{"@type":"BreadcrumbList","@id":"https:\/\/portal1.uenf.br\/portal\/noticias\/uenf-se-torna-membro-da-iniciativa-impacto-academico-das-nacoes-unidas-unai\/#breadcrumb","itemListElement":[{"@type":"ListItem","position":1,"name":"In\u00edcio","item":"https:\/\/portal1.uenf.br\/portal\/"},{"@type":"ListItem","position":2,"name":"UENF se torna membro da Iniciativa Impacto Acad\u00eamico das Na\u00e7\u00f5es Unidas (UNAI)"}]},{"@type":"WebSite","@id":"https:\/\/portal1.uenf.br\/portal\/#website","url":"https:\/\/portal1.uenf.br\/portal\/","name":"UENF - Universidade Estadual do Norte Fluminense Darcy Ribeiro","description":"","publisher":{"@id":"https:\/\/portal1.uenf.br\/portal\/#organization"},"potentialAction":[{"@type":"SearchAction","target":{"@type":"EntryPoint","urlTemplate":"https:\/\/portal1.uenf.br\/portal\/?s={search_term_string}"},"query-input":{"@type":"PropertyValueSpecification","valueRequired":true,"valueName":"search_term_string"}}],"inLanguage":"pt-BR"},{"@type":"Organization","@id":"https:\/\/portal1.uenf.br\/portal\/#organization","name":"UENF - Universidade Estadual do Norte Fluminense Darcy Ribeiro","url":"https:\/\/portal1.uenf.br\/portal\/","logo":{"@type":"ImageObject","inLanguage":"pt-BR","@id":"https:\/\/portal1.uenf.br\/portal\/#\/schema\/logo\/image\/","url":"https:\/\/portal1.uenf.br\/portal\/wp-content\/uploads\/2018\/06\/logo-uenf-invertido-1.png","contentUrl":"https:\/\/portal1.uenf.br\/portal\/wp-content\/uploads\/2018\/06\/logo-uenf-invertido-1.png","width":482,"height":83,"caption":"UENF - Universidade Estadual do Norte Fluminense Darcy Ribeiro"},"image":{"@id":"https:\/\/portal1.uenf.br\/portal\/#\/schema\/logo\/image\/"}},{"@type":"Person","@id":"https:\/\/portal1.uenf.br\/portal\/#\/schema\/person\/068abbf03b6f8478c845bc8ded9270c7","name":"admin","image":{"@type":"ImageObject","inLanguage":"pt-BR","@id":"https:\/\/portal1.uenf.br\/portal\/#\/schema\/person\/image\/","url":"https:\/\/secure.gravatar.com\/avatar\/e5ecf9e4fae0742f4b136f518195bafa7b2d3f7c709f4bdc6707588ef68a6e25?s=96&d=mm&r=g","contentUrl":"https:\/\/secure.gravatar.com\/avatar\/e5ecf9e4fae0742f4b136f518195bafa7b2d3f7c709f4bdc6707588ef68a6e25?s=96&d=mm&r=g","caption":"admin"},"sameAs":["https:\/\/portal1.uenf.br\/portal"],"url":"https:\/\/portal1.uenf.br\/portal\/author\/edson\/"}]}},"_links":{"self":[{"href":"https:\/\/portal1.uenf.br\/portal\/wp-json\/wp\/v2\/posts\/14483","targetHints":{"allow":["GET"]}}],"collection":[{"href":"https:\/\/portal1.uenf.br\/portal\/wp-json\/wp\/v2\/posts"}],"about":[{"href":"https:\/\/portal1.uenf.br\/portal\/wp-json\/wp\/v2\/types\/post"}],"author":[{"embeddable":true,"href":"https:\/\/portal1.uenf.br\/portal\/wp-json\/wp\/v2\/users\/1"}],"replies":[{"embeddable":true,"href":"https:\/\/portal1.uenf.br\/portal\/wp-json\/wp\/v2\/comments?post=14483"}],"version-history":[{"count":0,"href":"https:\/\/portal1.uenf.br\/portal\/wp-json\/wp\/v2\/posts\/14483\/revisions"}],"wp:attachment":[{"href":"https:\/\/portal1.uenf.br\/portal\/wp-json\/wp\/v2\/media?parent=14483"}],"wp:term":[{"taxonomy":"category","embeddable":true,"href":"https:\/\/portal1.uenf.br\/portal\/wp-json\/wp\/v2\/categories?post=14483"},{"taxonomy":"post_tag","embeddable":true,"href":"https:\/\/portal1.uenf.br\/portal\/wp-json\/wp\/v2\/tags?post=14483"}],"curies":[{"name":"wp","href":"https:\/\/api.w.org\/{rel}","templated":true}]}}