{"id":13164,"date":"2022-03-21T16:10:30","date_gmt":"2022-03-21T19:10:30","guid":{"rendered":"https:\/\/uenf.br\/portal\/?p=13164"},"modified":"2022-03-21T16:10:30","modified_gmt":"2022-03-21T19:10:30","slug":"uenf-e-prefeitura-de-cabo-frio-inauguram-estacao-meteorologica-na-escola-municipal-edilson-duarte","status":"publish","type":"post","link":"https:\/\/portal1.uenf.br\/portal\/noticias\/uenf-e-prefeitura-de-cabo-frio-inauguram-estacao-meteorologica-na-escola-municipal-edilson-duarte\/","title":{"rendered":"UENF e Prefeitura de Cabo Frio inauguram Esta\u00e7\u00e3o Meteorol\u00f3gica na Escola Municipal Edilson Duarte"},"content":{"rendered":"\n<div class=\"wp-block-image\"><figure class=\"aligncenter size-large is-resized\"><img fetchpriority=\"high\" decoding=\"async\" src=\"https:\/\/uenf.br\/portal\/wp-content\/uploads\/2022\/03\/WhatsApp-Image-2022-03-11-at-14.47.35-3-1024x1024.jpeg\" alt=\"\" class=\"wp-image-13201\" width=\"414\" height=\"414\"\/><figcaption>A programa\u00e7\u00e3o tem inicio \u00e0s 8h<\/figcaption><\/figure><\/div>\n\n\n\n<p>A Universidade Estadual do Norte Fluminense Darcy Ribeiro (UENF) e a Escola Municipal Professor Edilson Duarte, de Cabo Frio, inauguram nesta ter\u00e7a-feira, 22\/03\/22, Dia Mundial da \u00c1gua, uma Esta\u00e7\u00e3o Meteorol\u00f3gica. A iniciativa faz parte do projeto Escola Parceira da UENF, que tem como objetivo uma maior integra\u00e7\u00e3o dos alunos do Ensino Fundamental e do Ensino M\u00e9dio com as pesquisas realizadas pela universidade. Junto com a esta\u00e7\u00e3o, a escola tamb\u00e9m far\u00e1 a inaugura\u00e7\u00e3o da R\u00e1dio Vagalume, dirigida e operada pelos alunos.  <\/p>\n\n\n\n<p>A instala\u00e7\u00e3o da esta\u00e7\u00e3o permitir\u00e1 o acompanhamento das varia\u00e7\u00f5es clim\u00e1ticas da regi\u00e3o. Composta por sensores externos que medem a temperatura, umidade do ar, dire\u00e7\u00e3o e velocidade do vento, radia\u00e7\u00e3o, quantidade de chuva e press\u00e3o atmosf\u00e9rica, a esta\u00e7\u00e3o tem um n\u00edvel extremamente sofisticado de tecnologia e seus dados, que ficam armazenados em nuvem, podem ser acessados atrav\u00e9s de computadores ou aplicativos de celular. <\/p>\n\n\n\n<p>Com uma movimenta\u00e7\u00e3o mundial de aproximadamente um bilh\u00e3o de reais no primeiro semestre de 2021, a meteorologia \u00e9 uma dos segmentos profissionais mais valorizados no mercado de trabalho atual. Para a professora da UENF e chefe do Laborat\u00f3rio de Meteorologia, Maria Gertrudes Justi, a meteorologia \u00e9 fundamental tanto para as a\u00e7\u00f5es pessoais dos indiv\u00edduos como para as atividades econ\u00f4micas. <\/p>\n\n\n\n<p>&#8220;Com o funcionamento da esta\u00e7\u00e3o na escola, o aluno vai perceber como \u00e9 feito o servi\u00e7o da meteorologia. Vai poder acompanhar as informa\u00e7\u00f5es de v\u00e1rios locais e utiliz\u00e1-las de forma integrada para fazer as previs\u00f5es de tempo e acompanhar as varia\u00e7\u00f5es clim\u00e1ticas. \u00c9 o conhecimento aliado \u00e0 tecnologia que estar\u00e1 dispon\u00edvel para discuss\u00f5es desde o ensino fundamental at\u00e9 a universidade, com complexidades diferentes de estudo&#8221;, afirma. <\/p>\n\n\n\n<p>A inaugura\u00e7\u00e3o, que tamb\u00e9m marca os 45 anos da escola, ter\u00e1 uma intensa programa\u00e7\u00e3o para os alunos e professores. \u00c0s 10h, a professora Maria Gertrudes Justi, da UENF, vai apresentar a palestra \u201c\u00c1gua, Clima e Mudan\u00e7as Clim\u00e1ticas\u201d. \u00c0s 14h, ser\u00e1 ministrada a palestra \u201cEu, Voc\u00ea e a Agenda 2030\u201d, pela professora Rosana Rodrigues, do Laborat\u00f3rio de Melhoramento Gen\u00e9tico Vegetal da UENF (LMGV), que tamb\u00e9m atua como vice-reitora da UENF. \u00c0s 19h ser\u00e1 a vez do professor Raul Palacio, reitor da UENF e professor do Laborat\u00f3rio de Materiais Avan\u00e7ados da UENF, apresentar o tema \u201cA Teoria de Tudo\u201d.<\/p>\n\n\n\n<p>Para o reitor da UENF, o projeto &#8220;Escola Parceira da UENF&#8221; vai possibilitar \u00e0  Escola Professor Edilson Duarte participar de a\u00e7\u00f5es desenvolvidas pela Universidade no desenvolvimento da educa\u00e7\u00e3o regional. &#8220;A UENF tem desenvolvido diversas a\u00e7\u00f5es fomentando a promo\u00e7\u00e3o de pol\u00edticas p\u00fablicas em escolas da regi\u00e3o voltadas para \u00e0 educa\u00e7\u00e3o. A presen\u00e7a da Universidade na rede municipal de ensino \u00e9 muito importante para a forma\u00e7\u00e3o dos alunos das licenciaturas e para os alunos das escolas&#8221;, disse. <\/p>\n\n\n\n<p>Veja abaixo a  programa\u00e7\u00e3o completa do evento desta ter\u00e7a-feira:<\/p>\n\n\n\n<p>8h &#8211; 8h45- Abertura Oficial<\/p>\n\n\n\n<p>&#8211; Formatura de entrada dos alunos; &#8211; Hino Nacional Brasileiro;<br \/>&#8211; Palavra das Autoridades.<\/p>\n\n\n\n<p>8h45 &#8211; 9h15 &#8211; Inaugura\u00e7\u00e3o da R\u00e1dio VAGALUME &#8211; entrevistas e palavra da Dire\u00e7\u00e3o Escolar.<\/p>\n\n\n\n<p>9h15 &#8211; 9h45 &#8211; Inaugura\u00e7\u00e3o da Esta\u00e7\u00e3o Meteorol\u00f3gica da Escola Municipal Professor Edilson Duarte &#8211; Apresenta\u00e7\u00e3o da Professora Maria Gertrudes Justi (Laborat\u00f3rio de Meteorologia da UENF)<\/p>\n\n\n\n<p>9h45 &#8211; 10h &#8211; Caf\u00e9<\/p>\n\n\n\n<p>10h &#8211; Palestra: &#8220;\u00c1gua, Clima e Mudan\u00e7as Clim\u00e1ticas&#8221; (Professora Maria Gertrudes Justi (Laborat\u00f3rio de Meteorologia da UENF-LAMET)<\/p>\n\n\n\n<p>12h &#8211; Almo\u00e7o Especial &#8211; Estudantes<\/p>\n\n\n\n<p>12h30 &#8211; Almo\u00e7o Edilson Duarte\/ UENF e autoridades.<\/p>\n\n\n\n<p>14h &#8211; Palestra: &#8220;Eu, Voc\u00ea e a Agenda 2030&#8221; &#8211; Professora Rosana Rodrigues (Vice-reitora da UENF e professora do Laborat\u00f3rio de Melhoramento Gen\u00e9tico Vegetal da UENF-LMGV)<\/p>\n\n\n\n<p>16h &#8211; Lanche<\/p>\n\n\n\n<p>19h &#8211; Palestra: &#8220;A Teoria de Tudo&#8221; &#8211; Professor Raul Palacio (Reitor da UENF e professor do Laborat\u00f3rio de Materiais Avan\u00e7ados da UENF-LAMAV)<\/p>\n\n\n\n<p>20h &#8211; Encerramento Oficial &#8211; Jantar EMPED\/ UENF<\/p>\n\n\n\n<p>Para acessar os dados da Esta\u00e7\u00e3o Meteorol\u00f3gica Edilson Duarte <a href=\"https:\/\/www.wunderground.com\/weather\/br\/cabo-frio\/ICABOF4\"><strong>clique aqui<\/strong><\/a><\/p>\n\n\n\n<div class=\"wp-block-image\"><figure class=\"aligncenter size-full is-resized\"><img decoding=\"async\" src=\"https:\/\/uenf.br\/portal\/wp-content\/uploads\/2022\/03\/Captura-de-Tela-2022-03-21-a\u0300s-15.00.28.png\" alt=\"\" class=\"wp-image-13202\" width=\"197\" height=\"241\"\/><figcaption>Acesso via aplicativo de telefone<\/figcaption><\/figure><\/div>\n\n\n\n<p><\/p>\n\n\n\n<p><\/p>\n\n\n\n<p><\/p>\n","protected":false},"excerpt":{"rendered":"<p>A Universidade Estadual do Norte Fluminense Darcy Ribeiro (UENF) e a Escola Municipal Professor Edilson Duarte, de Cabo Frio, inauguram nesta ter\u00e7a-feira, 22\/03\/22, Dia Mundial da \u00c1gua, uma Esta\u00e7\u00e3o Meteorol\u00f3gica. A iniciativa faz parte do projeto Escola Parceira da UENF, que tem como objetivo uma maior integra\u00e7\u00e3o dos alunos do Ensino Fundamental e do Ensino [&hellip;]<\/p>\n","protected":false},"author":1,"featured_media":0,"comment_status":"closed","ping_status":"closed","sticky":false,"template":"","format":"standard","meta":{"_eb_attr":"","ocean_post_layout":"","ocean_both_sidebars_style":"","ocean_both_sidebars_content_width":0,"ocean_both_sidebars_sidebars_width":0,"ocean_sidebar":"","ocean_second_sidebar":"","ocean_disable_margins":"enable","ocean_add_body_class":"","ocean_shortcode_before_top_bar":"","ocean_shortcode_after_top_bar":"","ocean_shortcode_before_header":"","ocean_shortcode_after_header":"","ocean_has_shortcode":"","ocean_shortcode_after_title":"","ocean_shortcode_before_footer_widgets":"","ocean_shortcode_after_footer_widgets":"","ocean_shortcode_before_footer_bottom":"","ocean_shortcode_after_footer_bottom":"","ocean_display_top_bar":"default","ocean_display_header":"default","ocean_header_style":"","ocean_center_header_left_menu":"","ocean_custom_header_template":"","ocean_custom_logo":0,"ocean_custom_retina_logo":0,"ocean_custom_logo_max_width":0,"ocean_custom_logo_tablet_max_width":0,"ocean_custom_logo_mobile_max_width":0,"ocean_custom_logo_max_height":0,"ocean_custom_logo_tablet_max_height":0,"ocean_custom_logo_mobile_max_height":0,"ocean_header_custom_menu":"","ocean_menu_typo_font_family":"","ocean_menu_typo_font_subset":"","ocean_menu_typo_font_size":0,"ocean_menu_typo_font_size_tablet":0,"ocean_menu_typo_font_size_mobile":0,"ocean_menu_typo_font_size_unit":"px","ocean_menu_typo_font_weight":"","ocean_menu_typo_font_weight_tablet":"","ocean_menu_typo_font_weight_mobile":"","ocean_menu_typo_transform":"","ocean_menu_typo_transform_tablet":"","ocean_menu_typo_transform_mobile":"","ocean_menu_typo_line_height":0,"ocean_menu_typo_line_height_tablet":0,"ocean_menu_typo_line_height_mobile":0,"ocean_menu_typo_line_height_unit":"","ocean_menu_typo_spacing":0,"ocean_menu_typo_spacing_tablet":0,"ocean_menu_typo_spacing_mobile":0,"ocean_menu_typo_spacing_unit":"","ocean_menu_link_color":"","ocean_menu_link_color_hover":"","ocean_menu_link_color_active":"","ocean_menu_link_background":"","ocean_menu_link_hover_background":"","ocean_menu_link_active_background":"","ocean_menu_social_links_bg":"","ocean_menu_social_hover_links_bg":"","ocean_menu_social_links_color":"","ocean_menu_social_hover_links_color":"","ocean_disable_title":"default","ocean_disable_heading":"default","ocean_post_title":"","ocean_post_subheading":"","ocean_post_title_style":"","ocean_post_title_background_color":"","ocean_post_title_background":0,"ocean_post_title_bg_image_position":"","ocean_post_title_bg_image_attachment":"","ocean_post_title_bg_image_repeat":"","ocean_post_title_bg_image_size":"","ocean_post_title_height":0,"ocean_post_title_bg_overlay":0.5,"ocean_post_title_bg_overlay_color":"","ocean_disable_breadcrumbs":"default","ocean_breadcrumbs_color":"","ocean_breadcrumbs_separator_color":"","ocean_breadcrumbs_links_color":"","ocean_breadcrumbs_links_hover_color":"","ocean_display_footer_widgets":"default","ocean_display_footer_bottom":"default","ocean_custom_footer_template":"","ocean_post_oembed":"","ocean_post_self_hosted_media":"","ocean_post_video_embed":"","ocean_link_format":"","ocean_link_format_target":"self","ocean_quote_format":"","ocean_quote_format_link":"post","ocean_gallery_link_images":"off","ocean_gallery_id":[13202],"footnotes":""},"categories":[8],"tags":[],"class_list":["post-13164","post","type-post","status-publish","format-standard","hentry","category-noticias","entry"],"yoast_head":"<!-- This site is optimized with the Yoast SEO plugin v26.5 - https:\/\/yoast.com\/wordpress\/plugins\/seo\/ -->\n<title>UENF e Prefeitura de Cabo Frio inauguram Esta\u00e7\u00e3o Meteorol\u00f3gica na Escola Municipal Edilson Duarte - UENF - Universidade Estadual do Norte Fluminense Darcy Ribeiro<\/title>\n<meta name=\"robots\" content=\"noindex, follow, max-snippet:-1, max-image-preview:large, max-video-preview:-1\" \/>\n<meta property=\"og:locale\" content=\"pt_BR\" \/>\n<meta property=\"og:type\" content=\"article\" \/>\n<meta property=\"og:title\" content=\"UENF e Prefeitura de Cabo Frio inauguram Esta\u00e7\u00e3o Meteorol\u00f3gica na Escola Municipal Edilson Duarte - UENF - Universidade Estadual do Norte Fluminense Darcy Ribeiro\" \/>\n<meta property=\"og:description\" content=\"A Universidade Estadual do Norte Fluminense Darcy Ribeiro (UENF) e a Escola Municipal Professor Edilson Duarte, de Cabo Frio, inauguram nesta ter\u00e7a-feira, 22\/03\/22, Dia Mundial da \u00c1gua, uma Esta\u00e7\u00e3o Meteorol\u00f3gica. A iniciativa faz parte do projeto Escola Parceira da UENF, que tem como objetivo uma maior integra\u00e7\u00e3o dos alunos do Ensino Fundamental e do Ensino [&hellip;]\" \/>\n<meta property=\"og:url\" content=\"https:\/\/portal1.uenf.br\/portal\/noticias\/uenf-e-prefeitura-de-cabo-frio-inauguram-estacao-meteorologica-na-escola-municipal-edilson-duarte\/\" \/>\n<meta property=\"og:site_name\" content=\"UENF - Universidade Estadual do Norte Fluminense Darcy Ribeiro\" \/>\n<meta property=\"article:published_time\" content=\"2022-03-21T19:10:30+00:00\" \/>\n<meta property=\"og:image\" content=\"https:\/\/uenf.br\/portal\/wp-content\/uploads\/2022\/03\/WhatsApp-Image-2022-03-11-at-14.47.35-3-1024x1024.jpeg\" \/>\n<meta name=\"author\" content=\"admin\" \/>\n<meta name=\"twitter:card\" content=\"summary_large_image\" \/>\n<meta name=\"twitter:label1\" content=\"Escrito por\" \/>\n\t<meta name=\"twitter:data1\" content=\"admin\" \/>\n\t<meta name=\"twitter:label2\" content=\"Est. tempo de leitura\" \/>\n\t<meta name=\"twitter:data2\" content=\"3 minutos\" \/>\n<script type=\"application\/ld+json\" class=\"yoast-schema-graph\">{\"@context\":\"https:\/\/schema.org\",\"@graph\":[{\"@type\":\"Article\",\"@id\":\"https:\/\/portal1.uenf.br\/portal\/noticias\/uenf-e-prefeitura-de-cabo-frio-inauguram-estacao-meteorologica-na-escola-municipal-edilson-duarte\/#article\",\"isPartOf\":{\"@id\":\"https:\/\/portal1.uenf.br\/portal\/noticias\/uenf-e-prefeitura-de-cabo-frio-inauguram-estacao-meteorologica-na-escola-municipal-edilson-duarte\/\"},\"author\":{\"name\":\"admin\",\"@id\":\"https:\/\/portal1.uenf.br\/portal\/#\/schema\/person\/068abbf03b6f8478c845bc8ded9270c7\"},\"headline\":\"UENF e Prefeitura de Cabo Frio inauguram Esta\u00e7\u00e3o Meteorol\u00f3gica na Escola Municipal Edilson Duarte\",\"datePublished\":\"2022-03-21T19:10:30+00:00\",\"mainEntityOfPage\":{\"@id\":\"https:\/\/portal1.uenf.br\/portal\/noticias\/uenf-e-prefeitura-de-cabo-frio-inauguram-estacao-meteorologica-na-escola-municipal-edilson-duarte\/\"},\"wordCount\":709,\"publisher\":{\"@id\":\"https:\/\/portal1.uenf.br\/portal\/#organization\"},\"image\":{\"@id\":\"https:\/\/portal1.uenf.br\/portal\/noticias\/uenf-e-prefeitura-de-cabo-frio-inauguram-estacao-meteorologica-na-escola-municipal-edilson-duarte\/#primaryimage\"},\"thumbnailUrl\":\"https:\/\/uenf.br\/portal\/wp-content\/uploads\/2022\/03\/WhatsApp-Image-2022-03-11-at-14.47.35-3-1024x1024.jpeg\",\"articleSection\":[\"Not\u00edcias\"],\"inLanguage\":\"pt-BR\"},{\"@type\":\"WebPage\",\"@id\":\"https:\/\/portal1.uenf.br\/portal\/noticias\/uenf-e-prefeitura-de-cabo-frio-inauguram-estacao-meteorologica-na-escola-municipal-edilson-duarte\/\",\"url\":\"https:\/\/portal1.uenf.br\/portal\/noticias\/uenf-e-prefeitura-de-cabo-frio-inauguram-estacao-meteorologica-na-escola-municipal-edilson-duarte\/\",\"name\":\"UENF e Prefeitura de Cabo Frio inauguram Esta\u00e7\u00e3o Meteorol\u00f3gica na Escola Municipal Edilson Duarte - UENF - Universidade Estadual do Norte Fluminense Darcy Ribeiro\",\"isPartOf\":{\"@id\":\"https:\/\/portal1.uenf.br\/portal\/#website\"},\"primaryImageOfPage\":{\"@id\":\"https:\/\/portal1.uenf.br\/portal\/noticias\/uenf-e-prefeitura-de-cabo-frio-inauguram-estacao-meteorologica-na-escola-municipal-edilson-duarte\/#primaryimage\"},\"image\":{\"@id\":\"https:\/\/portal1.uenf.br\/portal\/noticias\/uenf-e-prefeitura-de-cabo-frio-inauguram-estacao-meteorologica-na-escola-municipal-edilson-duarte\/#primaryimage\"},\"thumbnailUrl\":\"https:\/\/uenf.br\/portal\/wp-content\/uploads\/2022\/03\/WhatsApp-Image-2022-03-11-at-14.47.35-3-1024x1024.jpeg\",\"datePublished\":\"2022-03-21T19:10:30+00:00\",\"breadcrumb\":{\"@id\":\"https:\/\/portal1.uenf.br\/portal\/noticias\/uenf-e-prefeitura-de-cabo-frio-inauguram-estacao-meteorologica-na-escola-municipal-edilson-duarte\/#breadcrumb\"},\"inLanguage\":\"pt-BR\",\"potentialAction\":[{\"@type\":\"ReadAction\",\"target\":[\"https:\/\/portal1.uenf.br\/portal\/noticias\/uenf-e-prefeitura-de-cabo-frio-inauguram-estacao-meteorologica-na-escola-municipal-edilson-duarte\/\"]}]},{\"@type\":\"ImageObject\",\"inLanguage\":\"pt-BR\",\"@id\":\"https:\/\/portal1.uenf.br\/portal\/noticias\/uenf-e-prefeitura-de-cabo-frio-inauguram-estacao-meteorologica-na-escola-municipal-edilson-duarte\/#primaryimage\",\"url\":\"https:\/\/uenf.br\/portal\/wp-content\/uploads\/2022\/03\/WhatsApp-Image-2022-03-11-at-14.47.35-3-1024x1024.jpeg\",\"contentUrl\":\"https:\/\/uenf.br\/portal\/wp-content\/uploads\/2022\/03\/WhatsApp-Image-2022-03-11-at-14.47.35-3-1024x1024.jpeg\"},{\"@type\":\"BreadcrumbList\",\"@id\":\"https:\/\/portal1.uenf.br\/portal\/noticias\/uenf-e-prefeitura-de-cabo-frio-inauguram-estacao-meteorologica-na-escola-municipal-edilson-duarte\/#breadcrumb\",\"itemListElement\":[{\"@type\":\"ListItem\",\"position\":1,\"name\":\"In\u00edcio\",\"item\":\"https:\/\/portal1.uenf.br\/portal\/\"},{\"@type\":\"ListItem\",\"position\":2,\"name\":\"UENF e Prefeitura de Cabo Frio inauguram Esta\u00e7\u00e3o Meteorol\u00f3gica na Escola Municipal Edilson Duarte\"}]},{\"@type\":\"WebSite\",\"@id\":\"https:\/\/portal1.uenf.br\/portal\/#website\",\"url\":\"https:\/\/portal1.uenf.br\/portal\/\",\"name\":\"UENF - Universidade Estadual do Norte Fluminense Darcy Ribeiro\",\"description\":\"\",\"publisher\":{\"@id\":\"https:\/\/portal1.uenf.br\/portal\/#organization\"},\"potentialAction\":[{\"@type\":\"SearchAction\",\"target\":{\"@type\":\"EntryPoint\",\"urlTemplate\":\"https:\/\/portal1.uenf.br\/portal\/?s={search_term_string}\"},\"query-input\":{\"@type\":\"PropertyValueSpecification\",\"valueRequired\":true,\"valueName\":\"search_term_string\"}}],\"inLanguage\":\"pt-BR\"},{\"@type\":\"Organization\",\"@id\":\"https:\/\/portal1.uenf.br\/portal\/#organization\",\"name\":\"UENF - Universidade Estadual do Norte Fluminense Darcy Ribeiro\",\"url\":\"https:\/\/portal1.uenf.br\/portal\/\",\"logo\":{\"@type\":\"ImageObject\",\"inLanguage\":\"pt-BR\",\"@id\":\"https:\/\/portal1.uenf.br\/portal\/#\/schema\/logo\/image\/\",\"url\":\"https:\/\/portal1.uenf.br\/portal\/wp-content\/uploads\/2018\/06\/logo-uenf-invertido-1.png\",\"contentUrl\":\"https:\/\/portal1.uenf.br\/portal\/wp-content\/uploads\/2018\/06\/logo-uenf-invertido-1.png\",\"width\":482,\"height\":83,\"caption\":\"UENF - Universidade Estadual do Norte Fluminense Darcy Ribeiro\"},\"image\":{\"@id\":\"https:\/\/portal1.uenf.br\/portal\/#\/schema\/logo\/image\/\"}},{\"@type\":\"Person\",\"@id\":\"https:\/\/portal1.uenf.br\/portal\/#\/schema\/person\/068abbf03b6f8478c845bc8ded9270c7\",\"name\":\"admin\",\"image\":{\"@type\":\"ImageObject\",\"inLanguage\":\"pt-BR\",\"@id\":\"https:\/\/portal1.uenf.br\/portal\/#\/schema\/person\/image\/\",\"url\":\"https:\/\/secure.gravatar.com\/avatar\/e5ecf9e4fae0742f4b136f518195bafa7b2d3f7c709f4bdc6707588ef68a6e25?s=96&d=mm&r=g\",\"contentUrl\":\"https:\/\/secure.gravatar.com\/avatar\/e5ecf9e4fae0742f4b136f518195bafa7b2d3f7c709f4bdc6707588ef68a6e25?s=96&d=mm&r=g\",\"caption\":\"admin\"},\"sameAs\":[\"https:\/\/portal1.uenf.br\/portal\"],\"url\":\"https:\/\/portal1.uenf.br\/portal\/author\/edson\/\"}]}<\/script>\n<!-- \/ Yoast SEO plugin. -->","yoast_head_json":{"title":"UENF e Prefeitura de Cabo Frio inauguram Esta\u00e7\u00e3o Meteorol\u00f3gica na Escola Municipal Edilson Duarte - UENF - Universidade Estadual do Norte Fluminense Darcy Ribeiro","robots":{"index":"noindex","follow":"follow","max-snippet":"max-snippet:-1","max-image-preview":"max-image-preview:large","max-video-preview":"max-video-preview:-1"},"og_locale":"pt_BR","og_type":"article","og_title":"UENF e Prefeitura de Cabo Frio inauguram Esta\u00e7\u00e3o Meteorol\u00f3gica na Escola Municipal Edilson Duarte - UENF - Universidade Estadual do Norte Fluminense Darcy Ribeiro","og_description":"A Universidade Estadual do Norte Fluminense Darcy Ribeiro (UENF) e a Escola Municipal Professor Edilson Duarte, de Cabo Frio, inauguram nesta ter\u00e7a-feira, 22\/03\/22, Dia Mundial da \u00c1gua, uma Esta\u00e7\u00e3o Meteorol\u00f3gica. A iniciativa faz parte do projeto Escola Parceira da UENF, que tem como objetivo uma maior integra\u00e7\u00e3o dos alunos do Ensino Fundamental e do Ensino [&hellip;]","og_url":"https:\/\/portal1.uenf.br\/portal\/noticias\/uenf-e-prefeitura-de-cabo-frio-inauguram-estacao-meteorologica-na-escola-municipal-edilson-duarte\/","og_site_name":"UENF - Universidade Estadual do Norte Fluminense Darcy Ribeiro","article_published_time":"2022-03-21T19:10:30+00:00","og_image":[{"url":"https:\/\/uenf.br\/portal\/wp-content\/uploads\/2022\/03\/WhatsApp-Image-2022-03-11-at-14.47.35-3-1024x1024.jpeg","type":"","width":"","height":""}],"author":"admin","twitter_card":"summary_large_image","twitter_misc":{"Escrito por":"admin","Est. tempo de leitura":"3 minutos"},"schema":{"@context":"https:\/\/schema.org","@graph":[{"@type":"Article","@id":"https:\/\/portal1.uenf.br\/portal\/noticias\/uenf-e-prefeitura-de-cabo-frio-inauguram-estacao-meteorologica-na-escola-municipal-edilson-duarte\/#article","isPartOf":{"@id":"https:\/\/portal1.uenf.br\/portal\/noticias\/uenf-e-prefeitura-de-cabo-frio-inauguram-estacao-meteorologica-na-escola-municipal-edilson-duarte\/"},"author":{"name":"admin","@id":"https:\/\/portal1.uenf.br\/portal\/#\/schema\/person\/068abbf03b6f8478c845bc8ded9270c7"},"headline":"UENF e Prefeitura de Cabo Frio inauguram Esta\u00e7\u00e3o Meteorol\u00f3gica na Escola Municipal Edilson Duarte","datePublished":"2022-03-21T19:10:30+00:00","mainEntityOfPage":{"@id":"https:\/\/portal1.uenf.br\/portal\/noticias\/uenf-e-prefeitura-de-cabo-frio-inauguram-estacao-meteorologica-na-escola-municipal-edilson-duarte\/"},"wordCount":709,"publisher":{"@id":"https:\/\/portal1.uenf.br\/portal\/#organization"},"image":{"@id":"https:\/\/portal1.uenf.br\/portal\/noticias\/uenf-e-prefeitura-de-cabo-frio-inauguram-estacao-meteorologica-na-escola-municipal-edilson-duarte\/#primaryimage"},"thumbnailUrl":"https:\/\/uenf.br\/portal\/wp-content\/uploads\/2022\/03\/WhatsApp-Image-2022-03-11-at-14.47.35-3-1024x1024.jpeg","articleSection":["Not\u00edcias"],"inLanguage":"pt-BR"},{"@type":"WebPage","@id":"https:\/\/portal1.uenf.br\/portal\/noticias\/uenf-e-prefeitura-de-cabo-frio-inauguram-estacao-meteorologica-na-escola-municipal-edilson-duarte\/","url":"https:\/\/portal1.uenf.br\/portal\/noticias\/uenf-e-prefeitura-de-cabo-frio-inauguram-estacao-meteorologica-na-escola-municipal-edilson-duarte\/","name":"UENF e Prefeitura de Cabo Frio inauguram Esta\u00e7\u00e3o Meteorol\u00f3gica na Escola Municipal Edilson Duarte - UENF - Universidade Estadual do Norte Fluminense Darcy Ribeiro","isPartOf":{"@id":"https:\/\/portal1.uenf.br\/portal\/#website"},"primaryImageOfPage":{"@id":"https:\/\/portal1.uenf.br\/portal\/noticias\/uenf-e-prefeitura-de-cabo-frio-inauguram-estacao-meteorologica-na-escola-municipal-edilson-duarte\/#primaryimage"},"image":{"@id":"https:\/\/portal1.uenf.br\/portal\/noticias\/uenf-e-prefeitura-de-cabo-frio-inauguram-estacao-meteorologica-na-escola-municipal-edilson-duarte\/#primaryimage"},"thumbnailUrl":"https:\/\/uenf.br\/portal\/wp-content\/uploads\/2022\/03\/WhatsApp-Image-2022-03-11-at-14.47.35-3-1024x1024.jpeg","datePublished":"2022-03-21T19:10:30+00:00","breadcrumb":{"@id":"https:\/\/portal1.uenf.br\/portal\/noticias\/uenf-e-prefeitura-de-cabo-frio-inauguram-estacao-meteorologica-na-escola-municipal-edilson-duarte\/#breadcrumb"},"inLanguage":"pt-BR","potentialAction":[{"@type":"ReadAction","target":["https:\/\/portal1.uenf.br\/portal\/noticias\/uenf-e-prefeitura-de-cabo-frio-inauguram-estacao-meteorologica-na-escola-municipal-edilson-duarte\/"]}]},{"@type":"ImageObject","inLanguage":"pt-BR","@id":"https:\/\/portal1.uenf.br\/portal\/noticias\/uenf-e-prefeitura-de-cabo-frio-inauguram-estacao-meteorologica-na-escola-municipal-edilson-duarte\/#primaryimage","url":"https:\/\/uenf.br\/portal\/wp-content\/uploads\/2022\/03\/WhatsApp-Image-2022-03-11-at-14.47.35-3-1024x1024.jpeg","contentUrl":"https:\/\/uenf.br\/portal\/wp-content\/uploads\/2022\/03\/WhatsApp-Image-2022-03-11-at-14.47.35-3-1024x1024.jpeg"},{"@type":"BreadcrumbList","@id":"https:\/\/portal1.uenf.br\/portal\/noticias\/uenf-e-prefeitura-de-cabo-frio-inauguram-estacao-meteorologica-na-escola-municipal-edilson-duarte\/#breadcrumb","itemListElement":[{"@type":"ListItem","position":1,"name":"In\u00edcio","item":"https:\/\/portal1.uenf.br\/portal\/"},{"@type":"ListItem","position":2,"name":"UENF e Prefeitura de Cabo Frio inauguram Esta\u00e7\u00e3o Meteorol\u00f3gica na Escola Municipal Edilson Duarte"}]},{"@type":"WebSite","@id":"https:\/\/portal1.uenf.br\/portal\/#website","url":"https:\/\/portal1.uenf.br\/portal\/","name":"UENF - Universidade Estadual do Norte Fluminense Darcy Ribeiro","description":"","publisher":{"@id":"https:\/\/portal1.uenf.br\/portal\/#organization"},"potentialAction":[{"@type":"SearchAction","target":{"@type":"EntryPoint","urlTemplate":"https:\/\/portal1.uenf.br\/portal\/?s={search_term_string}"},"query-input":{"@type":"PropertyValueSpecification","valueRequired":true,"valueName":"search_term_string"}}],"inLanguage":"pt-BR"},{"@type":"Organization","@id":"https:\/\/portal1.uenf.br\/portal\/#organization","name":"UENF - Universidade Estadual do Norte Fluminense Darcy Ribeiro","url":"https:\/\/portal1.uenf.br\/portal\/","logo":{"@type":"ImageObject","inLanguage":"pt-BR","@id":"https:\/\/portal1.uenf.br\/portal\/#\/schema\/logo\/image\/","url":"https:\/\/portal1.uenf.br\/portal\/wp-content\/uploads\/2018\/06\/logo-uenf-invertido-1.png","contentUrl":"https:\/\/portal1.uenf.br\/portal\/wp-content\/uploads\/2018\/06\/logo-uenf-invertido-1.png","width":482,"height":83,"caption":"UENF - Universidade Estadual do Norte Fluminense Darcy Ribeiro"},"image":{"@id":"https:\/\/portal1.uenf.br\/portal\/#\/schema\/logo\/image\/"}},{"@type":"Person","@id":"https:\/\/portal1.uenf.br\/portal\/#\/schema\/person\/068abbf03b6f8478c845bc8ded9270c7","name":"admin","image":{"@type":"ImageObject","inLanguage":"pt-BR","@id":"https:\/\/portal1.uenf.br\/portal\/#\/schema\/person\/image\/","url":"https:\/\/secure.gravatar.com\/avatar\/e5ecf9e4fae0742f4b136f518195bafa7b2d3f7c709f4bdc6707588ef68a6e25?s=96&d=mm&r=g","contentUrl":"https:\/\/secure.gravatar.com\/avatar\/e5ecf9e4fae0742f4b136f518195bafa7b2d3f7c709f4bdc6707588ef68a6e25?s=96&d=mm&r=g","caption":"admin"},"sameAs":["https:\/\/portal1.uenf.br\/portal"],"url":"https:\/\/portal1.uenf.br\/portal\/author\/edson\/"}]}},"_links":{"self":[{"href":"https:\/\/portal1.uenf.br\/portal\/wp-json\/wp\/v2\/posts\/13164","targetHints":{"allow":["GET"]}}],"collection":[{"href":"https:\/\/portal1.uenf.br\/portal\/wp-json\/wp\/v2\/posts"}],"about":[{"href":"https:\/\/portal1.uenf.br\/portal\/wp-json\/wp\/v2\/types\/post"}],"author":[{"embeddable":true,"href":"https:\/\/portal1.uenf.br\/portal\/wp-json\/wp\/v2\/users\/1"}],"replies":[{"embeddable":true,"href":"https:\/\/portal1.uenf.br\/portal\/wp-json\/wp\/v2\/comments?post=13164"}],"version-history":[{"count":0,"href":"https:\/\/portal1.uenf.br\/portal\/wp-json\/wp\/v2\/posts\/13164\/revisions"}],"wp:attachment":[{"href":"https:\/\/portal1.uenf.br\/portal\/wp-json\/wp\/v2\/media?parent=13164"}],"wp:term":[{"taxonomy":"category","embeddable":true,"href":"https:\/\/portal1.uenf.br\/portal\/wp-json\/wp\/v2\/categories?post=13164"},{"taxonomy":"post_tag","embeddable":true,"href":"https:\/\/portal1.uenf.br\/portal\/wp-json\/wp\/v2\/tags?post=13164"}],"curies":[{"name":"wp","href":"https:\/\/api.w.org\/{rel}","templated":true}]}}