{"id":12550,"date":"2022-02-14T19:11:44","date_gmt":"2022-02-14T22:11:44","guid":{"rendered":"https:\/\/uenf.br\/portal\/?p=12550"},"modified":"2022-02-14T19:11:44","modified_gmt":"2022-02-14T22:11:44","slug":"uenf-e-prefeitura-de-cabo-frio-celebram-o-dia-de-darwin","status":"publish","type":"post","link":"https:\/\/portal1.uenf.br\/portal\/noticias\/uenf-e-prefeitura-de-cabo-frio-celebram-o-dia-de-darwin\/","title":{"rendered":"UENF e prefeitura de Cabo Frio celebram o &#8220;Dia de Darwin&#8221;"},"content":{"rendered":"\n<p>A Universidade Estadual do Norte Fluminense Darcy Ribeiro (UENF) e a Prefeitura de Cabo Frio deram mais um importante passo rumo \u00e0 ci\u00eancia. Para marcar o anivers\u00e1rio do naturalista brit\u00e2nico Charles Darwin e os 190 anos da sua visita a Cabo Frio, foi realizado o &#8220;Dia de Darwin&#8221;, na Fazenda Campos Novos, em Tamoios, no s\u00e1bado (12\/02). Na ocasi\u00e3o, o reitor da Universidade, Raul Palacio e o prefeito de Cabo Frio, Jos\u00e9 Bonif\u00e1cio assinaram o termo de cess\u00e3o da Fazenda, onde vai funcionar o museu cient\u00edfico e a escola de extens\u00e3o da UENF.<\/p>\n\n\n\n<p>A a\u00e7\u00e3o foi um dos \u00faltimos passos para a restaura\u00e7\u00e3o do im\u00f3vel do s\u00e9culo XVII, que ser\u00e1 feita com recursos do Fundo Especial da Assembleia Legislativa do Rio de Janeiro (Alerj). Durante o evento, tamb\u00e9m foi assinado um acordo de coopera\u00e7\u00e3o entre a UENF e as escolas municipais Nilo Batista e Professor Edilson Duarte, com o objetivo de fomentar um interc\u00e2mbio entre a Universidade e as institui\u00e7\u00f5es.<\/p>\n\n\n\n<p>De acordo com o prefeito, a previs\u00e3o \u00e9 que o pr\u00e9dio seja entregue em novembro, quando a cidade completa 407 anos de funda\u00e7\u00e3o.<\/p>\n\n\n\n<p>\u201cMuito feliz de neste dia t\u00e3o especial para a ci\u00eancia, quando se comemora o Dia de Darwin, podermos trazer de vez a UENF para a Fazenda Campos Novos. A partir de agora, vamos iniciar a recupera\u00e7\u00e3o deste pr\u00e9dio, com recursos que vieram da Alerj. Muito importante ressaltar a parceria com as escolas municipais, que tamb\u00e9m v\u00e3o colher os frutos dessa uni\u00e3o\u201d, destacou.<\/p>\n\n\n\n<p>Para o professor Raul Palacio, a parceria com o munic\u00edpio vai trazer bons frutos \u00e0 sociedade.<\/p>\n\n\n\n<p>\u201cGostaria de agradecer ao prefeito Jos\u00e9 Bonif\u00e1cio, ao seu grupo de trabalho e ao grupo de trabalho da UENF. Essa a\u00e7\u00e3o \u00e9 fruto de um projeto coletivo, que est\u00e1 sendo levado \u00e0 frente para benef\u00edcio da sociedade por meio da educa\u00e7\u00e3o. Atualmente o Brasil passa por uma situa\u00e7\u00e3o dif\u00edcil em termos de projeto coletivo e a nossa coopera\u00e7\u00e3o assume uma import\u00e2ncia extrema. Temos que destacar tudo que envolve Darwin e falar de ci\u00eancia num momento em que tentam desqualific\u00e1-la\u201d, completou.<\/p>\n\n\n\n<p>A programa\u00e7\u00e3o aconteceu durante todo o dia e contou com diversas atividades, entre elas a Feira do Produtor Rural, Expo Ci\u00eancia da UENF e a tarde de aut\u00f3grafos com o professor Luiz Mors Cabral (UFF), que apresentou o livro \u201cO Brasil de Darwin \u2013 As contribui\u00e7\u00f5es do Brasil para a Teoria da Evolu\u00e7\u00e3o\u201d.<\/p>\n\n\n\n<figure class=\"wp-block-gallery has-nested-images columns-default is-cropped wp-block-gallery-1 is-layout-flex wp-block-gallery-is-layout-flex\">\n<figure class=\"wp-block-image size-large\"><img decoding=\"async\" data-id=\"12556\" src=\"https:\/\/uenf.br\/portal\/wp-content\/uploads\/2022\/02\/Dia-de-Darwin-em-Cabo-Frio-5-1024x768.jpeg\" alt=\"\" class=\"wp-image-12556\"\/><\/figure>\n\n\n\n<figure class=\"wp-block-image size-large\"><img decoding=\"async\" data-id=\"12557\" src=\"https:\/\/uenf.br\/portal\/wp-content\/uploads\/2022\/02\/Dia-de-Darwin-em-Cabo-Frio-6-1024x768.jpeg\" alt=\"\" class=\"wp-image-12557\"\/><\/figure>\n<\/figure>\n\n\n\n<figure class=\"wp-block-gallery has-nested-images columns-default is-cropped wp-block-gallery-2 is-layout-flex wp-block-gallery-is-layout-flex\">\n<figure class=\"wp-block-image size-large\"><img decoding=\"async\" data-id=\"12561\" src=\"https:\/\/uenf.br\/portal\/wp-content\/uploads\/2022\/02\/Dia-de-Darwin-em-Cabo-Frio-2-1-1024x576.jpeg\" alt=\"\" class=\"wp-image-12561\"\/><\/figure>\n\n\n\n<figure class=\"wp-block-image size-large\"><img decoding=\"async\" data-id=\"12562\" src=\"https:\/\/uenf.br\/portal\/wp-content\/uploads\/2022\/02\/Dia-de-Darwin-em-Cabo-Frio-3-1-1024x768.jpeg\" alt=\"\" class=\"wp-image-12562\"\/><\/figure>\n\n\n\n<figure class=\"wp-block-image size-large\"><img decoding=\"async\" data-id=\"12560\" src=\"https:\/\/uenf.br\/portal\/wp-content\/uploads\/2022\/02\/Dia-de-Darwin-em-Cabo-Frio-4-1-1024x576.jpeg\" alt=\"\" class=\"wp-image-12560\"\/><\/figure>\n<figcaption class=\"blocks-gallery-caption\">A programa\u00e7\u00e3o aconteceu durante todo o dia e recebeu a comunidade. Fotos: Andressa Ribeiro\/Ascom UENF<\/figcaption><\/figure>\n\n\n\n<p>*<em>Ascom UENF em parceria com Prefeitura de Cabo Frio<\/em><\/p>\n","protected":false},"excerpt":{"rendered":"<p>A Universidade Estadual do Norte Fluminense Darcy Ribeiro (UENF) e a Prefeitura de Cabo Frio deram mais um importante passo rumo \u00e0 ci\u00eancia. Para marcar o anivers\u00e1rio do naturalista brit\u00e2nico Charles Darwin e os 190 anos da sua visita a Cabo Frio, foi realizado o &#8220;Dia de Darwin&#8221;, na Fazenda Campos Novos, em Tamoios, no [&hellip;]<\/p>\n","protected":false},"author":1,"featured_media":0,"comment_status":"closed","ping_status":"closed","sticky":false,"template":"","format":"standard","meta":{"_eb_attr":"","ocean_post_layout":"","ocean_both_sidebars_style":"","ocean_both_sidebars_content_width":0,"ocean_both_sidebars_sidebars_width":0,"ocean_sidebar":"","ocean_second_sidebar":"","ocean_disable_margins":"enable","ocean_add_body_class":"","ocean_shortcode_before_top_bar":"","ocean_shortcode_after_top_bar":"","ocean_shortcode_before_header":"","ocean_shortcode_after_header":"","ocean_has_shortcode":"","ocean_shortcode_after_title":"","ocean_shortcode_before_footer_widgets":"","ocean_shortcode_after_footer_widgets":"","ocean_shortcode_before_footer_bottom":"","ocean_shortcode_after_footer_bottom":"","ocean_display_top_bar":"default","ocean_display_header":"default","ocean_header_style":"","ocean_center_header_left_menu":"","ocean_custom_header_template":"","ocean_custom_logo":0,"ocean_custom_retina_logo":0,"ocean_custom_logo_max_width":0,"ocean_custom_logo_tablet_max_width":0,"ocean_custom_logo_mobile_max_width":0,"ocean_custom_logo_max_height":0,"ocean_custom_logo_tablet_max_height":0,"ocean_custom_logo_mobile_max_height":0,"ocean_header_custom_menu":"","ocean_menu_typo_font_family":"","ocean_menu_typo_font_subset":"","ocean_menu_typo_font_size":0,"ocean_menu_typo_font_size_tablet":0,"ocean_menu_typo_font_size_mobile":0,"ocean_menu_typo_font_size_unit":"px","ocean_menu_typo_font_weight":"","ocean_menu_typo_font_weight_tablet":"","ocean_menu_typo_font_weight_mobile":"","ocean_menu_typo_transform":"","ocean_menu_typo_transform_tablet":"","ocean_menu_typo_transform_mobile":"","ocean_menu_typo_line_height":0,"ocean_menu_typo_line_height_tablet":0,"ocean_menu_typo_line_height_mobile":0,"ocean_menu_typo_line_height_unit":"","ocean_menu_typo_spacing":0,"ocean_menu_typo_spacing_tablet":0,"ocean_menu_typo_spacing_mobile":0,"ocean_menu_typo_spacing_unit":"","ocean_menu_link_color":"","ocean_menu_link_color_hover":"","ocean_menu_link_color_active":"","ocean_menu_link_background":"","ocean_menu_link_hover_background":"","ocean_menu_link_active_background":"","ocean_menu_social_links_bg":"","ocean_menu_social_hover_links_bg":"","ocean_menu_social_links_color":"","ocean_menu_social_hover_links_color":"","ocean_disable_title":"default","ocean_disable_heading":"default","ocean_post_title":"","ocean_post_subheading":"","ocean_post_title_style":"","ocean_post_title_background_color":"","ocean_post_title_background":0,"ocean_post_title_bg_image_position":"","ocean_post_title_bg_image_attachment":"","ocean_post_title_bg_image_repeat":"","ocean_post_title_bg_image_size":"","ocean_post_title_height":0,"ocean_post_title_bg_overlay":0.5,"ocean_post_title_bg_overlay_color":"","ocean_disable_breadcrumbs":"default","ocean_breadcrumbs_color":"","ocean_breadcrumbs_separator_color":"","ocean_breadcrumbs_links_color":"","ocean_breadcrumbs_links_hover_color":"","ocean_display_footer_widgets":"default","ocean_display_footer_bottom":"default","ocean_custom_footer_template":"","ocean_post_oembed":"","ocean_post_self_hosted_media":"","ocean_post_video_embed":"","ocean_link_format":"","ocean_link_format_target":"self","ocean_quote_format":"","ocean_quote_format_link":"post","ocean_gallery_link_images":"off","ocean_gallery_id":[],"footnotes":""},"categories":[8],"tags":[],"class_list":["post-12550","post","type-post","status-publish","format-standard","hentry","category-noticias","entry"],"yoast_head":"<!-- This site is optimized with the Yoast SEO plugin v26.5 - https:\/\/yoast.com\/wordpress\/plugins\/seo\/ -->\n<title>UENF e prefeitura de Cabo Frio celebram o &quot;Dia de Darwin&quot; - UENF - Universidade Estadual do Norte Fluminense Darcy Ribeiro<\/title>\n<meta name=\"robots\" content=\"noindex, follow, max-snippet:-1, max-image-preview:large, max-video-preview:-1\" \/>\n<meta property=\"og:locale\" content=\"pt_BR\" \/>\n<meta property=\"og:type\" content=\"article\" \/>\n<meta property=\"og:title\" content=\"UENF e prefeitura de Cabo Frio celebram o &quot;Dia de Darwin&quot; - UENF - Universidade Estadual do Norte Fluminense Darcy Ribeiro\" \/>\n<meta property=\"og:description\" content=\"A Universidade Estadual do Norte Fluminense Darcy Ribeiro (UENF) e a Prefeitura de Cabo Frio deram mais um importante passo rumo \u00e0 ci\u00eancia. Para marcar o anivers\u00e1rio do naturalista brit\u00e2nico Charles Darwin e os 190 anos da sua visita a Cabo Frio, foi realizado o &#8220;Dia de Darwin&#8221;, na Fazenda Campos Novos, em Tamoios, no [&hellip;]\" \/>\n<meta property=\"og:url\" content=\"https:\/\/portal1.uenf.br\/portal\/noticias\/uenf-e-prefeitura-de-cabo-frio-celebram-o-dia-de-darwin\/\" \/>\n<meta property=\"og:site_name\" content=\"UENF - Universidade Estadual do Norte Fluminense Darcy Ribeiro\" \/>\n<meta property=\"article:published_time\" content=\"2022-02-14T22:11:44+00:00\" \/>\n<meta property=\"og:image\" content=\"https:\/\/uenf.br\/portal\/wp-content\/uploads\/2022\/02\/Dia-de-Darwin-em-Cabo-Frio-5-1024x768.jpeg\" \/>\n<meta name=\"author\" content=\"admin\" \/>\n<meta name=\"twitter:card\" content=\"summary_large_image\" \/>\n<meta name=\"twitter:label1\" content=\"Escrito por\" \/>\n\t<meta name=\"twitter:data1\" content=\"admin\" \/>\n\t<meta name=\"twitter:label2\" content=\"Est. tempo de leitura\" \/>\n\t<meta name=\"twitter:data2\" content=\"2 minutos\" \/>\n<script type=\"application\/ld+json\" class=\"yoast-schema-graph\">{\"@context\":\"https:\/\/schema.org\",\"@graph\":[{\"@type\":\"Article\",\"@id\":\"https:\/\/portal1.uenf.br\/portal\/noticias\/uenf-e-prefeitura-de-cabo-frio-celebram-o-dia-de-darwin\/#article\",\"isPartOf\":{\"@id\":\"https:\/\/portal1.uenf.br\/portal\/noticias\/uenf-e-prefeitura-de-cabo-frio-celebram-o-dia-de-darwin\/\"},\"author\":{\"name\":\"admin\",\"@id\":\"https:\/\/portal1.uenf.br\/portal\/#\/schema\/person\/068abbf03b6f8478c845bc8ded9270c7\"},\"headline\":\"UENF e prefeitura de Cabo Frio celebram o &#8220;Dia de Darwin&#8221;\",\"datePublished\":\"2022-02-14T22:11:44+00:00\",\"mainEntityOfPage\":{\"@id\":\"https:\/\/portal1.uenf.br\/portal\/noticias\/uenf-e-prefeitura-de-cabo-frio-celebram-o-dia-de-darwin\/\"},\"wordCount\":465,\"publisher\":{\"@id\":\"https:\/\/portal1.uenf.br\/portal\/#organization\"},\"image\":{\"@id\":\"https:\/\/portal1.uenf.br\/portal\/noticias\/uenf-e-prefeitura-de-cabo-frio-celebram-o-dia-de-darwin\/#primaryimage\"},\"thumbnailUrl\":\"https:\/\/uenf.br\/portal\/wp-content\/uploads\/2022\/02\/Dia-de-Darwin-em-Cabo-Frio-5-1024x768.jpeg\",\"articleSection\":[\"Not\u00edcias\"],\"inLanguage\":\"pt-BR\"},{\"@type\":\"WebPage\",\"@id\":\"https:\/\/portal1.uenf.br\/portal\/noticias\/uenf-e-prefeitura-de-cabo-frio-celebram-o-dia-de-darwin\/\",\"url\":\"https:\/\/portal1.uenf.br\/portal\/noticias\/uenf-e-prefeitura-de-cabo-frio-celebram-o-dia-de-darwin\/\",\"name\":\"UENF e prefeitura de Cabo Frio celebram o \\\"Dia de Darwin\\\" - UENF - Universidade Estadual do Norte Fluminense Darcy Ribeiro\",\"isPartOf\":{\"@id\":\"https:\/\/portal1.uenf.br\/portal\/#website\"},\"primaryImageOfPage\":{\"@id\":\"https:\/\/portal1.uenf.br\/portal\/noticias\/uenf-e-prefeitura-de-cabo-frio-celebram-o-dia-de-darwin\/#primaryimage\"},\"image\":{\"@id\":\"https:\/\/portal1.uenf.br\/portal\/noticias\/uenf-e-prefeitura-de-cabo-frio-celebram-o-dia-de-darwin\/#primaryimage\"},\"thumbnailUrl\":\"https:\/\/uenf.br\/portal\/wp-content\/uploads\/2022\/02\/Dia-de-Darwin-em-Cabo-Frio-5-1024x768.jpeg\",\"datePublished\":\"2022-02-14T22:11:44+00:00\",\"breadcrumb\":{\"@id\":\"https:\/\/portal1.uenf.br\/portal\/noticias\/uenf-e-prefeitura-de-cabo-frio-celebram-o-dia-de-darwin\/#breadcrumb\"},\"inLanguage\":\"pt-BR\",\"potentialAction\":[{\"@type\":\"ReadAction\",\"target\":[\"https:\/\/portal1.uenf.br\/portal\/noticias\/uenf-e-prefeitura-de-cabo-frio-celebram-o-dia-de-darwin\/\"]}]},{\"@type\":\"ImageObject\",\"inLanguage\":\"pt-BR\",\"@id\":\"https:\/\/portal1.uenf.br\/portal\/noticias\/uenf-e-prefeitura-de-cabo-frio-celebram-o-dia-de-darwin\/#primaryimage\",\"url\":\"https:\/\/uenf.br\/portal\/wp-content\/uploads\/2022\/02\/Dia-de-Darwin-em-Cabo-Frio-5-1024x768.jpeg\",\"contentUrl\":\"https:\/\/uenf.br\/portal\/wp-content\/uploads\/2022\/02\/Dia-de-Darwin-em-Cabo-Frio-5-1024x768.jpeg\"},{\"@type\":\"BreadcrumbList\",\"@id\":\"https:\/\/portal1.uenf.br\/portal\/noticias\/uenf-e-prefeitura-de-cabo-frio-celebram-o-dia-de-darwin\/#breadcrumb\",\"itemListElement\":[{\"@type\":\"ListItem\",\"position\":1,\"name\":\"In\u00edcio\",\"item\":\"https:\/\/portal1.uenf.br\/portal\/\"},{\"@type\":\"ListItem\",\"position\":2,\"name\":\"UENF e prefeitura de Cabo Frio celebram o &#8220;Dia de Darwin&#8221;\"}]},{\"@type\":\"WebSite\",\"@id\":\"https:\/\/portal1.uenf.br\/portal\/#website\",\"url\":\"https:\/\/portal1.uenf.br\/portal\/\",\"name\":\"UENF - Universidade Estadual do Norte Fluminense Darcy Ribeiro\",\"description\":\"\",\"publisher\":{\"@id\":\"https:\/\/portal1.uenf.br\/portal\/#organization\"},\"potentialAction\":[{\"@type\":\"SearchAction\",\"target\":{\"@type\":\"EntryPoint\",\"urlTemplate\":\"https:\/\/portal1.uenf.br\/portal\/?s={search_term_string}\"},\"query-input\":{\"@type\":\"PropertyValueSpecification\",\"valueRequired\":true,\"valueName\":\"search_term_string\"}}],\"inLanguage\":\"pt-BR\"},{\"@type\":\"Organization\",\"@id\":\"https:\/\/portal1.uenf.br\/portal\/#organization\",\"name\":\"UENF - Universidade Estadual do Norte Fluminense Darcy Ribeiro\",\"url\":\"https:\/\/portal1.uenf.br\/portal\/\",\"logo\":{\"@type\":\"ImageObject\",\"inLanguage\":\"pt-BR\",\"@id\":\"https:\/\/portal1.uenf.br\/portal\/#\/schema\/logo\/image\/\",\"url\":\"https:\/\/portal1.uenf.br\/portal\/wp-content\/uploads\/2018\/06\/logo-uenf-invertido-1.png\",\"contentUrl\":\"https:\/\/portal1.uenf.br\/portal\/wp-content\/uploads\/2018\/06\/logo-uenf-invertido-1.png\",\"width\":482,\"height\":83,\"caption\":\"UENF - Universidade Estadual do Norte Fluminense Darcy Ribeiro\"},\"image\":{\"@id\":\"https:\/\/portal1.uenf.br\/portal\/#\/schema\/logo\/image\/\"}},{\"@type\":\"Person\",\"@id\":\"https:\/\/portal1.uenf.br\/portal\/#\/schema\/person\/068abbf03b6f8478c845bc8ded9270c7\",\"name\":\"admin\",\"image\":{\"@type\":\"ImageObject\",\"inLanguage\":\"pt-BR\",\"@id\":\"https:\/\/portal1.uenf.br\/portal\/#\/schema\/person\/image\/\",\"url\":\"https:\/\/secure.gravatar.com\/avatar\/e5ecf9e4fae0742f4b136f518195bafa7b2d3f7c709f4bdc6707588ef68a6e25?s=96&d=mm&r=g\",\"contentUrl\":\"https:\/\/secure.gravatar.com\/avatar\/e5ecf9e4fae0742f4b136f518195bafa7b2d3f7c709f4bdc6707588ef68a6e25?s=96&d=mm&r=g\",\"caption\":\"admin\"},\"sameAs\":[\"https:\/\/portal1.uenf.br\/portal\"],\"url\":\"https:\/\/portal1.uenf.br\/portal\/author\/edson\/\"}]}<\/script>\n<!-- \/ Yoast SEO plugin. -->","yoast_head_json":{"title":"UENF e prefeitura de Cabo Frio celebram o \"Dia de Darwin\" - UENF - Universidade Estadual do Norte Fluminense Darcy Ribeiro","robots":{"index":"noindex","follow":"follow","max-snippet":"max-snippet:-1","max-image-preview":"max-image-preview:large","max-video-preview":"max-video-preview:-1"},"og_locale":"pt_BR","og_type":"article","og_title":"UENF e prefeitura de Cabo Frio celebram o \"Dia de Darwin\" - UENF - Universidade Estadual do Norte Fluminense Darcy Ribeiro","og_description":"A Universidade Estadual do Norte Fluminense Darcy Ribeiro (UENF) e a Prefeitura de Cabo Frio deram mais um importante passo rumo \u00e0 ci\u00eancia. Para marcar o anivers\u00e1rio do naturalista brit\u00e2nico Charles Darwin e os 190 anos da sua visita a Cabo Frio, foi realizado o &#8220;Dia de Darwin&#8221;, na Fazenda Campos Novos, em Tamoios, no [&hellip;]","og_url":"https:\/\/portal1.uenf.br\/portal\/noticias\/uenf-e-prefeitura-de-cabo-frio-celebram-o-dia-de-darwin\/","og_site_name":"UENF - Universidade Estadual do Norte Fluminense Darcy Ribeiro","article_published_time":"2022-02-14T22:11:44+00:00","og_image":[{"url":"https:\/\/uenf.br\/portal\/wp-content\/uploads\/2022\/02\/Dia-de-Darwin-em-Cabo-Frio-5-1024x768.jpeg","type":"","width":"","height":""}],"author":"admin","twitter_card":"summary_large_image","twitter_misc":{"Escrito por":"admin","Est. tempo de leitura":"2 minutos"},"schema":{"@context":"https:\/\/schema.org","@graph":[{"@type":"Article","@id":"https:\/\/portal1.uenf.br\/portal\/noticias\/uenf-e-prefeitura-de-cabo-frio-celebram-o-dia-de-darwin\/#article","isPartOf":{"@id":"https:\/\/portal1.uenf.br\/portal\/noticias\/uenf-e-prefeitura-de-cabo-frio-celebram-o-dia-de-darwin\/"},"author":{"name":"admin","@id":"https:\/\/portal1.uenf.br\/portal\/#\/schema\/person\/068abbf03b6f8478c845bc8ded9270c7"},"headline":"UENF e prefeitura de Cabo Frio celebram o &#8220;Dia de Darwin&#8221;","datePublished":"2022-02-14T22:11:44+00:00","mainEntityOfPage":{"@id":"https:\/\/portal1.uenf.br\/portal\/noticias\/uenf-e-prefeitura-de-cabo-frio-celebram-o-dia-de-darwin\/"},"wordCount":465,"publisher":{"@id":"https:\/\/portal1.uenf.br\/portal\/#organization"},"image":{"@id":"https:\/\/portal1.uenf.br\/portal\/noticias\/uenf-e-prefeitura-de-cabo-frio-celebram-o-dia-de-darwin\/#primaryimage"},"thumbnailUrl":"https:\/\/uenf.br\/portal\/wp-content\/uploads\/2022\/02\/Dia-de-Darwin-em-Cabo-Frio-5-1024x768.jpeg","articleSection":["Not\u00edcias"],"inLanguage":"pt-BR"},{"@type":"WebPage","@id":"https:\/\/portal1.uenf.br\/portal\/noticias\/uenf-e-prefeitura-de-cabo-frio-celebram-o-dia-de-darwin\/","url":"https:\/\/portal1.uenf.br\/portal\/noticias\/uenf-e-prefeitura-de-cabo-frio-celebram-o-dia-de-darwin\/","name":"UENF e prefeitura de Cabo Frio celebram o \"Dia de Darwin\" - UENF - Universidade Estadual do Norte Fluminense Darcy Ribeiro","isPartOf":{"@id":"https:\/\/portal1.uenf.br\/portal\/#website"},"primaryImageOfPage":{"@id":"https:\/\/portal1.uenf.br\/portal\/noticias\/uenf-e-prefeitura-de-cabo-frio-celebram-o-dia-de-darwin\/#primaryimage"},"image":{"@id":"https:\/\/portal1.uenf.br\/portal\/noticias\/uenf-e-prefeitura-de-cabo-frio-celebram-o-dia-de-darwin\/#primaryimage"},"thumbnailUrl":"https:\/\/uenf.br\/portal\/wp-content\/uploads\/2022\/02\/Dia-de-Darwin-em-Cabo-Frio-5-1024x768.jpeg","datePublished":"2022-02-14T22:11:44+00:00","breadcrumb":{"@id":"https:\/\/portal1.uenf.br\/portal\/noticias\/uenf-e-prefeitura-de-cabo-frio-celebram-o-dia-de-darwin\/#breadcrumb"},"inLanguage":"pt-BR","potentialAction":[{"@type":"ReadAction","target":["https:\/\/portal1.uenf.br\/portal\/noticias\/uenf-e-prefeitura-de-cabo-frio-celebram-o-dia-de-darwin\/"]}]},{"@type":"ImageObject","inLanguage":"pt-BR","@id":"https:\/\/portal1.uenf.br\/portal\/noticias\/uenf-e-prefeitura-de-cabo-frio-celebram-o-dia-de-darwin\/#primaryimage","url":"https:\/\/uenf.br\/portal\/wp-content\/uploads\/2022\/02\/Dia-de-Darwin-em-Cabo-Frio-5-1024x768.jpeg","contentUrl":"https:\/\/uenf.br\/portal\/wp-content\/uploads\/2022\/02\/Dia-de-Darwin-em-Cabo-Frio-5-1024x768.jpeg"},{"@type":"BreadcrumbList","@id":"https:\/\/portal1.uenf.br\/portal\/noticias\/uenf-e-prefeitura-de-cabo-frio-celebram-o-dia-de-darwin\/#breadcrumb","itemListElement":[{"@type":"ListItem","position":1,"name":"In\u00edcio","item":"https:\/\/portal1.uenf.br\/portal\/"},{"@type":"ListItem","position":2,"name":"UENF e prefeitura de Cabo Frio celebram o &#8220;Dia de Darwin&#8221;"}]},{"@type":"WebSite","@id":"https:\/\/portal1.uenf.br\/portal\/#website","url":"https:\/\/portal1.uenf.br\/portal\/","name":"UENF - Universidade Estadual do Norte Fluminense Darcy Ribeiro","description":"","publisher":{"@id":"https:\/\/portal1.uenf.br\/portal\/#organization"},"potentialAction":[{"@type":"SearchAction","target":{"@type":"EntryPoint","urlTemplate":"https:\/\/portal1.uenf.br\/portal\/?s={search_term_string}"},"query-input":{"@type":"PropertyValueSpecification","valueRequired":true,"valueName":"search_term_string"}}],"inLanguage":"pt-BR"},{"@type":"Organization","@id":"https:\/\/portal1.uenf.br\/portal\/#organization","name":"UENF - Universidade Estadual do Norte Fluminense Darcy Ribeiro","url":"https:\/\/portal1.uenf.br\/portal\/","logo":{"@type":"ImageObject","inLanguage":"pt-BR","@id":"https:\/\/portal1.uenf.br\/portal\/#\/schema\/logo\/image\/","url":"https:\/\/portal1.uenf.br\/portal\/wp-content\/uploads\/2018\/06\/logo-uenf-invertido-1.png","contentUrl":"https:\/\/portal1.uenf.br\/portal\/wp-content\/uploads\/2018\/06\/logo-uenf-invertido-1.png","width":482,"height":83,"caption":"UENF - Universidade Estadual do Norte Fluminense Darcy Ribeiro"},"image":{"@id":"https:\/\/portal1.uenf.br\/portal\/#\/schema\/logo\/image\/"}},{"@type":"Person","@id":"https:\/\/portal1.uenf.br\/portal\/#\/schema\/person\/068abbf03b6f8478c845bc8ded9270c7","name":"admin","image":{"@type":"ImageObject","inLanguage":"pt-BR","@id":"https:\/\/portal1.uenf.br\/portal\/#\/schema\/person\/image\/","url":"https:\/\/secure.gravatar.com\/avatar\/e5ecf9e4fae0742f4b136f518195bafa7b2d3f7c709f4bdc6707588ef68a6e25?s=96&d=mm&r=g","contentUrl":"https:\/\/secure.gravatar.com\/avatar\/e5ecf9e4fae0742f4b136f518195bafa7b2d3f7c709f4bdc6707588ef68a6e25?s=96&d=mm&r=g","caption":"admin"},"sameAs":["https:\/\/portal1.uenf.br\/portal"],"url":"https:\/\/portal1.uenf.br\/portal\/author\/edson\/"}]}},"_links":{"self":[{"href":"https:\/\/portal1.uenf.br\/portal\/wp-json\/wp\/v2\/posts\/12550","targetHints":{"allow":["GET"]}}],"collection":[{"href":"https:\/\/portal1.uenf.br\/portal\/wp-json\/wp\/v2\/posts"}],"about":[{"href":"https:\/\/portal1.uenf.br\/portal\/wp-json\/wp\/v2\/types\/post"}],"author":[{"embeddable":true,"href":"https:\/\/portal1.uenf.br\/portal\/wp-json\/wp\/v2\/users\/1"}],"replies":[{"embeddable":true,"href":"https:\/\/portal1.uenf.br\/portal\/wp-json\/wp\/v2\/comments?post=12550"}],"version-history":[{"count":0,"href":"https:\/\/portal1.uenf.br\/portal\/wp-json\/wp\/v2\/posts\/12550\/revisions"}],"wp:attachment":[{"href":"https:\/\/portal1.uenf.br\/portal\/wp-json\/wp\/v2\/media?parent=12550"}],"wp:term":[{"taxonomy":"category","embeddable":true,"href":"https:\/\/portal1.uenf.br\/portal\/wp-json\/wp\/v2\/categories?post=12550"},{"taxonomy":"post_tag","embeddable":true,"href":"https:\/\/portal1.uenf.br\/portal\/wp-json\/wp\/v2\/tags?post=12550"}],"curies":[{"name":"wp","href":"https:\/\/api.w.org\/{rel}","templated":true}]}}