{"id":12050,"date":"2022-01-14T16:12:26","date_gmt":"2022-01-14T19:12:26","guid":{"rendered":"https:\/\/uenf.br\/portal\/?p=12050"},"modified":"2022-01-14T16:12:26","modified_gmt":"2022-01-14T19:12:26","slug":"pesquisa-da-uenf-sera-apresentada-na-rio-innovation-week-nos-dias-15-e-16-de-janeiro","status":"publish","type":"post","link":"https:\/\/portal1.uenf.br\/portal\/noticias\/pesquisa-da-uenf-sera-apresentada-na-rio-innovation-week-nos-dias-15-e-16-de-janeiro\/","title":{"rendered":"Pesquisa da UENF ser\u00e1 apresentada na Rio Innovation Week, nos dias 15 e 16 de janeiro"},"content":{"rendered":"\n<figure class=\"wp-block-gallery columns-3 is-cropped wp-block-gallery-1 is-layout-flex wp-block-gallery-is-layout-flex\"><ul class=\"blocks-gallery-grid\"><li class=\"blocks-gallery-item\"><figure><img decoding=\"async\" src=\"https:\/\/uenf.br\/portal\/wp-content\/uploads\/2022\/01\/Producao-de-fibronectina-recombinante-humana-utilizando-biorreatores-bovinos-1-1024x576.png\" alt=\"\" data-id=\"12051\" data-full-url=\"https:\/\/uenf.br\/portal\/wp-content\/uploads\/2022\/01\/Producao-de-fibronectina-recombinante-humana-utilizando-biorreatores-bovinos-1.png\" data-link=\"https:\/\/uenf.br\/portal\/?attachment_id=12051\" class=\"wp-image-12051\"\/><\/figure><\/li><li class=\"blocks-gallery-item\"><figure><img decoding=\"async\" src=\"https:\/\/uenf.br\/portal\/wp-content\/uploads\/2022\/01\/Producao-de-fibronectina-recombinante-humana-utilizando-biorreatores-bovinos-2-1024x576.png\" alt=\"\" data-id=\"12052\" data-full-url=\"https:\/\/uenf.br\/portal\/wp-content\/uploads\/2022\/01\/Producao-de-fibronectina-recombinante-humana-utilizando-biorreatores-bovinos-2.png\" data-link=\"https:\/\/uenf.br\/portal\/?attachment_id=12052\" class=\"wp-image-12052\"\/><\/figure><\/li><li class=\"blocks-gallery-item\"><figure><img decoding=\"async\" src=\"https:\/\/uenf.br\/portal\/wp-content\/uploads\/2022\/01\/Producao-de-fibronectina-recombinante-humana-utilizando-biorreatores-bovinos-3-1024x576.png\" alt=\"\" data-id=\"12053\" data-full-url=\"https:\/\/uenf.br\/portal\/wp-content\/uploads\/2022\/01\/Producao-de-fibronectina-recombinante-humana-utilizando-biorreatores-bovinos-3.png\" data-link=\"https:\/\/uenf.br\/portal\/?attachment_id=12053\" class=\"wp-image-12053\"\/><\/figure><\/li><\/ul><figcaption class=\"blocks-gallery-caption\">Pesquisadores no laborat\u00f3rio. Fotos: ASCOM\/UENF<\/figcaption><\/figure>\n\n\n\n<p>Pesquisadores da Universidade Estadual do Norte Fluminense (UENF) v\u00e3o participar da Rio Innovation Week (RIW) com o projeto &#8220;Produ\u00e7\u00e3o de fibronectina recombinante humana utilizando biorreatores bovinos&#8221;. O evento acontece entre os dias 13 e 16 de janeiro, das 10h \u00e0s 21h, na sede do Jockey Club Brasileiro, na G\u00e1vea, no Rio de Janeiro.<\/p>\n\n\n\n<p>Iniciado em 2020, o projeto tem o objetivo de produzir um biorreator bovino que secrete a fibronectina no leite. A prote\u00edna possui uma aplica\u00e7\u00e3o de grande interesse para a medicina, humana e veterin\u00e1ria, porque pode ser usada como componente de bandagens para a hemostasia e em processos cicatriciais, agudos ou cr\u00f4nicos.<\/p>\n\n\n\n<p>De acordo com \u00c2ngelo Burla, coordenador do projeto e professor do Laborat\u00f3rio de reprodu\u00e7\u00e3o e melhoramento gen\u00e9tico animal (LRMGA\/CCTA), o trabalho foi estruturado ao longo dos \u00faltimos anos, ap\u00f3s cinco editais da Funda\u00e7\u00e3o de Amparo \u00e0 Pesquisa do Estado do Rio de Janeiro (FAPERJ).<\/p>\n\n\n\n<p>&#8220;O projeto \u2018Produ\u00e7\u00e3o de fibronectina recombinante humana utilizando biorreatores bovinos\u2019 foi iniciado em 2020. Come\u00e7amos a nos estruturar em 2011, quando formamos um grupo para trabalhar com transgenia. Participamos de editais onde estruturamos o laborat\u00f3rio, conquistamos o Certificado de Qualidade em Biosseguran\u00e7a (CQD), que autoriza os trabalhos com transg\u00eanicos e plasm\u00eddeos e somente em 2020, ap\u00f3s a conquista da certifica\u00e7\u00e3o, come\u00e7amos a atuar nesta pesquisa\u201d, ressaltou.<\/p>\n\n\n\n<p>A pesquisa ser\u00e1 apresentada no stand da FAPERJ nos dias 15 e 16 de janeiro, s\u00e1bado e domingo. Segundo o coordenador da pesquisa, o apoio e reconhecimento da UENF e da FAPERJ s\u00e3o muito importantes.<\/p>\n\n\n\n<p>&#8220;Obtivemos resultados positivos para a produ\u00e7\u00e3o de c\u00e9lulas da gl\u00e2ndula mam\u00e1ria <em>in vitro<\/em> e para alguns embri\u00f5es transg\u00eanicos para a produ\u00e7\u00e3o da fibronectina, no fim do \u00faltimo ano. Estamos satisfeitos e muito empenhados em seguir para pr\u00f3xima etapa, que \u00e9 fazer uma linhagem celular, onde tenhamos a certeza de que todas as c\u00e9lulas expressam o gene codificador da fibronectina&#8221;, completou \u00c2ngelo.<\/p>\n\n\n\n<p>Luis Fonseca Matos \u00e9 professor do curso de Veterin\u00e1ria, atua na \u00e1rea de Reprodu\u00e7\u00e3o de Animais, destacou o objetivo da pesquisa e a import\u00e2ncia do evento.<\/p>\n\n\n\n<p>&#8220;O projeto \u00e9 complexo, porque envolve v\u00e1rias etapas desde a biologia molecular at\u00e9 a reprodu\u00e7\u00e3o animal. Somos uma equipe multidisciplinar e cobrimos todos esses est\u00e1gios dentro da pesquisa, cada um na sua \u00e1rea de atua\u00e7\u00e3o, com o objetivo de obter um animal que produza leite com a fibronectina. O RIW \u00e9 um caminho importante para divulgar o nosso trabalho, captar recursos e manter uma rede de contatos com outros pesquisadores&#8221;, ponderou.<\/p>\n\n\n\n<p>\u00c1lvaro Rios atua na concep\u00e7\u00e3o Gen\u00e9tica da pesquisa. Para ele, o trabalho mostra a relev\u00e2ncia da Universidade na produ\u00e7\u00e3o de conhecimento cient\u00edfico em \u00e1reas de interesse da sa\u00fade humana.<\/p>\n\n\n\n<p>&#8220;\u00c9 muito importante que a UENF seja representada no evento, porque mostra a import\u00e2ncia da Universidade na produ\u00e7\u00e3o de conhecimento cient\u00edfico e como pode ser levado \u00e0 sociedade, com a produ\u00e7\u00e3o de biof\u00e1rmacos. A partir desse trabalho tamb\u00e9m capacitamos novos pesquisadores na \u00e1rea, para destacar o valor da Universidade, n\u00e3o s\u00f3 na pesquisa b\u00e1sica e aplicada para a popula\u00e7\u00e3o, mas na forma\u00e7\u00e3o de novos pesquisadores atuando em biotecnologias de \u00faltima gera\u00e7\u00e3o&#8221;, finalizou.<\/p>\n\n\n\n<p>O trabalho \u00e9 desenvolvido pelos pesquisadores da UENF \u00c2ngelo Burla, \u00c1lvaro Rios, Maria Clara Bussiere, Luis Fonseca Matos, Paula Mangiavacchi e Carla Sobrinho Paes; al\u00e9m dos pesquisadores Andr\u00e9 Rios, da UFF, Raquel Serapi\u00e3o, da Universidade de Vassouras e Willian Velander, da Universidade de Nebraska (EUA).<\/p>\n\n\n\n<figure class=\"wp-block-gallery columns-3 is-cropped wp-block-gallery-2 is-layout-flex wp-block-gallery-is-layout-flex\"><ul class=\"blocks-gallery-grid\"><li class=\"blocks-gallery-item\"><figure><img decoding=\"async\" src=\"https:\/\/uenf.br\/portal\/wp-content\/uploads\/2022\/01\/Producao-de-fibronectina-recombinante-humana-utilizando-biorreatores-bovinos-5-1024x576.png\" alt=\"\" data-id=\"12054\" data-full-url=\"https:\/\/uenf.br\/portal\/wp-content\/uploads\/2022\/01\/Producao-de-fibronectina-recombinante-humana-utilizando-biorreatores-bovinos-5.png\" data-link=\"https:\/\/uenf.br\/portal\/?attachment_id=12054\" class=\"wp-image-12054\"\/><\/figure><\/li><li class=\"blocks-gallery-item\"><figure><img decoding=\"async\" src=\"https:\/\/uenf.br\/portal\/wp-content\/uploads\/2022\/01\/Producao-de-fibronectina-recombinante-humana-utilizando-biorreatores-bovinos-6-1024x576.png\" alt=\"\" data-id=\"12055\" data-full-url=\"https:\/\/uenf.br\/portal\/wp-content\/uploads\/2022\/01\/Producao-de-fibronectina-recombinante-humana-utilizando-biorreatores-bovinos-6.png\" data-link=\"https:\/\/uenf.br\/portal\/?attachment_id=12055\" class=\"wp-image-12055\"\/><\/figure><\/li><li class=\"blocks-gallery-item\"><figure><img decoding=\"async\" src=\"https:\/\/uenf.br\/portal\/wp-content\/uploads\/2022\/01\/Producao-de-fibronectina-recombinante-humana-utilizando-biorreatores-bovinos-7-1024x576.png\" alt=\"\" data-id=\"12056\" data-full-url=\"https:\/\/uenf.br\/portal\/wp-content\/uploads\/2022\/01\/Producao-de-fibronectina-recombinante-humana-utilizando-biorreatores-bovinos-7.png\" data-link=\"https:\/\/uenf.br\/portal\/?attachment_id=12056\" class=\"wp-image-12056\"\/><\/figure><\/li><\/ul><figcaption class=\"blocks-gallery-caption\"> Projeto tem o objetivo de produzir um biorreator bovino que secrete a fibronectina no leite. Fotos ASCOM\/UENF<\/figcaption><\/figure>\n\n\n\n<p><\/p>\n","protected":false},"excerpt":{"rendered":"<p>Pesquisadores da Universidade Estadual do Norte Fluminense (UENF) v\u00e3o participar da Rio Innovation Week (RIW) com o projeto &#8220;Produ\u00e7\u00e3o de fibronectina recombinante humana utilizando biorreatores bovinos&#8221;. O evento acontece entre os dias 13 e 16 de janeiro, das 10h \u00e0s 21h, na sede do Jockey Club Brasileiro, na G\u00e1vea, no Rio de Janeiro. Iniciado em [&hellip;]<\/p>\n","protected":false},"author":1,"featured_media":0,"comment_status":"closed","ping_status":"closed","sticky":false,"template":"","format":"standard","meta":{"_eb_attr":"","ocean_post_layout":"","ocean_both_sidebars_style":"","ocean_both_sidebars_content_width":0,"ocean_both_sidebars_sidebars_width":0,"ocean_sidebar":"","ocean_second_sidebar":"","ocean_disable_margins":"enable","ocean_add_body_class":"","ocean_shortcode_before_top_bar":"","ocean_shortcode_after_top_bar":"","ocean_shortcode_before_header":"","ocean_shortcode_after_header":"","ocean_has_shortcode":"","ocean_shortcode_after_title":"","ocean_shortcode_before_footer_widgets":"","ocean_shortcode_after_footer_widgets":"","ocean_shortcode_before_footer_bottom":"","ocean_shortcode_after_footer_bottom":"","ocean_display_top_bar":"default","ocean_display_header":"default","ocean_header_style":"","ocean_center_header_left_menu":"","ocean_custom_header_template":"","ocean_custom_logo":0,"ocean_custom_retina_logo":0,"ocean_custom_logo_max_width":0,"ocean_custom_logo_tablet_max_width":0,"ocean_custom_logo_mobile_max_width":0,"ocean_custom_logo_max_height":0,"ocean_custom_logo_tablet_max_height":0,"ocean_custom_logo_mobile_max_height":0,"ocean_header_custom_menu":"","ocean_menu_typo_font_family":"","ocean_menu_typo_font_subset":"","ocean_menu_typo_font_size":0,"ocean_menu_typo_font_size_tablet":0,"ocean_menu_typo_font_size_mobile":0,"ocean_menu_typo_font_size_unit":"px","ocean_menu_typo_font_weight":"","ocean_menu_typo_font_weight_tablet":"","ocean_menu_typo_font_weight_mobile":"","ocean_menu_typo_transform":"","ocean_menu_typo_transform_tablet":"","ocean_menu_typo_transform_mobile":"","ocean_menu_typo_line_height":0,"ocean_menu_typo_line_height_tablet":0,"ocean_menu_typo_line_height_mobile":0,"ocean_menu_typo_line_height_unit":"","ocean_menu_typo_spacing":0,"ocean_menu_typo_spacing_tablet":0,"ocean_menu_typo_spacing_mobile":0,"ocean_menu_typo_spacing_unit":"","ocean_menu_link_color":"","ocean_menu_link_color_hover":"","ocean_menu_link_color_active":"","ocean_menu_link_background":"","ocean_menu_link_hover_background":"","ocean_menu_link_active_background":"","ocean_menu_social_links_bg":"","ocean_menu_social_hover_links_bg":"","ocean_menu_social_links_color":"","ocean_menu_social_hover_links_color":"","ocean_disable_title":"default","ocean_disable_heading":"default","ocean_post_title":"","ocean_post_subheading":"","ocean_post_title_style":"","ocean_post_title_background_color":"","ocean_post_title_background":0,"ocean_post_title_bg_image_position":"","ocean_post_title_bg_image_attachment":"","ocean_post_title_bg_image_repeat":"","ocean_post_title_bg_image_size":"","ocean_post_title_height":0,"ocean_post_title_bg_overlay":0.5,"ocean_post_title_bg_overlay_color":"","ocean_disable_breadcrumbs":"default","ocean_breadcrumbs_color":"","ocean_breadcrumbs_separator_color":"","ocean_breadcrumbs_links_color":"","ocean_breadcrumbs_links_hover_color":"","ocean_display_footer_widgets":"default","ocean_display_footer_bottom":"default","ocean_custom_footer_template":"","ocean_post_oembed":"","ocean_post_self_hosted_media":"","ocean_post_video_embed":"","ocean_link_format":"","ocean_link_format_target":"self","ocean_quote_format":"","ocean_quote_format_link":"post","ocean_gallery_link_images":"off","ocean_gallery_id":[],"footnotes":""},"categories":[8],"tags":[],"class_list":["post-12050","post","type-post","status-publish","format-standard","hentry","category-noticias","entry"],"yoast_head":"<!-- This site is optimized with the Yoast SEO plugin v26.5 - https:\/\/yoast.com\/wordpress\/plugins\/seo\/ -->\n<title>Pesquisa da UENF ser\u00e1 apresentada na Rio Innovation Week, nos dias 15 e 16 de janeiro - UENF - Universidade Estadual do Norte Fluminense Darcy Ribeiro<\/title>\n<meta name=\"robots\" content=\"noindex, follow, max-snippet:-1, max-image-preview:large, max-video-preview:-1\" \/>\n<meta property=\"og:locale\" content=\"pt_BR\" \/>\n<meta property=\"og:type\" content=\"article\" \/>\n<meta property=\"og:title\" content=\"Pesquisa da UENF ser\u00e1 apresentada na Rio Innovation Week, nos dias 15 e 16 de janeiro - UENF - Universidade Estadual do Norte Fluminense Darcy Ribeiro\" \/>\n<meta property=\"og:description\" content=\"Pesquisadores da Universidade Estadual do Norte Fluminense (UENF) v\u00e3o participar da Rio Innovation Week (RIW) com o projeto &#8220;Produ\u00e7\u00e3o de fibronectina recombinante humana utilizando biorreatores bovinos&#8221;. O evento acontece entre os dias 13 e 16 de janeiro, das 10h \u00e0s 21h, na sede do Jockey Club Brasileiro, na G\u00e1vea, no Rio de Janeiro. Iniciado em [&hellip;]\" \/>\n<meta property=\"og:url\" content=\"https:\/\/portal1.uenf.br\/portal\/noticias\/pesquisa-da-uenf-sera-apresentada-na-rio-innovation-week-nos-dias-15-e-16-de-janeiro\/\" \/>\n<meta property=\"og:site_name\" content=\"UENF - Universidade Estadual do Norte Fluminense Darcy Ribeiro\" \/>\n<meta property=\"article:published_time\" content=\"2022-01-14T19:12:26+00:00\" \/>\n<meta property=\"og:image\" content=\"https:\/\/uenf.br\/portal\/wp-content\/uploads\/2022\/01\/Producao-de-fibronectina-recombinante-humana-utilizando-biorreatores-bovinos-1-1024x576.png\" \/>\n<meta name=\"author\" content=\"admin\" \/>\n<meta name=\"twitter:card\" content=\"summary_large_image\" \/>\n<meta name=\"twitter:label1\" content=\"Escrito por\" \/>\n\t<meta name=\"twitter:data1\" content=\"admin\" \/>\n\t<meta name=\"twitter:label2\" content=\"Est. tempo de leitura\" \/>\n\t<meta name=\"twitter:data2\" content=\"3 minutos\" \/>\n<script type=\"application\/ld+json\" class=\"yoast-schema-graph\">{\"@context\":\"https:\/\/schema.org\",\"@graph\":[{\"@type\":\"Article\",\"@id\":\"https:\/\/portal1.uenf.br\/portal\/noticias\/pesquisa-da-uenf-sera-apresentada-na-rio-innovation-week-nos-dias-15-e-16-de-janeiro\/#article\",\"isPartOf\":{\"@id\":\"https:\/\/portal1.uenf.br\/portal\/noticias\/pesquisa-da-uenf-sera-apresentada-na-rio-innovation-week-nos-dias-15-e-16-de-janeiro\/\"},\"author\":{\"name\":\"admin\",\"@id\":\"https:\/\/portal1.uenf.br\/portal\/#\/schema\/person\/068abbf03b6f8478c845bc8ded9270c7\"},\"headline\":\"Pesquisa da UENF ser\u00e1 apresentada na Rio Innovation Week, nos dias 15 e 16 de janeiro\",\"datePublished\":\"2022-01-14T19:12:26+00:00\",\"mainEntityOfPage\":{\"@id\":\"https:\/\/portal1.uenf.br\/portal\/noticias\/pesquisa-da-uenf-sera-apresentada-na-rio-innovation-week-nos-dias-15-e-16-de-janeiro\/\"},\"wordCount\":635,\"publisher\":{\"@id\":\"https:\/\/portal1.uenf.br\/portal\/#organization\"},\"image\":{\"@id\":\"https:\/\/portal1.uenf.br\/portal\/noticias\/pesquisa-da-uenf-sera-apresentada-na-rio-innovation-week-nos-dias-15-e-16-de-janeiro\/#primaryimage\"},\"thumbnailUrl\":\"https:\/\/uenf.br\/portal\/wp-content\/uploads\/2022\/01\/Producao-de-fibronectina-recombinante-humana-utilizando-biorreatores-bovinos-1-1024x576.png\",\"articleSection\":[\"Not\u00edcias\"],\"inLanguage\":\"pt-BR\"},{\"@type\":\"WebPage\",\"@id\":\"https:\/\/portal1.uenf.br\/portal\/noticias\/pesquisa-da-uenf-sera-apresentada-na-rio-innovation-week-nos-dias-15-e-16-de-janeiro\/\",\"url\":\"https:\/\/portal1.uenf.br\/portal\/noticias\/pesquisa-da-uenf-sera-apresentada-na-rio-innovation-week-nos-dias-15-e-16-de-janeiro\/\",\"name\":\"Pesquisa da UENF ser\u00e1 apresentada na Rio Innovation Week, nos dias 15 e 16 de janeiro - UENF - Universidade Estadual do Norte Fluminense Darcy Ribeiro\",\"isPartOf\":{\"@id\":\"https:\/\/portal1.uenf.br\/portal\/#website\"},\"primaryImageOfPage\":{\"@id\":\"https:\/\/portal1.uenf.br\/portal\/noticias\/pesquisa-da-uenf-sera-apresentada-na-rio-innovation-week-nos-dias-15-e-16-de-janeiro\/#primaryimage\"},\"image\":{\"@id\":\"https:\/\/portal1.uenf.br\/portal\/noticias\/pesquisa-da-uenf-sera-apresentada-na-rio-innovation-week-nos-dias-15-e-16-de-janeiro\/#primaryimage\"},\"thumbnailUrl\":\"https:\/\/uenf.br\/portal\/wp-content\/uploads\/2022\/01\/Producao-de-fibronectina-recombinante-humana-utilizando-biorreatores-bovinos-1-1024x576.png\",\"datePublished\":\"2022-01-14T19:12:26+00:00\",\"breadcrumb\":{\"@id\":\"https:\/\/portal1.uenf.br\/portal\/noticias\/pesquisa-da-uenf-sera-apresentada-na-rio-innovation-week-nos-dias-15-e-16-de-janeiro\/#breadcrumb\"},\"inLanguage\":\"pt-BR\",\"potentialAction\":[{\"@type\":\"ReadAction\",\"target\":[\"https:\/\/portal1.uenf.br\/portal\/noticias\/pesquisa-da-uenf-sera-apresentada-na-rio-innovation-week-nos-dias-15-e-16-de-janeiro\/\"]}]},{\"@type\":\"ImageObject\",\"inLanguage\":\"pt-BR\",\"@id\":\"https:\/\/portal1.uenf.br\/portal\/noticias\/pesquisa-da-uenf-sera-apresentada-na-rio-innovation-week-nos-dias-15-e-16-de-janeiro\/#primaryimage\",\"url\":\"https:\/\/uenf.br\/portal\/wp-content\/uploads\/2022\/01\/Producao-de-fibronectina-recombinante-humana-utilizando-biorreatores-bovinos-1-1024x576.png\",\"contentUrl\":\"https:\/\/uenf.br\/portal\/wp-content\/uploads\/2022\/01\/Producao-de-fibronectina-recombinante-humana-utilizando-biorreatores-bovinos-1-1024x576.png\"},{\"@type\":\"BreadcrumbList\",\"@id\":\"https:\/\/portal1.uenf.br\/portal\/noticias\/pesquisa-da-uenf-sera-apresentada-na-rio-innovation-week-nos-dias-15-e-16-de-janeiro\/#breadcrumb\",\"itemListElement\":[{\"@type\":\"ListItem\",\"position\":1,\"name\":\"In\u00edcio\",\"item\":\"https:\/\/portal1.uenf.br\/portal\/\"},{\"@type\":\"ListItem\",\"position\":2,\"name\":\"Pesquisa da UENF ser\u00e1 apresentada na Rio Innovation Week, nos dias 15 e 16 de janeiro\"}]},{\"@type\":\"WebSite\",\"@id\":\"https:\/\/portal1.uenf.br\/portal\/#website\",\"url\":\"https:\/\/portal1.uenf.br\/portal\/\",\"name\":\"UENF - Universidade Estadual do Norte Fluminense Darcy Ribeiro\",\"description\":\"\",\"publisher\":{\"@id\":\"https:\/\/portal1.uenf.br\/portal\/#organization\"},\"potentialAction\":[{\"@type\":\"SearchAction\",\"target\":{\"@type\":\"EntryPoint\",\"urlTemplate\":\"https:\/\/portal1.uenf.br\/portal\/?s={search_term_string}\"},\"query-input\":{\"@type\":\"PropertyValueSpecification\",\"valueRequired\":true,\"valueName\":\"search_term_string\"}}],\"inLanguage\":\"pt-BR\"},{\"@type\":\"Organization\",\"@id\":\"https:\/\/portal1.uenf.br\/portal\/#organization\",\"name\":\"UENF - Universidade Estadual do Norte Fluminense Darcy Ribeiro\",\"url\":\"https:\/\/portal1.uenf.br\/portal\/\",\"logo\":{\"@type\":\"ImageObject\",\"inLanguage\":\"pt-BR\",\"@id\":\"https:\/\/portal1.uenf.br\/portal\/#\/schema\/logo\/image\/\",\"url\":\"https:\/\/portal1.uenf.br\/portal\/wp-content\/uploads\/2018\/06\/logo-uenf-invertido-1.png\",\"contentUrl\":\"https:\/\/portal1.uenf.br\/portal\/wp-content\/uploads\/2018\/06\/logo-uenf-invertido-1.png\",\"width\":482,\"height\":83,\"caption\":\"UENF - Universidade Estadual do Norte Fluminense Darcy Ribeiro\"},\"image\":{\"@id\":\"https:\/\/portal1.uenf.br\/portal\/#\/schema\/logo\/image\/\"}},{\"@type\":\"Person\",\"@id\":\"https:\/\/portal1.uenf.br\/portal\/#\/schema\/person\/068abbf03b6f8478c845bc8ded9270c7\",\"name\":\"admin\",\"image\":{\"@type\":\"ImageObject\",\"inLanguage\":\"pt-BR\",\"@id\":\"https:\/\/portal1.uenf.br\/portal\/#\/schema\/person\/image\/\",\"url\":\"https:\/\/secure.gravatar.com\/avatar\/e5ecf9e4fae0742f4b136f518195bafa7b2d3f7c709f4bdc6707588ef68a6e25?s=96&d=mm&r=g\",\"contentUrl\":\"https:\/\/secure.gravatar.com\/avatar\/e5ecf9e4fae0742f4b136f518195bafa7b2d3f7c709f4bdc6707588ef68a6e25?s=96&d=mm&r=g\",\"caption\":\"admin\"},\"sameAs\":[\"https:\/\/portal1.uenf.br\/portal\"],\"url\":\"https:\/\/portal1.uenf.br\/portal\/author\/edson\/\"}]}<\/script>\n<!-- \/ Yoast SEO plugin. -->","yoast_head_json":{"title":"Pesquisa da UENF ser\u00e1 apresentada na Rio Innovation Week, nos dias 15 e 16 de janeiro - UENF - Universidade Estadual do Norte Fluminense Darcy Ribeiro","robots":{"index":"noindex","follow":"follow","max-snippet":"max-snippet:-1","max-image-preview":"max-image-preview:large","max-video-preview":"max-video-preview:-1"},"og_locale":"pt_BR","og_type":"article","og_title":"Pesquisa da UENF ser\u00e1 apresentada na Rio Innovation Week, nos dias 15 e 16 de janeiro - UENF - Universidade Estadual do Norte Fluminense Darcy Ribeiro","og_description":"Pesquisadores da Universidade Estadual do Norte Fluminense (UENF) v\u00e3o participar da Rio Innovation Week (RIW) com o projeto &#8220;Produ\u00e7\u00e3o de fibronectina recombinante humana utilizando biorreatores bovinos&#8221;. O evento acontece entre os dias 13 e 16 de janeiro, das 10h \u00e0s 21h, na sede do Jockey Club Brasileiro, na G\u00e1vea, no Rio de Janeiro. Iniciado em [&hellip;]","og_url":"https:\/\/portal1.uenf.br\/portal\/noticias\/pesquisa-da-uenf-sera-apresentada-na-rio-innovation-week-nos-dias-15-e-16-de-janeiro\/","og_site_name":"UENF - Universidade Estadual do Norte Fluminense Darcy Ribeiro","article_published_time":"2022-01-14T19:12:26+00:00","og_image":[{"url":"https:\/\/uenf.br\/portal\/wp-content\/uploads\/2022\/01\/Producao-de-fibronectina-recombinante-humana-utilizando-biorreatores-bovinos-1-1024x576.png","type":"","width":"","height":""}],"author":"admin","twitter_card":"summary_large_image","twitter_misc":{"Escrito por":"admin","Est. tempo de leitura":"3 minutos"},"schema":{"@context":"https:\/\/schema.org","@graph":[{"@type":"Article","@id":"https:\/\/portal1.uenf.br\/portal\/noticias\/pesquisa-da-uenf-sera-apresentada-na-rio-innovation-week-nos-dias-15-e-16-de-janeiro\/#article","isPartOf":{"@id":"https:\/\/portal1.uenf.br\/portal\/noticias\/pesquisa-da-uenf-sera-apresentada-na-rio-innovation-week-nos-dias-15-e-16-de-janeiro\/"},"author":{"name":"admin","@id":"https:\/\/portal1.uenf.br\/portal\/#\/schema\/person\/068abbf03b6f8478c845bc8ded9270c7"},"headline":"Pesquisa da UENF ser\u00e1 apresentada na Rio Innovation Week, nos dias 15 e 16 de janeiro","datePublished":"2022-01-14T19:12:26+00:00","mainEntityOfPage":{"@id":"https:\/\/portal1.uenf.br\/portal\/noticias\/pesquisa-da-uenf-sera-apresentada-na-rio-innovation-week-nos-dias-15-e-16-de-janeiro\/"},"wordCount":635,"publisher":{"@id":"https:\/\/portal1.uenf.br\/portal\/#organization"},"image":{"@id":"https:\/\/portal1.uenf.br\/portal\/noticias\/pesquisa-da-uenf-sera-apresentada-na-rio-innovation-week-nos-dias-15-e-16-de-janeiro\/#primaryimage"},"thumbnailUrl":"https:\/\/uenf.br\/portal\/wp-content\/uploads\/2022\/01\/Producao-de-fibronectina-recombinante-humana-utilizando-biorreatores-bovinos-1-1024x576.png","articleSection":["Not\u00edcias"],"inLanguage":"pt-BR"},{"@type":"WebPage","@id":"https:\/\/portal1.uenf.br\/portal\/noticias\/pesquisa-da-uenf-sera-apresentada-na-rio-innovation-week-nos-dias-15-e-16-de-janeiro\/","url":"https:\/\/portal1.uenf.br\/portal\/noticias\/pesquisa-da-uenf-sera-apresentada-na-rio-innovation-week-nos-dias-15-e-16-de-janeiro\/","name":"Pesquisa da UENF ser\u00e1 apresentada na Rio Innovation Week, nos dias 15 e 16 de janeiro - UENF - Universidade Estadual do Norte Fluminense Darcy Ribeiro","isPartOf":{"@id":"https:\/\/portal1.uenf.br\/portal\/#website"},"primaryImageOfPage":{"@id":"https:\/\/portal1.uenf.br\/portal\/noticias\/pesquisa-da-uenf-sera-apresentada-na-rio-innovation-week-nos-dias-15-e-16-de-janeiro\/#primaryimage"},"image":{"@id":"https:\/\/portal1.uenf.br\/portal\/noticias\/pesquisa-da-uenf-sera-apresentada-na-rio-innovation-week-nos-dias-15-e-16-de-janeiro\/#primaryimage"},"thumbnailUrl":"https:\/\/uenf.br\/portal\/wp-content\/uploads\/2022\/01\/Producao-de-fibronectina-recombinante-humana-utilizando-biorreatores-bovinos-1-1024x576.png","datePublished":"2022-01-14T19:12:26+00:00","breadcrumb":{"@id":"https:\/\/portal1.uenf.br\/portal\/noticias\/pesquisa-da-uenf-sera-apresentada-na-rio-innovation-week-nos-dias-15-e-16-de-janeiro\/#breadcrumb"},"inLanguage":"pt-BR","potentialAction":[{"@type":"ReadAction","target":["https:\/\/portal1.uenf.br\/portal\/noticias\/pesquisa-da-uenf-sera-apresentada-na-rio-innovation-week-nos-dias-15-e-16-de-janeiro\/"]}]},{"@type":"ImageObject","inLanguage":"pt-BR","@id":"https:\/\/portal1.uenf.br\/portal\/noticias\/pesquisa-da-uenf-sera-apresentada-na-rio-innovation-week-nos-dias-15-e-16-de-janeiro\/#primaryimage","url":"https:\/\/uenf.br\/portal\/wp-content\/uploads\/2022\/01\/Producao-de-fibronectina-recombinante-humana-utilizando-biorreatores-bovinos-1-1024x576.png","contentUrl":"https:\/\/uenf.br\/portal\/wp-content\/uploads\/2022\/01\/Producao-de-fibronectina-recombinante-humana-utilizando-biorreatores-bovinos-1-1024x576.png"},{"@type":"BreadcrumbList","@id":"https:\/\/portal1.uenf.br\/portal\/noticias\/pesquisa-da-uenf-sera-apresentada-na-rio-innovation-week-nos-dias-15-e-16-de-janeiro\/#breadcrumb","itemListElement":[{"@type":"ListItem","position":1,"name":"In\u00edcio","item":"https:\/\/portal1.uenf.br\/portal\/"},{"@type":"ListItem","position":2,"name":"Pesquisa da UENF ser\u00e1 apresentada na Rio Innovation Week, nos dias 15 e 16 de janeiro"}]},{"@type":"WebSite","@id":"https:\/\/portal1.uenf.br\/portal\/#website","url":"https:\/\/portal1.uenf.br\/portal\/","name":"UENF - Universidade Estadual do Norte Fluminense Darcy Ribeiro","description":"","publisher":{"@id":"https:\/\/portal1.uenf.br\/portal\/#organization"},"potentialAction":[{"@type":"SearchAction","target":{"@type":"EntryPoint","urlTemplate":"https:\/\/portal1.uenf.br\/portal\/?s={search_term_string}"},"query-input":{"@type":"PropertyValueSpecification","valueRequired":true,"valueName":"search_term_string"}}],"inLanguage":"pt-BR"},{"@type":"Organization","@id":"https:\/\/portal1.uenf.br\/portal\/#organization","name":"UENF - Universidade Estadual do Norte Fluminense Darcy Ribeiro","url":"https:\/\/portal1.uenf.br\/portal\/","logo":{"@type":"ImageObject","inLanguage":"pt-BR","@id":"https:\/\/portal1.uenf.br\/portal\/#\/schema\/logo\/image\/","url":"https:\/\/portal1.uenf.br\/portal\/wp-content\/uploads\/2018\/06\/logo-uenf-invertido-1.png","contentUrl":"https:\/\/portal1.uenf.br\/portal\/wp-content\/uploads\/2018\/06\/logo-uenf-invertido-1.png","width":482,"height":83,"caption":"UENF - Universidade Estadual do Norte Fluminense Darcy Ribeiro"},"image":{"@id":"https:\/\/portal1.uenf.br\/portal\/#\/schema\/logo\/image\/"}},{"@type":"Person","@id":"https:\/\/portal1.uenf.br\/portal\/#\/schema\/person\/068abbf03b6f8478c845bc8ded9270c7","name":"admin","image":{"@type":"ImageObject","inLanguage":"pt-BR","@id":"https:\/\/portal1.uenf.br\/portal\/#\/schema\/person\/image\/","url":"https:\/\/secure.gravatar.com\/avatar\/e5ecf9e4fae0742f4b136f518195bafa7b2d3f7c709f4bdc6707588ef68a6e25?s=96&d=mm&r=g","contentUrl":"https:\/\/secure.gravatar.com\/avatar\/e5ecf9e4fae0742f4b136f518195bafa7b2d3f7c709f4bdc6707588ef68a6e25?s=96&d=mm&r=g","caption":"admin"},"sameAs":["https:\/\/portal1.uenf.br\/portal"],"url":"https:\/\/portal1.uenf.br\/portal\/author\/edson\/"}]}},"_links":{"self":[{"href":"https:\/\/portal1.uenf.br\/portal\/wp-json\/wp\/v2\/posts\/12050","targetHints":{"allow":["GET"]}}],"collection":[{"href":"https:\/\/portal1.uenf.br\/portal\/wp-json\/wp\/v2\/posts"}],"about":[{"href":"https:\/\/portal1.uenf.br\/portal\/wp-json\/wp\/v2\/types\/post"}],"author":[{"embeddable":true,"href":"https:\/\/portal1.uenf.br\/portal\/wp-json\/wp\/v2\/users\/1"}],"replies":[{"embeddable":true,"href":"https:\/\/portal1.uenf.br\/portal\/wp-json\/wp\/v2\/comments?post=12050"}],"version-history":[{"count":0,"href":"https:\/\/portal1.uenf.br\/portal\/wp-json\/wp\/v2\/posts\/12050\/revisions"}],"wp:attachment":[{"href":"https:\/\/portal1.uenf.br\/portal\/wp-json\/wp\/v2\/media?parent=12050"}],"wp:term":[{"taxonomy":"category","embeddable":true,"href":"https:\/\/portal1.uenf.br\/portal\/wp-json\/wp\/v2\/categories?post=12050"},{"taxonomy":"post_tag","embeddable":true,"href":"https:\/\/portal1.uenf.br\/portal\/wp-json\/wp\/v2\/tags?post=12050"}],"curies":[{"name":"wp","href":"https:\/\/api.w.org\/{rel}","templated":true}]}}