{"id":11990,"date":"2021-12-14T19:07:41","date_gmt":"2021-12-14T22:07:41","guid":{"rendered":"https:\/\/uenf.br\/portal\/?p=11990"},"modified":"2021-12-14T19:07:41","modified_gmt":"2021-12-14T22:07:41","slug":"uenf-recebe-a-visita-do-prefeito-de-cabo-frio","status":"publish","type":"post","link":"https:\/\/portal1.uenf.br\/portal\/informes-internos\/uenf-recebe-a-visita-do-prefeito-de-cabo-frio\/","title":{"rendered":"UENF recebe a visita do prefeito de Cabo Frio"},"content":{"rendered":"\n<div class=\"wp-block-image\"><figure class=\"aligncenter size-large is-resized\"><img fetchpriority=\"high\" decoding=\"async\" src=\"https:\/\/uenf.br\/portal\/wp-content\/uploads\/2021\/12\/PREFEITO-DE-CABO-FRIO-1-1024x576.jpg\" alt=\"\" class=\"wp-image-12004\" width=\"640\" height=\"359\"\/><figcaption>O prefeito visitou o Projeto Terceira Idade em A\u00e7\u00e3o, onde foi recebido pela coordenadora Rosalee Istoe<\/figcaption><\/figure><\/div>\n\n\n\n<p>O prefeito de Cabo Frio, Jos\u00e9 Bonif\u00e1cio, visitou na manh\u00e3 desta ter\u00e7a-feira, 14\/12\/21, o <em>campus<\/em> da UENF em Campos dos Goytacazes. Ele foi recebido pelo reitor da Universidade, Raul Palacio, e pela vice-reitora, Rosana Rodrigues, al\u00e9m do chefe de Gabinete da Reitoria, Lu\u00eds Passoni. Em reuni\u00e3o na Reitoria, foi tratada a quest\u00e3o do projeto de restaura\u00e7\u00e3o da fazenda Campos Novos, situada em Tamoios,  2\u00ba distrito de Cabo Frio. Em seguida, o prefeito conheceu as instala\u00e7\u00f5es dos projetos Terceira Idade em A\u00e7\u00e3o e Caminhos de Barro, bem como o Hospital Veterin\u00e1rio.<\/p>\n\n\n\n<p> A visita foi um desdobramento do acordo de coopera\u00e7\u00e3o t\u00e9cnica assinado recentemente entre a UENF e a Prefeitura de Cabo Frio. Entre os planos de trabalho que est\u00e3o sendo elaborados, est\u00e1 o apoio para a restaura\u00e7\u00e3o da sede da Fazenda Campos Novos, que pertence \u00e0 Prefeitura. Tombado pelo Patrim\u00f4nio Hist\u00f3rico, o pr\u00e9dio se encontra interditado, pois corre o risco de desabamento.<\/p>\n\n\n\n<div class=\"wp-block-image\"><figure class=\"aligncenter size-large is-resized\"><img decoding=\"async\" src=\"https:\/\/uenf.br\/portal\/wp-content\/uploads\/2021\/12\/PREFEITO-DE-CABO-FRIO-3-1024x575.jpg\" alt=\"\" class=\"wp-image-12006\" width=\"645\" height=\"361\"\/><figcaption>Durante a reuni\u00e3o, foi tratada a quest\u00e3o da restaura\u00e7\u00e3o da sede da Fazenda Campos Novos<\/figcaption><\/figure><\/div>\n\n\n\n<p>A vice-reitora da UENF, Rosana Rodrigues, lembrou que a Fazenda Campos Novos tem um valor hist\u00f3rico muito grande. Foi na sede desta fazenda que Charles Darwin pernoitou durante sua passagem pela Regi\u00e3o dos Lagos no in\u00edcio do s\u00e9culo XIX. &#8220;Existe at\u00e9 uma sequ\u00eancia de placas dizendo &#8216;Caminhos de Darwin 1832\u201d na estrada entre B\u00fazios e Cabo Frio&#8221;, observa. &#8220;A perda desse pr\u00e9dio significa uma perda muito grande para a ci\u00eancia, para hist\u00f3ria e para a cultura do estado do Rio de Janeiro e do Brasil.<br \/><br \/>Al\u00e9m desse trabalho junto \u00e0 Fazenda Campos Novos, existem outros planos de trabalho em fase de elabora\u00e7\u00e3o nas \u00e1reas de educa\u00e7\u00e3o, meio ambiente e agricultura. A  prefeitura de Cabo Frio tamb\u00e9m manifestou interesse na \u00e1rea de medicina veterin\u00e1ria, bem como nos projetos relacionados ao Paraesporte e \u00e0 Universidade da Terceira Idade.<\/p>\n\n\n\n<div class=\"wp-block-image\"><figure class=\"aligncenter size-large is-resized\"><img decoding=\"async\" src=\"https:\/\/uenf.br\/portal\/wp-content\/uploads\/2021\/12\/PREFEITO-DE-CABO-FRIO-2-1024x575.jpg\" alt=\"\" class=\"wp-image-12008\" width=\"637\" height=\"357\"\/><\/figure><\/div>\n\n\n\n<p><br \/><\/p>\n","protected":false},"excerpt":{"rendered":"<p>O prefeito de Cabo Frio, Jos\u00e9 Bonif\u00e1cio, visitou na manh\u00e3 desta ter\u00e7a-feira, 14\/12\/21, o campus da UENF em Campos dos Goytacazes. Ele foi recebido pelo reitor da Universidade, Raul Palacio, e pela vice-reitora, Rosana Rodrigues, al\u00e9m do chefe de Gabinete da Reitoria, Lu\u00eds Passoni. Em reuni\u00e3o na Reitoria, foi tratada a quest\u00e3o do projeto de [&hellip;]<\/p>\n","protected":false},"author":1,"featured_media":0,"comment_status":"closed","ping_status":"closed","sticky":false,"template":"","format":"standard","meta":{"_eb_attr":"","ocean_post_layout":"","ocean_both_sidebars_style":"","ocean_both_sidebars_content_width":0,"ocean_both_sidebars_sidebars_width":0,"ocean_sidebar":"","ocean_second_sidebar":"","ocean_disable_margins":"enable","ocean_add_body_class":"","ocean_shortcode_before_top_bar":"","ocean_shortcode_after_top_bar":"","ocean_shortcode_before_header":"","ocean_shortcode_after_header":"","ocean_has_shortcode":"","ocean_shortcode_after_title":"","ocean_shortcode_before_footer_widgets":"","ocean_shortcode_after_footer_widgets":"","ocean_shortcode_before_footer_bottom":"","ocean_shortcode_after_footer_bottom":"","ocean_display_top_bar":"default","ocean_display_header":"default","ocean_header_style":"","ocean_center_header_left_menu":"","ocean_custom_header_template":"","ocean_custom_logo":0,"ocean_custom_retina_logo":0,"ocean_custom_logo_max_width":0,"ocean_custom_logo_tablet_max_width":0,"ocean_custom_logo_mobile_max_width":0,"ocean_custom_logo_max_height":0,"ocean_custom_logo_tablet_max_height":0,"ocean_custom_logo_mobile_max_height":0,"ocean_header_custom_menu":"","ocean_menu_typo_font_family":"","ocean_menu_typo_font_subset":"","ocean_menu_typo_font_size":0,"ocean_menu_typo_font_size_tablet":0,"ocean_menu_typo_font_size_mobile":0,"ocean_menu_typo_font_size_unit":"px","ocean_menu_typo_font_weight":"","ocean_menu_typo_font_weight_tablet":"","ocean_menu_typo_font_weight_mobile":"","ocean_menu_typo_transform":"","ocean_menu_typo_transform_tablet":"","ocean_menu_typo_transform_mobile":"","ocean_menu_typo_line_height":0,"ocean_menu_typo_line_height_tablet":0,"ocean_menu_typo_line_height_mobile":0,"ocean_menu_typo_line_height_unit":"","ocean_menu_typo_spacing":0,"ocean_menu_typo_spacing_tablet":0,"ocean_menu_typo_spacing_mobile":0,"ocean_menu_typo_spacing_unit":"","ocean_menu_link_color":"","ocean_menu_link_color_hover":"","ocean_menu_link_color_active":"","ocean_menu_link_background":"","ocean_menu_link_hover_background":"","ocean_menu_link_active_background":"","ocean_menu_social_links_bg":"","ocean_menu_social_hover_links_bg":"","ocean_menu_social_links_color":"","ocean_menu_social_hover_links_color":"","ocean_disable_title":"default","ocean_disable_heading":"default","ocean_post_title":"","ocean_post_subheading":"","ocean_post_title_style":"","ocean_post_title_background_color":"","ocean_post_title_background":0,"ocean_post_title_bg_image_position":"","ocean_post_title_bg_image_attachment":"","ocean_post_title_bg_image_repeat":"","ocean_post_title_bg_image_size":"","ocean_post_title_height":0,"ocean_post_title_bg_overlay":0.5,"ocean_post_title_bg_overlay_color":"","ocean_disable_breadcrumbs":"default","ocean_breadcrumbs_color":"","ocean_breadcrumbs_separator_color":"","ocean_breadcrumbs_links_color":"","ocean_breadcrumbs_links_hover_color":"","ocean_display_footer_widgets":"default","ocean_display_footer_bottom":"default","ocean_custom_footer_template":"","ocean_post_oembed":"","ocean_post_self_hosted_media":"","ocean_post_video_embed":"","ocean_link_format":"","ocean_link_format_target":"self","ocean_quote_format":"","ocean_quote_format_link":"post","ocean_gallery_link_images":"off","ocean_gallery_id":[],"footnotes":""},"categories":[7],"tags":[],"class_list":["post-11990","post","type-post","status-publish","format-standard","hentry","category-informes-internos","entry"],"yoast_head":"<!-- This site is optimized with the Yoast SEO plugin v26.5 - https:\/\/yoast.com\/wordpress\/plugins\/seo\/ -->\n<title>UENF recebe a visita do prefeito de Cabo Frio - UENF - Universidade Estadual do Norte Fluminense Darcy Ribeiro<\/title>\n<meta name=\"robots\" content=\"noindex, follow, max-snippet:-1, max-image-preview:large, max-video-preview:-1\" \/>\n<meta property=\"og:locale\" content=\"pt_BR\" \/>\n<meta property=\"og:type\" content=\"article\" \/>\n<meta property=\"og:title\" content=\"UENF recebe a visita do prefeito de Cabo Frio - UENF - Universidade Estadual do Norte Fluminense Darcy Ribeiro\" \/>\n<meta property=\"og:description\" content=\"O prefeito de Cabo Frio, Jos\u00e9 Bonif\u00e1cio, visitou na manh\u00e3 desta ter\u00e7a-feira, 14\/12\/21, o campus da UENF em Campos dos Goytacazes. Ele foi recebido pelo reitor da Universidade, Raul Palacio, e pela vice-reitora, Rosana Rodrigues, al\u00e9m do chefe de Gabinete da Reitoria, Lu\u00eds Passoni. Em reuni\u00e3o na Reitoria, foi tratada a quest\u00e3o do projeto de [&hellip;]\" \/>\n<meta property=\"og:url\" content=\"https:\/\/portal1.uenf.br\/portal\/informes-internos\/uenf-recebe-a-visita-do-prefeito-de-cabo-frio\/\" \/>\n<meta property=\"og:site_name\" content=\"UENF - Universidade Estadual do Norte Fluminense Darcy Ribeiro\" \/>\n<meta property=\"article:published_time\" content=\"2021-12-14T22:07:41+00:00\" \/>\n<meta property=\"og:image\" content=\"https:\/\/uenf.br\/portal\/wp-content\/uploads\/2021\/12\/PREFEITO-DE-CABO-FRIO-1-1024x576.jpg\" \/>\n<meta name=\"author\" content=\"admin\" \/>\n<meta name=\"twitter:card\" content=\"summary_large_image\" \/>\n<meta name=\"twitter:label1\" content=\"Escrito por\" \/>\n\t<meta name=\"twitter:data1\" content=\"admin\" \/>\n\t<meta name=\"twitter:label2\" content=\"Est. tempo de leitura\" \/>\n\t<meta name=\"twitter:data2\" content=\"2 minutos\" \/>\n<script type=\"application\/ld+json\" class=\"yoast-schema-graph\">{\"@context\":\"https:\/\/schema.org\",\"@graph\":[{\"@type\":\"Article\",\"@id\":\"https:\/\/portal1.uenf.br\/portal\/informes-internos\/uenf-recebe-a-visita-do-prefeito-de-cabo-frio\/#article\",\"isPartOf\":{\"@id\":\"https:\/\/portal1.uenf.br\/portal\/informes-internos\/uenf-recebe-a-visita-do-prefeito-de-cabo-frio\/\"},\"author\":{\"name\":\"admin\",\"@id\":\"https:\/\/portal1.uenf.br\/portal\/#\/schema\/person\/068abbf03b6f8478c845bc8ded9270c7\"},\"headline\":\"UENF recebe a visita do prefeito de Cabo Frio\",\"datePublished\":\"2021-12-14T22:07:41+00:00\",\"mainEntityOfPage\":{\"@id\":\"https:\/\/portal1.uenf.br\/portal\/informes-internos\/uenf-recebe-a-visita-do-prefeito-de-cabo-frio\/\"},\"wordCount\":356,\"publisher\":{\"@id\":\"https:\/\/portal1.uenf.br\/portal\/#organization\"},\"image\":{\"@id\":\"https:\/\/portal1.uenf.br\/portal\/informes-internos\/uenf-recebe-a-visita-do-prefeito-de-cabo-frio\/#primaryimage\"},\"thumbnailUrl\":\"https:\/\/uenf.br\/portal\/wp-content\/uploads\/2021\/12\/PREFEITO-DE-CABO-FRIO-1-1024x576.jpg\",\"articleSection\":[\"informes internos\"],\"inLanguage\":\"pt-BR\"},{\"@type\":\"WebPage\",\"@id\":\"https:\/\/portal1.uenf.br\/portal\/informes-internos\/uenf-recebe-a-visita-do-prefeito-de-cabo-frio\/\",\"url\":\"https:\/\/portal1.uenf.br\/portal\/informes-internos\/uenf-recebe-a-visita-do-prefeito-de-cabo-frio\/\",\"name\":\"UENF recebe a visita do prefeito de Cabo Frio - UENF - Universidade Estadual do Norte Fluminense Darcy Ribeiro\",\"isPartOf\":{\"@id\":\"https:\/\/portal1.uenf.br\/portal\/#website\"},\"primaryImageOfPage\":{\"@id\":\"https:\/\/portal1.uenf.br\/portal\/informes-internos\/uenf-recebe-a-visita-do-prefeito-de-cabo-frio\/#primaryimage\"},\"image\":{\"@id\":\"https:\/\/portal1.uenf.br\/portal\/informes-internos\/uenf-recebe-a-visita-do-prefeito-de-cabo-frio\/#primaryimage\"},\"thumbnailUrl\":\"https:\/\/uenf.br\/portal\/wp-content\/uploads\/2021\/12\/PREFEITO-DE-CABO-FRIO-1-1024x576.jpg\",\"datePublished\":\"2021-12-14T22:07:41+00:00\",\"breadcrumb\":{\"@id\":\"https:\/\/portal1.uenf.br\/portal\/informes-internos\/uenf-recebe-a-visita-do-prefeito-de-cabo-frio\/#breadcrumb\"},\"inLanguage\":\"pt-BR\",\"potentialAction\":[{\"@type\":\"ReadAction\",\"target\":[\"https:\/\/portal1.uenf.br\/portal\/informes-internos\/uenf-recebe-a-visita-do-prefeito-de-cabo-frio\/\"]}]},{\"@type\":\"ImageObject\",\"inLanguage\":\"pt-BR\",\"@id\":\"https:\/\/portal1.uenf.br\/portal\/informes-internos\/uenf-recebe-a-visita-do-prefeito-de-cabo-frio\/#primaryimage\",\"url\":\"https:\/\/uenf.br\/portal\/wp-content\/uploads\/2021\/12\/PREFEITO-DE-CABO-FRIO-1-1024x576.jpg\",\"contentUrl\":\"https:\/\/uenf.br\/portal\/wp-content\/uploads\/2021\/12\/PREFEITO-DE-CABO-FRIO-1-1024x576.jpg\"},{\"@type\":\"BreadcrumbList\",\"@id\":\"https:\/\/portal1.uenf.br\/portal\/informes-internos\/uenf-recebe-a-visita-do-prefeito-de-cabo-frio\/#breadcrumb\",\"itemListElement\":[{\"@type\":\"ListItem\",\"position\":1,\"name\":\"In\u00edcio\",\"item\":\"https:\/\/portal1.uenf.br\/portal\/\"},{\"@type\":\"ListItem\",\"position\":2,\"name\":\"UENF recebe a visita do prefeito de Cabo Frio\"}]},{\"@type\":\"WebSite\",\"@id\":\"https:\/\/portal1.uenf.br\/portal\/#website\",\"url\":\"https:\/\/portal1.uenf.br\/portal\/\",\"name\":\"UENF - Universidade Estadual do Norte Fluminense Darcy Ribeiro\",\"description\":\"\",\"publisher\":{\"@id\":\"https:\/\/portal1.uenf.br\/portal\/#organization\"},\"potentialAction\":[{\"@type\":\"SearchAction\",\"target\":{\"@type\":\"EntryPoint\",\"urlTemplate\":\"https:\/\/portal1.uenf.br\/portal\/?s={search_term_string}\"},\"query-input\":{\"@type\":\"PropertyValueSpecification\",\"valueRequired\":true,\"valueName\":\"search_term_string\"}}],\"inLanguage\":\"pt-BR\"},{\"@type\":\"Organization\",\"@id\":\"https:\/\/portal1.uenf.br\/portal\/#organization\",\"name\":\"UENF - Universidade Estadual do Norte Fluminense Darcy Ribeiro\",\"url\":\"https:\/\/portal1.uenf.br\/portal\/\",\"logo\":{\"@type\":\"ImageObject\",\"inLanguage\":\"pt-BR\",\"@id\":\"https:\/\/portal1.uenf.br\/portal\/#\/schema\/logo\/image\/\",\"url\":\"https:\/\/portal1.uenf.br\/portal\/wp-content\/uploads\/2018\/06\/logo-uenf-invertido-1.png\",\"contentUrl\":\"https:\/\/portal1.uenf.br\/portal\/wp-content\/uploads\/2018\/06\/logo-uenf-invertido-1.png\",\"width\":482,\"height\":83,\"caption\":\"UENF - Universidade Estadual do Norte Fluminense Darcy Ribeiro\"},\"image\":{\"@id\":\"https:\/\/portal1.uenf.br\/portal\/#\/schema\/logo\/image\/\"}},{\"@type\":\"Person\",\"@id\":\"https:\/\/portal1.uenf.br\/portal\/#\/schema\/person\/068abbf03b6f8478c845bc8ded9270c7\",\"name\":\"admin\",\"image\":{\"@type\":\"ImageObject\",\"inLanguage\":\"pt-BR\",\"@id\":\"https:\/\/portal1.uenf.br\/portal\/#\/schema\/person\/image\/\",\"url\":\"https:\/\/secure.gravatar.com\/avatar\/e5ecf9e4fae0742f4b136f518195bafa7b2d3f7c709f4bdc6707588ef68a6e25?s=96&d=mm&r=g\",\"contentUrl\":\"https:\/\/secure.gravatar.com\/avatar\/e5ecf9e4fae0742f4b136f518195bafa7b2d3f7c709f4bdc6707588ef68a6e25?s=96&d=mm&r=g\",\"caption\":\"admin\"},\"sameAs\":[\"https:\/\/portal1.uenf.br\/portal\"],\"url\":\"https:\/\/portal1.uenf.br\/portal\/author\/edson\/\"}]}<\/script>\n<!-- \/ Yoast SEO plugin. -->","yoast_head_json":{"title":"UENF recebe a visita do prefeito de Cabo Frio - UENF - Universidade Estadual do Norte Fluminense Darcy Ribeiro","robots":{"index":"noindex","follow":"follow","max-snippet":"max-snippet:-1","max-image-preview":"max-image-preview:large","max-video-preview":"max-video-preview:-1"},"og_locale":"pt_BR","og_type":"article","og_title":"UENF recebe a visita do prefeito de Cabo Frio - UENF - Universidade Estadual do Norte Fluminense Darcy Ribeiro","og_description":"O prefeito de Cabo Frio, Jos\u00e9 Bonif\u00e1cio, visitou na manh\u00e3 desta ter\u00e7a-feira, 14\/12\/21, o campus da UENF em Campos dos Goytacazes. Ele foi recebido pelo reitor da Universidade, Raul Palacio, e pela vice-reitora, Rosana Rodrigues, al\u00e9m do chefe de Gabinete da Reitoria, Lu\u00eds Passoni. Em reuni\u00e3o na Reitoria, foi tratada a quest\u00e3o do projeto de [&hellip;]","og_url":"https:\/\/portal1.uenf.br\/portal\/informes-internos\/uenf-recebe-a-visita-do-prefeito-de-cabo-frio\/","og_site_name":"UENF - Universidade Estadual do Norte Fluminense Darcy Ribeiro","article_published_time":"2021-12-14T22:07:41+00:00","og_image":[{"url":"https:\/\/uenf.br\/portal\/wp-content\/uploads\/2021\/12\/PREFEITO-DE-CABO-FRIO-1-1024x576.jpg","type":"","width":"","height":""}],"author":"admin","twitter_card":"summary_large_image","twitter_misc":{"Escrito por":"admin","Est. tempo de leitura":"2 minutos"},"schema":{"@context":"https:\/\/schema.org","@graph":[{"@type":"Article","@id":"https:\/\/portal1.uenf.br\/portal\/informes-internos\/uenf-recebe-a-visita-do-prefeito-de-cabo-frio\/#article","isPartOf":{"@id":"https:\/\/portal1.uenf.br\/portal\/informes-internos\/uenf-recebe-a-visita-do-prefeito-de-cabo-frio\/"},"author":{"name":"admin","@id":"https:\/\/portal1.uenf.br\/portal\/#\/schema\/person\/068abbf03b6f8478c845bc8ded9270c7"},"headline":"UENF recebe a visita do prefeito de Cabo Frio","datePublished":"2021-12-14T22:07:41+00:00","mainEntityOfPage":{"@id":"https:\/\/portal1.uenf.br\/portal\/informes-internos\/uenf-recebe-a-visita-do-prefeito-de-cabo-frio\/"},"wordCount":356,"publisher":{"@id":"https:\/\/portal1.uenf.br\/portal\/#organization"},"image":{"@id":"https:\/\/portal1.uenf.br\/portal\/informes-internos\/uenf-recebe-a-visita-do-prefeito-de-cabo-frio\/#primaryimage"},"thumbnailUrl":"https:\/\/uenf.br\/portal\/wp-content\/uploads\/2021\/12\/PREFEITO-DE-CABO-FRIO-1-1024x576.jpg","articleSection":["informes internos"],"inLanguage":"pt-BR"},{"@type":"WebPage","@id":"https:\/\/portal1.uenf.br\/portal\/informes-internos\/uenf-recebe-a-visita-do-prefeito-de-cabo-frio\/","url":"https:\/\/portal1.uenf.br\/portal\/informes-internos\/uenf-recebe-a-visita-do-prefeito-de-cabo-frio\/","name":"UENF recebe a visita do prefeito de Cabo Frio - UENF - Universidade Estadual do Norte Fluminense Darcy Ribeiro","isPartOf":{"@id":"https:\/\/portal1.uenf.br\/portal\/#website"},"primaryImageOfPage":{"@id":"https:\/\/portal1.uenf.br\/portal\/informes-internos\/uenf-recebe-a-visita-do-prefeito-de-cabo-frio\/#primaryimage"},"image":{"@id":"https:\/\/portal1.uenf.br\/portal\/informes-internos\/uenf-recebe-a-visita-do-prefeito-de-cabo-frio\/#primaryimage"},"thumbnailUrl":"https:\/\/uenf.br\/portal\/wp-content\/uploads\/2021\/12\/PREFEITO-DE-CABO-FRIO-1-1024x576.jpg","datePublished":"2021-12-14T22:07:41+00:00","breadcrumb":{"@id":"https:\/\/portal1.uenf.br\/portal\/informes-internos\/uenf-recebe-a-visita-do-prefeito-de-cabo-frio\/#breadcrumb"},"inLanguage":"pt-BR","potentialAction":[{"@type":"ReadAction","target":["https:\/\/portal1.uenf.br\/portal\/informes-internos\/uenf-recebe-a-visita-do-prefeito-de-cabo-frio\/"]}]},{"@type":"ImageObject","inLanguage":"pt-BR","@id":"https:\/\/portal1.uenf.br\/portal\/informes-internos\/uenf-recebe-a-visita-do-prefeito-de-cabo-frio\/#primaryimage","url":"https:\/\/uenf.br\/portal\/wp-content\/uploads\/2021\/12\/PREFEITO-DE-CABO-FRIO-1-1024x576.jpg","contentUrl":"https:\/\/uenf.br\/portal\/wp-content\/uploads\/2021\/12\/PREFEITO-DE-CABO-FRIO-1-1024x576.jpg"},{"@type":"BreadcrumbList","@id":"https:\/\/portal1.uenf.br\/portal\/informes-internos\/uenf-recebe-a-visita-do-prefeito-de-cabo-frio\/#breadcrumb","itemListElement":[{"@type":"ListItem","position":1,"name":"In\u00edcio","item":"https:\/\/portal1.uenf.br\/portal\/"},{"@type":"ListItem","position":2,"name":"UENF recebe a visita do prefeito de Cabo Frio"}]},{"@type":"WebSite","@id":"https:\/\/portal1.uenf.br\/portal\/#website","url":"https:\/\/portal1.uenf.br\/portal\/","name":"UENF - Universidade Estadual do Norte Fluminense Darcy Ribeiro","description":"","publisher":{"@id":"https:\/\/portal1.uenf.br\/portal\/#organization"},"potentialAction":[{"@type":"SearchAction","target":{"@type":"EntryPoint","urlTemplate":"https:\/\/portal1.uenf.br\/portal\/?s={search_term_string}"},"query-input":{"@type":"PropertyValueSpecification","valueRequired":true,"valueName":"search_term_string"}}],"inLanguage":"pt-BR"},{"@type":"Organization","@id":"https:\/\/portal1.uenf.br\/portal\/#organization","name":"UENF - Universidade Estadual do Norte Fluminense Darcy Ribeiro","url":"https:\/\/portal1.uenf.br\/portal\/","logo":{"@type":"ImageObject","inLanguage":"pt-BR","@id":"https:\/\/portal1.uenf.br\/portal\/#\/schema\/logo\/image\/","url":"https:\/\/portal1.uenf.br\/portal\/wp-content\/uploads\/2018\/06\/logo-uenf-invertido-1.png","contentUrl":"https:\/\/portal1.uenf.br\/portal\/wp-content\/uploads\/2018\/06\/logo-uenf-invertido-1.png","width":482,"height":83,"caption":"UENF - Universidade Estadual do Norte Fluminense Darcy Ribeiro"},"image":{"@id":"https:\/\/portal1.uenf.br\/portal\/#\/schema\/logo\/image\/"}},{"@type":"Person","@id":"https:\/\/portal1.uenf.br\/portal\/#\/schema\/person\/068abbf03b6f8478c845bc8ded9270c7","name":"admin","image":{"@type":"ImageObject","inLanguage":"pt-BR","@id":"https:\/\/portal1.uenf.br\/portal\/#\/schema\/person\/image\/","url":"https:\/\/secure.gravatar.com\/avatar\/e5ecf9e4fae0742f4b136f518195bafa7b2d3f7c709f4bdc6707588ef68a6e25?s=96&d=mm&r=g","contentUrl":"https:\/\/secure.gravatar.com\/avatar\/e5ecf9e4fae0742f4b136f518195bafa7b2d3f7c709f4bdc6707588ef68a6e25?s=96&d=mm&r=g","caption":"admin"},"sameAs":["https:\/\/portal1.uenf.br\/portal"],"url":"https:\/\/portal1.uenf.br\/portal\/author\/edson\/"}]}},"_links":{"self":[{"href":"https:\/\/portal1.uenf.br\/portal\/wp-json\/wp\/v2\/posts\/11990","targetHints":{"allow":["GET"]}}],"collection":[{"href":"https:\/\/portal1.uenf.br\/portal\/wp-json\/wp\/v2\/posts"}],"about":[{"href":"https:\/\/portal1.uenf.br\/portal\/wp-json\/wp\/v2\/types\/post"}],"author":[{"embeddable":true,"href":"https:\/\/portal1.uenf.br\/portal\/wp-json\/wp\/v2\/users\/1"}],"replies":[{"embeddable":true,"href":"https:\/\/portal1.uenf.br\/portal\/wp-json\/wp\/v2\/comments?post=11990"}],"version-history":[{"count":0,"href":"https:\/\/portal1.uenf.br\/portal\/wp-json\/wp\/v2\/posts\/11990\/revisions"}],"wp:attachment":[{"href":"https:\/\/portal1.uenf.br\/portal\/wp-json\/wp\/v2\/media?parent=11990"}],"wp:term":[{"taxonomy":"category","embeddable":true,"href":"https:\/\/portal1.uenf.br\/portal\/wp-json\/wp\/v2\/categories?post=11990"},{"taxonomy":"post_tag","embeddable":true,"href":"https:\/\/portal1.uenf.br\/portal\/wp-json\/wp\/v2\/tags?post=11990"}],"curies":[{"name":"wp","href":"https:\/\/api.w.org\/{rel}","templated":true}]}}