{"id":11820,"date":"2021-12-08T17:47:20","date_gmt":"2021-12-08T20:47:20","guid":{"rendered":"https:\/\/uenf.br\/portal\/?p=11820"},"modified":"2021-12-08T17:47:20","modified_gmt":"2021-12-08T20:47:20","slug":"casa-de-cultura-villa-maria-completa-28-anos","status":"publish","type":"post","link":"https:\/\/portal1.uenf.br\/portal\/noticias\/casa-de-cultura-villa-maria-completa-28-anos\/","title":{"rendered":"Casa de Cultura Villa Maria completa 28 anos"},"content":{"rendered":"\n<div class=\"wp-block-image\"><figure class=\"aligncenter size-full is-resized\"><img fetchpriority=\"high\" decoding=\"async\" src=\"https:\/\/uenf.br\/portal\/wp-content\/uploads\/2021\/12\/WhatsApp-Image-2021-12-08-at-17.27.23-1.jpeg\" alt=\"\" class=\"wp-image-11883\" width=\"646\" height=\"429\"\/><figcaption>Casa de Cultura Villa Maria<\/figcaption><\/figure><\/div>\n\n\n\n<p>Numa \u00e9poca em que a maioria das mulheres sequer cogitava fazer um curso superior e que a instala\u00e7\u00e3o de uma universidade em Campos dos Goytacazes ainda era um sonho distante, uma senhora da alta sociedade campista \u2014 Maria Queiroz de Oliveira, a \u201cFinazinha\u201d \u2014 dava in\u00edcio, sem saber, \u00e0 hist\u00f3ria da Casa de Cultura Villa Maria, ao doar em testamento a sua pr\u00f3pria casa para a \u201cprimeira universidade que viesse a se instalar na cidade de Campos dos Goytacazes\u201d.<\/p>\n\n\n\n<p>Finazinha faleceu em 18 de dezembro de 1970, sem imaginar que, 23 anos depois, o palacete em que vivera viria a abrigar a Casa de Cultura Villa Maria, bra\u00e7o cultural da rec\u00e9m-criada Universidade Estadual do Norte Fluminense Darcy Ribeiro (UENF). Nesta quarta-feira, 08 de dezembro de 2021, a Villa completa 28 anos de exist\u00eancia, e, para marcar a data, ser\u00e1 realizado neste s\u00e1bado, 11\/12\/21, o 1\u00ba Encontro da M\u00fasica Goitac\u00e1, do Norte, Noroeste e Lagos&#8221;. (<a href=\"https:\/\/uenf.br\/portal\/noticias\/musica-autoral-e-regional-em-debate-na-villa-maria\/\"><strong>AQUI<\/strong><\/a>)<\/p>\n\n\n\n<div class=\"wp-block-image\"><figure class=\"aligncenter size-full\"><img decoding=\"async\" src=\"https:\/\/uenf.br\/portal\/wp-content\/uploads\/2021\/12\/Finasinha.jpg\" alt=\"\" class=\"wp-image-11889\"\/><figcaption>Finazinha<\/figcaption><\/figure><\/div>\n\n\n\n<p>Com 811 m2 de \u00e1rea constru\u00edda e um jardim de 5.714 m2, o palacete Villa Maria foi constru\u00eddo pelo marido de Finazinha, o industrial Atilano Cris\u00f3stomo de Oliveira para presentear a esposa. At\u00e9 que a UENF fosse instalada, a casa ficou entregue ao Poder P\u00fablico Municipal. De 1979 a 1992, o palacete abrigou a sede da Prefeitura Municipal de Campos, sendo incorporado oficialmente \u00e0 UENF a partir de sua instala\u00e7\u00e3o, em 1993.<\/p>\n\n\n\n<p>A inaugura\u00e7\u00e3o da Casa de Cultura, em 1993 &#8212; quatro meses ap\u00f3s a aula inaugural da UENF &#8212;, foi marcada por tr\u00eas dias de espet\u00e1culos culturais (8, 9 e 10\/12) nos jardins da Villa e na Pra\u00e7a do Liceu. A festa come\u00e7ou com show do cantor e compositor Moreira da Silva (1902-2000). No segundo dia, a atra\u00e7\u00e3o ficou por conta de apresenta\u00e7\u00e3o de Artistas de Campos, seguida do espet\u00e1culo &#8220;Videotauro II &#8211; O Cavaleiro ap\u00f3s M\u00eddia&#8221; e show do Coral Canto em Canto. No \u00faltimo dia de atra\u00e7\u00f5es, houve apresenta\u00e7\u00e3o do grupo T\u00e1 na Rua. (Vide foto).<\/p>\n\n\n\n<div class=\"wp-block-image\"><figure class=\"aligncenter size-full\"><img decoding=\"async\" src=\"https:\/\/uenf.br\/portal\/wp-content\/uploads\/2021\/12\/WhatsApp-Image-2021-12-06-at-12.34.11.jpeg\" alt=\"\" class=\"wp-image-11879\"\/><figcaption>Recorte de jornal anunciando a inaugura\u00e7\u00e3o da Casa de Cultura Villa Maria<\/figcaption><\/figure><\/div>\n\n\n\n<p>Para o funcion\u00e1rio Gustavo Rangel, que atua na Fonoteca da Villa Maria desde a sua inaugura\u00e7\u00e3o, a Casa fez hist\u00f3ria. &#8220;Foi o primeiro ponto de internet p\u00fablico de Campos. Muito antes do &#8216;Navegar \u00e9 Preciso&#8217;, da Prefeitura, a Villa j\u00e1 oferecia cursos de inform\u00e1tica e introdu\u00e7\u00e3o \u00e0 internet. Muita gente teve o primeiro acesso \u00e0 internet na Villa Maria&#8221;, recorda. &#8220;Durante um tempo, Campos ficou sem cinema, e a Videoteca ocupou esse espa\u00e7o, com v\u00e1rias mostras que lotavam o seu audit\u00f3rio. Isso sem falar nas atra\u00e7\u00f5es musicais, trazendo artistas de renome \u00e0 cidade&#8221;.<\/p>\n\n\n\n<p>Nesta anivers\u00e1rio, uma das novidades \u00e9 o lan\u00e7amento de um <a href=\"https:\/\/uenf.br\/portal\/noticias\/villa-maria-inaugura-banco-de-dados-online\/\">banco de dados p\u00fablico<\/a> sobre o acervo da Villa. De qualquer parte, o p\u00fablico poder\u00e1 pesquisar previamente o material que poder\u00e1 encontrar na Casa. O acervo inclui livros, peri\u00f3dicos, fonogramas, hemeroteca musical, partituras, iconografia, objetos antigos e v\u00eddeos.  <\/p>\n\n\n\n<p>O banco de dados na internet \u00e9 apenas uma das iniciativas que come\u00e7am a ser implementadas para adequar a Villa Maria \u00e0s novas demandas da sociedade. &#8220;A forma de consumir a cultura mudou, n\u00e3o \u00e9 mais como nos anos 90, e a Villa precisa acompanhar esse processo. A programa\u00e7\u00e3o deste s\u00e1bado j\u00e1 \u00e9 um reflexo disso. O evento ter\u00e1 um formato h\u00edbrido, pois vai acontecer presencialmente e tamb\u00e9m ao vivo pela internet&#8221;, diz Gustavo.<\/p>\n\n\n\n<p>De acordo com Priscila Castro, assessora de cultura da UENF, dois projetos est\u00e3o voltados \u00e0 Villa Maria.<\/p>\n\n\n\n<p>&#8220;Neste m\u00eas tivemos um foi aprovado pela Funda\u00e7\u00e3o de Amparo \u00e0 Pesquisa do Estado do Rio de Janeiro (FAPERJ), que ser\u00e1 de suma import\u00e2ncia para a organiza\u00e7\u00e3o e manuten\u00e7\u00e3o dos acervos bibliogr\u00e1ficos. Al\u00e9m disso, desde 2019, a FAPERJ aprovou o proposta das obras para a moderniza\u00e7\u00e3o na subesta\u00e7\u00e3o, que j\u00e1 foram iniciadas&#8221;.<\/p>\n\n\n\n<p>Veja <a href=\"https:\/\/uenf.br\/portal\/noticias\/musica-autoral-e-regional-em-debate-na-villa-maria\/\"><strong>AQUI<\/strong><\/a> a programa\u00e7\u00e3o completa do 1\u00ba Encontro da M\u00fasica Goitac\u00e1, uma parceria entre a Villa e a R\u00e1dio Goytac\u00e1. O evento ter\u00e1 in\u00edcio \u00e0s 15h e tamb\u00e9m poder\u00e1 ser acompanhado atrav\u00e9s do Facebook da R\u00e1dio Goitac\u00e1 e da Casa de Cultura. <\/p>\n\n\n\n<div class=\"wp-block-image\"><figure class=\"aligncenter size-full\"><img decoding=\"async\" src=\"https:\/\/uenf.br\/portal\/wp-content\/uploads\/2021\/12\/WhatsApp-Image-2021-11-22-at-15.56.09-452x452-1.jpeg\" alt=\"\" class=\"wp-image-11887\"\/><\/figure><\/div>\n\n\n\n<p><\/p>\n\n\n\n<p><\/p>\n","protected":false},"excerpt":{"rendered":"<p>Numa \u00e9poca em que a maioria das mulheres sequer cogitava fazer um curso superior e que a instala\u00e7\u00e3o de uma universidade em Campos dos Goytacazes ainda era um sonho distante, uma senhora da alta sociedade campista \u2014 Maria Queiroz de Oliveira, a \u201cFinazinha\u201d \u2014 dava in\u00edcio, sem saber, \u00e0 hist\u00f3ria da Casa de Cultura Villa [&hellip;]<\/p>\n","protected":false},"author":1,"featured_media":0,"comment_status":"closed","ping_status":"closed","sticky":false,"template":"","format":"standard","meta":{"_eb_attr":"","ocean_post_layout":"","ocean_both_sidebars_style":"","ocean_both_sidebars_content_width":0,"ocean_both_sidebars_sidebars_width":0,"ocean_sidebar":"","ocean_second_sidebar":"","ocean_disable_margins":"enable","ocean_add_body_class":"","ocean_shortcode_before_top_bar":"","ocean_shortcode_after_top_bar":"","ocean_shortcode_before_header":"","ocean_shortcode_after_header":"","ocean_has_shortcode":"","ocean_shortcode_after_title":"","ocean_shortcode_before_footer_widgets":"","ocean_shortcode_after_footer_widgets":"","ocean_shortcode_before_footer_bottom":"","ocean_shortcode_after_footer_bottom":"","ocean_display_top_bar":"default","ocean_display_header":"default","ocean_header_style":"","ocean_center_header_left_menu":"","ocean_custom_header_template":"","ocean_custom_logo":0,"ocean_custom_retina_logo":0,"ocean_custom_logo_max_width":0,"ocean_custom_logo_tablet_max_width":0,"ocean_custom_logo_mobile_max_width":0,"ocean_custom_logo_max_height":0,"ocean_custom_logo_tablet_max_height":0,"ocean_custom_logo_mobile_max_height":0,"ocean_header_custom_menu":"","ocean_menu_typo_font_family":"","ocean_menu_typo_font_subset":"","ocean_menu_typo_font_size":0,"ocean_menu_typo_font_size_tablet":0,"ocean_menu_typo_font_size_mobile":0,"ocean_menu_typo_font_size_unit":"px","ocean_menu_typo_font_weight":"","ocean_menu_typo_font_weight_tablet":"","ocean_menu_typo_font_weight_mobile":"","ocean_menu_typo_transform":"","ocean_menu_typo_transform_tablet":"","ocean_menu_typo_transform_mobile":"","ocean_menu_typo_line_height":0,"ocean_menu_typo_line_height_tablet":0,"ocean_menu_typo_line_height_mobile":0,"ocean_menu_typo_line_height_unit":"","ocean_menu_typo_spacing":0,"ocean_menu_typo_spacing_tablet":0,"ocean_menu_typo_spacing_mobile":0,"ocean_menu_typo_spacing_unit":"","ocean_menu_link_color":"","ocean_menu_link_color_hover":"","ocean_menu_link_color_active":"","ocean_menu_link_background":"","ocean_menu_link_hover_background":"","ocean_menu_link_active_background":"","ocean_menu_social_links_bg":"","ocean_menu_social_hover_links_bg":"","ocean_menu_social_links_color":"","ocean_menu_social_hover_links_color":"","ocean_disable_title":"default","ocean_disable_heading":"default","ocean_post_title":"","ocean_post_subheading":"","ocean_post_title_style":"","ocean_post_title_background_color":"","ocean_post_title_background":0,"ocean_post_title_bg_image_position":"","ocean_post_title_bg_image_attachment":"","ocean_post_title_bg_image_repeat":"","ocean_post_title_bg_image_size":"","ocean_post_title_height":0,"ocean_post_title_bg_overlay":0.5,"ocean_post_title_bg_overlay_color":"","ocean_disable_breadcrumbs":"default","ocean_breadcrumbs_color":"","ocean_breadcrumbs_separator_color":"","ocean_breadcrumbs_links_color":"","ocean_breadcrumbs_links_hover_color":"","ocean_display_footer_widgets":"default","ocean_display_footer_bottom":"default","ocean_custom_footer_template":"","ocean_post_oembed":"","ocean_post_self_hosted_media":"","ocean_post_video_embed":"","ocean_link_format":"","ocean_link_format_target":"self","ocean_quote_format":"","ocean_quote_format_link":"post","ocean_gallery_link_images":"off","ocean_gallery_id":[],"footnotes":""},"categories":[8],"tags":[],"class_list":["post-11820","post","type-post","status-publish","format-standard","hentry","category-noticias","entry"],"yoast_head":"<!-- This site is optimized with the Yoast SEO plugin v26.5 - https:\/\/yoast.com\/wordpress\/plugins\/seo\/ -->\n<title>Casa de Cultura Villa Maria completa 28 anos - UENF - Universidade Estadual do Norte Fluminense Darcy Ribeiro<\/title>\n<meta name=\"robots\" content=\"noindex, follow, max-snippet:-1, max-image-preview:large, max-video-preview:-1\" \/>\n<meta property=\"og:locale\" content=\"pt_BR\" \/>\n<meta property=\"og:type\" content=\"article\" \/>\n<meta property=\"og:title\" content=\"Casa de Cultura Villa Maria completa 28 anos - UENF - Universidade Estadual do Norte Fluminense Darcy Ribeiro\" \/>\n<meta property=\"og:description\" content=\"Numa \u00e9poca em que a maioria das mulheres sequer cogitava fazer um curso superior e que a instala\u00e7\u00e3o de uma universidade em Campos dos Goytacazes ainda era um sonho distante, uma senhora da alta sociedade campista \u2014 Maria Queiroz de Oliveira, a \u201cFinazinha\u201d \u2014 dava in\u00edcio, sem saber, \u00e0 hist\u00f3ria da Casa de Cultura Villa [&hellip;]\" \/>\n<meta property=\"og:url\" content=\"https:\/\/portal1.uenf.br\/portal\/noticias\/casa-de-cultura-villa-maria-completa-28-anos\/\" \/>\n<meta property=\"og:site_name\" content=\"UENF - Universidade Estadual do Norte Fluminense Darcy Ribeiro\" \/>\n<meta property=\"article:published_time\" content=\"2021-12-08T20:47:20+00:00\" \/>\n<meta property=\"og:image\" content=\"https:\/\/uenf.br\/portal\/wp-content\/uploads\/2021\/12\/WhatsApp-Image-2021-12-08-at-17.27.23-1.jpeg\" \/>\n<meta name=\"author\" content=\"admin\" \/>\n<meta name=\"twitter:card\" content=\"summary_large_image\" \/>\n<meta name=\"twitter:label1\" content=\"Escrito por\" \/>\n\t<meta name=\"twitter:data1\" content=\"admin\" \/>\n\t<meta name=\"twitter:label2\" content=\"Est. tempo de leitura\" \/>\n\t<meta name=\"twitter:data2\" content=\"4 minutos\" \/>\n<script type=\"application\/ld+json\" class=\"yoast-schema-graph\">{\"@context\":\"https:\/\/schema.org\",\"@graph\":[{\"@type\":\"Article\",\"@id\":\"https:\/\/portal1.uenf.br\/portal\/noticias\/casa-de-cultura-villa-maria-completa-28-anos\/#article\",\"isPartOf\":{\"@id\":\"https:\/\/portal1.uenf.br\/portal\/noticias\/casa-de-cultura-villa-maria-completa-28-anos\/\"},\"author\":{\"name\":\"admin\",\"@id\":\"https:\/\/portal1.uenf.br\/portal\/#\/schema\/person\/068abbf03b6f8478c845bc8ded9270c7\"},\"headline\":\"Casa de Cultura Villa Maria completa 28 anos\",\"datePublished\":\"2021-12-08T20:47:20+00:00\",\"mainEntityOfPage\":{\"@id\":\"https:\/\/portal1.uenf.br\/portal\/noticias\/casa-de-cultura-villa-maria-completa-28-anos\/\"},\"wordCount\":708,\"publisher\":{\"@id\":\"https:\/\/portal1.uenf.br\/portal\/#organization\"},\"image\":{\"@id\":\"https:\/\/portal1.uenf.br\/portal\/noticias\/casa-de-cultura-villa-maria-completa-28-anos\/#primaryimage\"},\"thumbnailUrl\":\"https:\/\/uenf.br\/portal\/wp-content\/uploads\/2021\/12\/WhatsApp-Image-2021-12-08-at-17.27.23-1.jpeg\",\"articleSection\":[\"Not\u00edcias\"],\"inLanguage\":\"pt-BR\"},{\"@type\":\"WebPage\",\"@id\":\"https:\/\/portal1.uenf.br\/portal\/noticias\/casa-de-cultura-villa-maria-completa-28-anos\/\",\"url\":\"https:\/\/portal1.uenf.br\/portal\/noticias\/casa-de-cultura-villa-maria-completa-28-anos\/\",\"name\":\"Casa de Cultura Villa Maria completa 28 anos - UENF - Universidade Estadual do Norte Fluminense Darcy Ribeiro\",\"isPartOf\":{\"@id\":\"https:\/\/portal1.uenf.br\/portal\/#website\"},\"primaryImageOfPage\":{\"@id\":\"https:\/\/portal1.uenf.br\/portal\/noticias\/casa-de-cultura-villa-maria-completa-28-anos\/#primaryimage\"},\"image\":{\"@id\":\"https:\/\/portal1.uenf.br\/portal\/noticias\/casa-de-cultura-villa-maria-completa-28-anos\/#primaryimage\"},\"thumbnailUrl\":\"https:\/\/uenf.br\/portal\/wp-content\/uploads\/2021\/12\/WhatsApp-Image-2021-12-08-at-17.27.23-1.jpeg\",\"datePublished\":\"2021-12-08T20:47:20+00:00\",\"breadcrumb\":{\"@id\":\"https:\/\/portal1.uenf.br\/portal\/noticias\/casa-de-cultura-villa-maria-completa-28-anos\/#breadcrumb\"},\"inLanguage\":\"pt-BR\",\"potentialAction\":[{\"@type\":\"ReadAction\",\"target\":[\"https:\/\/portal1.uenf.br\/portal\/noticias\/casa-de-cultura-villa-maria-completa-28-anos\/\"]}]},{\"@type\":\"ImageObject\",\"inLanguage\":\"pt-BR\",\"@id\":\"https:\/\/portal1.uenf.br\/portal\/noticias\/casa-de-cultura-villa-maria-completa-28-anos\/#primaryimage\",\"url\":\"https:\/\/uenf.br\/portal\/wp-content\/uploads\/2021\/12\/WhatsApp-Image-2021-12-08-at-17.27.23-1.jpeg\",\"contentUrl\":\"https:\/\/uenf.br\/portal\/wp-content\/uploads\/2021\/12\/WhatsApp-Image-2021-12-08-at-17.27.23-1.jpeg\"},{\"@type\":\"BreadcrumbList\",\"@id\":\"https:\/\/portal1.uenf.br\/portal\/noticias\/casa-de-cultura-villa-maria-completa-28-anos\/#breadcrumb\",\"itemListElement\":[{\"@type\":\"ListItem\",\"position\":1,\"name\":\"In\u00edcio\",\"item\":\"https:\/\/portal1.uenf.br\/portal\/\"},{\"@type\":\"ListItem\",\"position\":2,\"name\":\"Casa de Cultura Villa Maria completa 28 anos\"}]},{\"@type\":\"WebSite\",\"@id\":\"https:\/\/portal1.uenf.br\/portal\/#website\",\"url\":\"https:\/\/portal1.uenf.br\/portal\/\",\"name\":\"UENF - Universidade Estadual do Norte Fluminense Darcy Ribeiro\",\"description\":\"\",\"publisher\":{\"@id\":\"https:\/\/portal1.uenf.br\/portal\/#organization\"},\"potentialAction\":[{\"@type\":\"SearchAction\",\"target\":{\"@type\":\"EntryPoint\",\"urlTemplate\":\"https:\/\/portal1.uenf.br\/portal\/?s={search_term_string}\"},\"query-input\":{\"@type\":\"PropertyValueSpecification\",\"valueRequired\":true,\"valueName\":\"search_term_string\"}}],\"inLanguage\":\"pt-BR\"},{\"@type\":\"Organization\",\"@id\":\"https:\/\/portal1.uenf.br\/portal\/#organization\",\"name\":\"UENF - Universidade Estadual do Norte Fluminense Darcy Ribeiro\",\"url\":\"https:\/\/portal1.uenf.br\/portal\/\",\"logo\":{\"@type\":\"ImageObject\",\"inLanguage\":\"pt-BR\",\"@id\":\"https:\/\/portal1.uenf.br\/portal\/#\/schema\/logo\/image\/\",\"url\":\"https:\/\/portal1.uenf.br\/portal\/wp-content\/uploads\/2018\/06\/logo-uenf-invertido-1.png\",\"contentUrl\":\"https:\/\/portal1.uenf.br\/portal\/wp-content\/uploads\/2018\/06\/logo-uenf-invertido-1.png\",\"width\":482,\"height\":83,\"caption\":\"UENF - Universidade Estadual do Norte Fluminense Darcy Ribeiro\"},\"image\":{\"@id\":\"https:\/\/portal1.uenf.br\/portal\/#\/schema\/logo\/image\/\"}},{\"@type\":\"Person\",\"@id\":\"https:\/\/portal1.uenf.br\/portal\/#\/schema\/person\/068abbf03b6f8478c845bc8ded9270c7\",\"name\":\"admin\",\"image\":{\"@type\":\"ImageObject\",\"inLanguage\":\"pt-BR\",\"@id\":\"https:\/\/portal1.uenf.br\/portal\/#\/schema\/person\/image\/\",\"url\":\"https:\/\/secure.gravatar.com\/avatar\/e5ecf9e4fae0742f4b136f518195bafa7b2d3f7c709f4bdc6707588ef68a6e25?s=96&d=mm&r=g\",\"contentUrl\":\"https:\/\/secure.gravatar.com\/avatar\/e5ecf9e4fae0742f4b136f518195bafa7b2d3f7c709f4bdc6707588ef68a6e25?s=96&d=mm&r=g\",\"caption\":\"admin\"},\"sameAs\":[\"https:\/\/portal1.uenf.br\/portal\"],\"url\":\"https:\/\/portal1.uenf.br\/portal\/author\/edson\/\"}]}<\/script>\n<!-- \/ Yoast SEO plugin. -->","yoast_head_json":{"title":"Casa de Cultura Villa Maria completa 28 anos - UENF - Universidade Estadual do Norte Fluminense Darcy Ribeiro","robots":{"index":"noindex","follow":"follow","max-snippet":"max-snippet:-1","max-image-preview":"max-image-preview:large","max-video-preview":"max-video-preview:-1"},"og_locale":"pt_BR","og_type":"article","og_title":"Casa de Cultura Villa Maria completa 28 anos - UENF - Universidade Estadual do Norte Fluminense Darcy Ribeiro","og_description":"Numa \u00e9poca em que a maioria das mulheres sequer cogitava fazer um curso superior e que a instala\u00e7\u00e3o de uma universidade em Campos dos Goytacazes ainda era um sonho distante, uma senhora da alta sociedade campista \u2014 Maria Queiroz de Oliveira, a \u201cFinazinha\u201d \u2014 dava in\u00edcio, sem saber, \u00e0 hist\u00f3ria da Casa de Cultura Villa [&hellip;]","og_url":"https:\/\/portal1.uenf.br\/portal\/noticias\/casa-de-cultura-villa-maria-completa-28-anos\/","og_site_name":"UENF - Universidade Estadual do Norte Fluminense Darcy Ribeiro","article_published_time":"2021-12-08T20:47:20+00:00","og_image":[{"url":"https:\/\/uenf.br\/portal\/wp-content\/uploads\/2021\/12\/WhatsApp-Image-2021-12-08-at-17.27.23-1.jpeg","type":"","width":"","height":""}],"author":"admin","twitter_card":"summary_large_image","twitter_misc":{"Escrito por":"admin","Est. tempo de leitura":"4 minutos"},"schema":{"@context":"https:\/\/schema.org","@graph":[{"@type":"Article","@id":"https:\/\/portal1.uenf.br\/portal\/noticias\/casa-de-cultura-villa-maria-completa-28-anos\/#article","isPartOf":{"@id":"https:\/\/portal1.uenf.br\/portal\/noticias\/casa-de-cultura-villa-maria-completa-28-anos\/"},"author":{"name":"admin","@id":"https:\/\/portal1.uenf.br\/portal\/#\/schema\/person\/068abbf03b6f8478c845bc8ded9270c7"},"headline":"Casa de Cultura Villa Maria completa 28 anos","datePublished":"2021-12-08T20:47:20+00:00","mainEntityOfPage":{"@id":"https:\/\/portal1.uenf.br\/portal\/noticias\/casa-de-cultura-villa-maria-completa-28-anos\/"},"wordCount":708,"publisher":{"@id":"https:\/\/portal1.uenf.br\/portal\/#organization"},"image":{"@id":"https:\/\/portal1.uenf.br\/portal\/noticias\/casa-de-cultura-villa-maria-completa-28-anos\/#primaryimage"},"thumbnailUrl":"https:\/\/uenf.br\/portal\/wp-content\/uploads\/2021\/12\/WhatsApp-Image-2021-12-08-at-17.27.23-1.jpeg","articleSection":["Not\u00edcias"],"inLanguage":"pt-BR"},{"@type":"WebPage","@id":"https:\/\/portal1.uenf.br\/portal\/noticias\/casa-de-cultura-villa-maria-completa-28-anos\/","url":"https:\/\/portal1.uenf.br\/portal\/noticias\/casa-de-cultura-villa-maria-completa-28-anos\/","name":"Casa de Cultura Villa Maria completa 28 anos - UENF - Universidade Estadual do Norte Fluminense Darcy Ribeiro","isPartOf":{"@id":"https:\/\/portal1.uenf.br\/portal\/#website"},"primaryImageOfPage":{"@id":"https:\/\/portal1.uenf.br\/portal\/noticias\/casa-de-cultura-villa-maria-completa-28-anos\/#primaryimage"},"image":{"@id":"https:\/\/portal1.uenf.br\/portal\/noticias\/casa-de-cultura-villa-maria-completa-28-anos\/#primaryimage"},"thumbnailUrl":"https:\/\/uenf.br\/portal\/wp-content\/uploads\/2021\/12\/WhatsApp-Image-2021-12-08-at-17.27.23-1.jpeg","datePublished":"2021-12-08T20:47:20+00:00","breadcrumb":{"@id":"https:\/\/portal1.uenf.br\/portal\/noticias\/casa-de-cultura-villa-maria-completa-28-anos\/#breadcrumb"},"inLanguage":"pt-BR","potentialAction":[{"@type":"ReadAction","target":["https:\/\/portal1.uenf.br\/portal\/noticias\/casa-de-cultura-villa-maria-completa-28-anos\/"]}]},{"@type":"ImageObject","inLanguage":"pt-BR","@id":"https:\/\/portal1.uenf.br\/portal\/noticias\/casa-de-cultura-villa-maria-completa-28-anos\/#primaryimage","url":"https:\/\/uenf.br\/portal\/wp-content\/uploads\/2021\/12\/WhatsApp-Image-2021-12-08-at-17.27.23-1.jpeg","contentUrl":"https:\/\/uenf.br\/portal\/wp-content\/uploads\/2021\/12\/WhatsApp-Image-2021-12-08-at-17.27.23-1.jpeg"},{"@type":"BreadcrumbList","@id":"https:\/\/portal1.uenf.br\/portal\/noticias\/casa-de-cultura-villa-maria-completa-28-anos\/#breadcrumb","itemListElement":[{"@type":"ListItem","position":1,"name":"In\u00edcio","item":"https:\/\/portal1.uenf.br\/portal\/"},{"@type":"ListItem","position":2,"name":"Casa de Cultura Villa Maria completa 28 anos"}]},{"@type":"WebSite","@id":"https:\/\/portal1.uenf.br\/portal\/#website","url":"https:\/\/portal1.uenf.br\/portal\/","name":"UENF - Universidade Estadual do Norte Fluminense Darcy Ribeiro","description":"","publisher":{"@id":"https:\/\/portal1.uenf.br\/portal\/#organization"},"potentialAction":[{"@type":"SearchAction","target":{"@type":"EntryPoint","urlTemplate":"https:\/\/portal1.uenf.br\/portal\/?s={search_term_string}"},"query-input":{"@type":"PropertyValueSpecification","valueRequired":true,"valueName":"search_term_string"}}],"inLanguage":"pt-BR"},{"@type":"Organization","@id":"https:\/\/portal1.uenf.br\/portal\/#organization","name":"UENF - Universidade Estadual do Norte Fluminense Darcy Ribeiro","url":"https:\/\/portal1.uenf.br\/portal\/","logo":{"@type":"ImageObject","inLanguage":"pt-BR","@id":"https:\/\/portal1.uenf.br\/portal\/#\/schema\/logo\/image\/","url":"https:\/\/portal1.uenf.br\/portal\/wp-content\/uploads\/2018\/06\/logo-uenf-invertido-1.png","contentUrl":"https:\/\/portal1.uenf.br\/portal\/wp-content\/uploads\/2018\/06\/logo-uenf-invertido-1.png","width":482,"height":83,"caption":"UENF - Universidade Estadual do Norte Fluminense Darcy Ribeiro"},"image":{"@id":"https:\/\/portal1.uenf.br\/portal\/#\/schema\/logo\/image\/"}},{"@type":"Person","@id":"https:\/\/portal1.uenf.br\/portal\/#\/schema\/person\/068abbf03b6f8478c845bc8ded9270c7","name":"admin","image":{"@type":"ImageObject","inLanguage":"pt-BR","@id":"https:\/\/portal1.uenf.br\/portal\/#\/schema\/person\/image\/","url":"https:\/\/secure.gravatar.com\/avatar\/e5ecf9e4fae0742f4b136f518195bafa7b2d3f7c709f4bdc6707588ef68a6e25?s=96&d=mm&r=g","contentUrl":"https:\/\/secure.gravatar.com\/avatar\/e5ecf9e4fae0742f4b136f518195bafa7b2d3f7c709f4bdc6707588ef68a6e25?s=96&d=mm&r=g","caption":"admin"},"sameAs":["https:\/\/portal1.uenf.br\/portal"],"url":"https:\/\/portal1.uenf.br\/portal\/author\/edson\/"}]}},"_links":{"self":[{"href":"https:\/\/portal1.uenf.br\/portal\/wp-json\/wp\/v2\/posts\/11820","targetHints":{"allow":["GET"]}}],"collection":[{"href":"https:\/\/portal1.uenf.br\/portal\/wp-json\/wp\/v2\/posts"}],"about":[{"href":"https:\/\/portal1.uenf.br\/portal\/wp-json\/wp\/v2\/types\/post"}],"author":[{"embeddable":true,"href":"https:\/\/portal1.uenf.br\/portal\/wp-json\/wp\/v2\/users\/1"}],"replies":[{"embeddable":true,"href":"https:\/\/portal1.uenf.br\/portal\/wp-json\/wp\/v2\/comments?post=11820"}],"version-history":[{"count":0,"href":"https:\/\/portal1.uenf.br\/portal\/wp-json\/wp\/v2\/posts\/11820\/revisions"}],"wp:attachment":[{"href":"https:\/\/portal1.uenf.br\/portal\/wp-json\/wp\/v2\/media?parent=11820"}],"wp:term":[{"taxonomy":"category","embeddable":true,"href":"https:\/\/portal1.uenf.br\/portal\/wp-json\/wp\/v2\/categories?post=11820"},{"taxonomy":"post_tag","embeddable":true,"href":"https:\/\/portal1.uenf.br\/portal\/wp-json\/wp\/v2\/tags?post=11820"}],"curies":[{"name":"wp","href":"https:\/\/api.w.org\/{rel}","templated":true}]}}