{"id":10416,"date":"2021-09-06T13:34:53","date_gmt":"2021-09-06T16:34:53","guid":{"rendered":"https:\/\/uenf.br\/portal\/?p=10416"},"modified":"2021-09-06T13:34:53","modified_gmt":"2021-09-06T16:34:53","slug":"capes-premia-tese-de-doutorado-de-aluna-da-uenf","status":"publish","type":"post","link":"https:\/\/portal1.uenf.br\/portal\/noticias\/capes-premia-tese-de-doutorado-de-aluna-da-uenf\/","title":{"rendered":"Pesquisa da UENF na \u00e1rea de Biotecnologia ganha Men\u00e7\u00e3o Honrosa no Pr\u00eamio Capes de Teses 2021"},"content":{"rendered":"\n<p>Com a tese intitulada &#8220;<em>Bacterioma da semente: estrutura da comunidade e impactos na germina\u00e7\u00e3o, crescimento e prote\u00e7\u00e3o do milho (Zea mays L.)<\/em>&#8220;, a doutora em Biotecnologia Vegetal pela UENF Lidiane Figueiredo dos Santos conquistou Men\u00e7\u00e3o Honrosa no Pr\u00eamio Capes de Teses 2021 na \u00e1rea de Biotecnologia. A pesquisa, defendida em 30\/11\/2020, teve a orienta\u00e7\u00e3o do professor F\u00e1bio Lopes Olivares, do Laborat\u00f3rio de Biologia Celular e Tecidual do Centro de Bioci\u00eancias e Biotecnologia (LBCT\/CBB) da UENF.<\/p>\n\n\n\n<div class=\"wp-block-image\"><figure class=\"aligncenter size-large is-resized\"><img fetchpriority=\"high\" decoding=\"async\" src=\"https:\/\/uenf.br\/portal\/wp-content\/uploads\/2021\/09\/IMG_20180827_200825539-768x1024.jpg\" alt=\"\" class=\"wp-image-10457\" width=\"452\" height=\"603\"\/><figcaption>Lidiane e seu orientador, professor F\u00e1bio Olivares<\/figcaption><\/figure><\/div>\n\n\n\n<p>Segundo a Capes, o trabalho apresentado &#8220;certamente ser\u00e1 de extrema valia para o desenvolvimento e aprimoramento da \u00e1rea, bem como para o avan\u00e7o da p\u00f3s-gradua\u00e7\u00e3o <em>stricto sensu <\/em>e do conhecimento cient\u00edfico de qualidade no Brasil&#8221;. Veja <a href=\"https:\/\/www.in.gov.br\/web\/dou\/-\/edital-342931814\"><strong>aqui <\/strong><\/a>a lista dos premiados.<\/p>\n\n\n\n<p>O objetivo da tese, segundo Lidiane, foi caracterizar o bacterioma da semente de milho (variedades SHS 5050 e DKB 177); avaliar o papel das bact\u00e9rias transmitidas por sementes em processos de germina\u00e7\u00e3o, crescimento e biocontrole; e identificar o impacto da inocula\u00e7\u00e3o microbiana na estrutura do bacterioma da raiz de milho. <\/p>\n\n\n\n<p>Nascida em Minas Gerais, Lidiane fez a gradua\u00e7\u00e3o em Ci\u00eancias Biol\u00f3gicas na Faculdade Santa Marcelina (FASM) de Muria\u00e9-MG e o Mestrado em Agroecologia na Universidade Federal de Vi\u00e7osa (UFV).<\/p>\n\n\n\n<p>O professor F\u00e1bio Olivares ressaltou que esta \u00e9 uma premia\u00e7\u00e3o nacional para teses selecionadas pelos programas de p\u00f3s-gradua\u00e7\u00e3o das 49 \u00e1reas de atua\u00e7\u00e3o da Capes. &#8220;O trabalho desenvolvido pela dra. Lidiane Figueiredo dos Santos foi selecionado na modalidade Men\u00e7\u00e3o Honrosa pela \u00e1rea de Biotecnologia, uma \u00e1rea reconhecidamente estrat\u00e9gica para impulsionar o desenvolvimento de tecnologias e inova\u00e7\u00e3o no pa\u00eds&#8221;, afirmou.<\/p>\n\n\n\n<p>A pesquisa foi desenvolvida no Laborat\u00f3rio de Biologia Celular e Tecidual da UENF (LBCT) e no N\u00facleo de Desenvolvimento de Insumos Biol\u00f3gicos para a Agricultura da UENF (Nudiba). Para o orientador da pesquisa, um conjunto de fatores contribuiu para o reconhecimento do trabalho.<\/p>\n\n\n\n<p>&#8220;A dra. Lidiane abra\u00e7ou a proposta de trabalho apresentada e dedicou-se a identificar as lacunas e os desafios do tema microbioma de plantas, ainda incipiente no nosso grupo de pesquisa. Dedicada e organizada, planejou e construiu um caminho consistente e qualificado, gerando uma contribui\u00e7\u00e3o cient\u00edfica original materializada no documento de tese&#8221;, disse.<\/p>\n\n\n\n<p>Olivares salientou que esta \u00e9 a primeira tese defendida no Programa de Biotecnologia Vegetal \u2014 o mais novo da UENF. &#8220;A forma\u00e7\u00e3o acad\u00eamica-empreendedora do programa de Biotecnologia Vegetal e o estabelecimento de parcerias com cientistas da UENF e de outras institui\u00e7\u00f5es foram decisivos para a transforma\u00e7\u00e3o dos resultados em artigos cient\u00edficos publicados em peri\u00f3dicos reconhecidos na \u00e1rea de ecologia microbiana. Seus resultados de pesquisa apresentaram tamb\u00e9m deriva\u00e7\u00f5es tecnol\u00f3gicas igualmente marcantes para o desenvolvimento de tecnologias microbianas aplicadas \u00e0 agricultura e geraram produtos para populariza\u00e7\u00e3o do conhecimento cient\u00edfico&#8221;, afirmou.<\/p>\n\n\n\n<div class=\"wp-block-image\"><figure class=\"aligncenter size-large is-resized\"><img decoding=\"async\" src=\"https:\/\/uenf.br\/portal\/wp-content\/uploads\/2021\/09\/WhatsApp-Image-2021-09-03-at-16.23.52-1-656x1024.jpeg\" alt=\"\" class=\"wp-image-10459\" width=\"341\" height=\"532\"\/><figcaption>Lidiane Figueiredo dos Santos<\/figcaption><\/figure><\/div>\n\n\n\n<p>O coordenador do Programa de P\u00f3s-Gradua\u00e7\u00e3o em Biotecnologia Vegetal da UENF, professor Thiago Ven\u00e2ncio, lembrou que Lidiane ingressou no doutorado na primeira turma do PPGBV, em novembro de 2016. &#8220;Ainda hoje me recordo da sele\u00e7\u00e3o dela. Sempre foi uma doutoranda extremamente dedicada, organizada e gentil com todos. Esta premia\u00e7\u00e3o reflete a alt\u00edssima qualidade da tese desenvolvida, sob supervis\u00e3o do Prof. F\u00e1bio Olivares&#8221;, disse.<\/p>\n\n\n\n<p>\u200b&#8221;O Pr\u00eamio CAPES Teses \u00e9 extremamente concorrido. A \u00e1rea de Biotecnologia na CAPES tem cerca de 70 Programas de P\u00f3s-Gradua\u00e7\u00e3o. Cada um s\u00f3 pode indicar uma tese para concorrer. Houve uma tese premiada e duas men\u00e7\u00f5es honrosas. Portanto, esta \u00e9 uma conquista enorme para o Programa de P\u00f3s-Gradua\u00e7\u00e3o em Biotecnologia Vegetal, da qual tenho grande orgulho&#8221;, disse.<\/p>\n\n\n\n<p>Criado em 2005, o Pr\u00eamio CAPES de Tese tem por objetivo reconhecer os melhores trabalhos de conclus\u00e3o de doutorado defendidos em programas de p\u00f3s-gradua\u00e7\u00e3o brasileiros. Os crit\u00e9rios s\u00e3o os seguintes: originalidade do trabalho, relev\u00e2ncia para o desenvolvimento cient\u00edfico, tecnol\u00f3gico, cultural, social e de inova\u00e7\u00e3o e o valor agregado pelo sistema educacional ao candidato.<\/p>\n\n\n\n<p><\/p>\n","protected":false},"excerpt":{"rendered":"<p>Com a tese intitulada &#8220;Bacterioma da semente: estrutura da comunidade e impactos na germina\u00e7\u00e3o, crescimento e prote\u00e7\u00e3o do milho (Zea mays L.)&#8220;, a doutora em Biotecnologia Vegetal pela UENF Lidiane Figueiredo dos Santos conquistou Men\u00e7\u00e3o Honrosa no Pr\u00eamio Capes de Teses 2021 na \u00e1rea de Biotecnologia. A pesquisa, defendida em 30\/11\/2020, teve a orienta\u00e7\u00e3o do [&hellip;]<\/p>\n","protected":false},"author":1,"featured_media":0,"comment_status":"closed","ping_status":"closed","sticky":false,"template":"","format":"standard","meta":{"_eb_attr":"","ocean_post_layout":"","ocean_both_sidebars_style":"","ocean_both_sidebars_content_width":0,"ocean_both_sidebars_sidebars_width":0,"ocean_sidebar":"","ocean_second_sidebar":"","ocean_disable_margins":"enable","ocean_add_body_class":"","ocean_shortcode_before_top_bar":"","ocean_shortcode_after_top_bar":"","ocean_shortcode_before_header":"","ocean_shortcode_after_header":"","ocean_has_shortcode":"","ocean_shortcode_after_title":"","ocean_shortcode_before_footer_widgets":"","ocean_shortcode_after_footer_widgets":"","ocean_shortcode_before_footer_bottom":"","ocean_shortcode_after_footer_bottom":"","ocean_display_top_bar":"default","ocean_display_header":"default","ocean_header_style":"","ocean_center_header_left_menu":"","ocean_custom_header_template":"","ocean_custom_logo":0,"ocean_custom_retina_logo":0,"ocean_custom_logo_max_width":0,"ocean_custom_logo_tablet_max_width":0,"ocean_custom_logo_mobile_max_width":0,"ocean_custom_logo_max_height":0,"ocean_custom_logo_tablet_max_height":0,"ocean_custom_logo_mobile_max_height":0,"ocean_header_custom_menu":"","ocean_menu_typo_font_family":"","ocean_menu_typo_font_subset":"","ocean_menu_typo_font_size":0,"ocean_menu_typo_font_size_tablet":0,"ocean_menu_typo_font_size_mobile":0,"ocean_menu_typo_font_size_unit":"px","ocean_menu_typo_font_weight":"","ocean_menu_typo_font_weight_tablet":"","ocean_menu_typo_font_weight_mobile":"","ocean_menu_typo_transform":"","ocean_menu_typo_transform_tablet":"","ocean_menu_typo_transform_mobile":"","ocean_menu_typo_line_height":0,"ocean_menu_typo_line_height_tablet":0,"ocean_menu_typo_line_height_mobile":0,"ocean_menu_typo_line_height_unit":"","ocean_menu_typo_spacing":0,"ocean_menu_typo_spacing_tablet":0,"ocean_menu_typo_spacing_mobile":0,"ocean_menu_typo_spacing_unit":"","ocean_menu_link_color":"","ocean_menu_link_color_hover":"","ocean_menu_link_color_active":"","ocean_menu_link_background":"","ocean_menu_link_hover_background":"","ocean_menu_link_active_background":"","ocean_menu_social_links_bg":"","ocean_menu_social_hover_links_bg":"","ocean_menu_social_links_color":"","ocean_menu_social_hover_links_color":"","ocean_disable_title":"default","ocean_disable_heading":"default","ocean_post_title":"","ocean_post_subheading":"","ocean_post_title_style":"","ocean_post_title_background_color":"","ocean_post_title_background":0,"ocean_post_title_bg_image_position":"","ocean_post_title_bg_image_attachment":"","ocean_post_title_bg_image_repeat":"","ocean_post_title_bg_image_size":"","ocean_post_title_height":0,"ocean_post_title_bg_overlay":0.5,"ocean_post_title_bg_overlay_color":"","ocean_disable_breadcrumbs":"default","ocean_breadcrumbs_color":"","ocean_breadcrumbs_separator_color":"","ocean_breadcrumbs_links_color":"","ocean_breadcrumbs_links_hover_color":"","ocean_display_footer_widgets":"default","ocean_display_footer_bottom":"default","ocean_custom_footer_template":"","ocean_post_oembed":"","ocean_post_self_hosted_media":"","ocean_post_video_embed":"","ocean_link_format":"","ocean_link_format_target":"self","ocean_quote_format":"","ocean_quote_format_link":"post","ocean_gallery_link_images":"off","ocean_gallery_id":[],"footnotes":""},"categories":[8],"tags":[],"class_list":["post-10416","post","type-post","status-publish","format-standard","hentry","category-noticias","entry"],"yoast_head":"<!-- This site is optimized with the Yoast SEO plugin v26.5 - https:\/\/yoast.com\/wordpress\/plugins\/seo\/ -->\n<title>Pesquisa da UENF na \u00e1rea de Biotecnologia ganha Men\u00e7\u00e3o Honrosa no Pr\u00eamio Capes de Teses 2021 - UENF - Universidade Estadual do Norte Fluminense Darcy Ribeiro<\/title>\n<meta name=\"robots\" content=\"noindex, follow, max-snippet:-1, max-image-preview:large, max-video-preview:-1\" \/>\n<meta property=\"og:locale\" content=\"pt_BR\" \/>\n<meta property=\"og:type\" content=\"article\" \/>\n<meta property=\"og:title\" content=\"Pesquisa da UENF na \u00e1rea de Biotecnologia ganha Men\u00e7\u00e3o Honrosa no Pr\u00eamio Capes de Teses 2021 - UENF - Universidade Estadual do Norte Fluminense Darcy Ribeiro\" \/>\n<meta property=\"og:description\" content=\"Com a tese intitulada &#8220;Bacterioma da semente: estrutura da comunidade e impactos na germina\u00e7\u00e3o, crescimento e prote\u00e7\u00e3o do milho (Zea mays L.)&#8220;, a doutora em Biotecnologia Vegetal pela UENF Lidiane Figueiredo dos Santos conquistou Men\u00e7\u00e3o Honrosa no Pr\u00eamio Capes de Teses 2021 na \u00e1rea de Biotecnologia. A pesquisa, defendida em 30\/11\/2020, teve a orienta\u00e7\u00e3o do [&hellip;]\" \/>\n<meta property=\"og:url\" content=\"https:\/\/portal1.uenf.br\/portal\/noticias\/capes-premia-tese-de-doutorado-de-aluna-da-uenf\/\" \/>\n<meta property=\"og:site_name\" content=\"UENF - Universidade Estadual do Norte Fluminense Darcy Ribeiro\" \/>\n<meta property=\"article:published_time\" content=\"2021-09-06T16:34:53+00:00\" \/>\n<meta property=\"og:image\" content=\"https:\/\/uenf.br\/portal\/wp-content\/uploads\/2021\/09\/IMG_20180827_200825539-768x1024.jpg\" \/>\n<meta name=\"author\" content=\"admin\" \/>\n<meta name=\"twitter:card\" content=\"summary_large_image\" \/>\n<meta name=\"twitter:label1\" content=\"Escrito por\" \/>\n\t<meta name=\"twitter:data1\" content=\"admin\" \/>\n\t<meta name=\"twitter:label2\" content=\"Est. tempo de leitura\" \/>\n\t<meta name=\"twitter:data2\" content=\"3 minutos\" \/>\n<script type=\"application\/ld+json\" class=\"yoast-schema-graph\">{\"@context\":\"https:\/\/schema.org\",\"@graph\":[{\"@type\":\"Article\",\"@id\":\"https:\/\/portal1.uenf.br\/portal\/noticias\/capes-premia-tese-de-doutorado-de-aluna-da-uenf\/#article\",\"isPartOf\":{\"@id\":\"https:\/\/portal1.uenf.br\/portal\/noticias\/capes-premia-tese-de-doutorado-de-aluna-da-uenf\/\"},\"author\":{\"name\":\"admin\",\"@id\":\"https:\/\/portal1.uenf.br\/portal\/#\/schema\/person\/068abbf03b6f8478c845bc8ded9270c7\"},\"headline\":\"Pesquisa da UENF na \u00e1rea de Biotecnologia ganha Men\u00e7\u00e3o Honrosa no Pr\u00eamio Capes de Teses 2021\",\"datePublished\":\"2021-09-06T16:34:53+00:00\",\"mainEntityOfPage\":{\"@id\":\"https:\/\/portal1.uenf.br\/portal\/noticias\/capes-premia-tese-de-doutorado-de-aluna-da-uenf\/\"},\"wordCount\":696,\"publisher\":{\"@id\":\"https:\/\/portal1.uenf.br\/portal\/#organization\"},\"image\":{\"@id\":\"https:\/\/portal1.uenf.br\/portal\/noticias\/capes-premia-tese-de-doutorado-de-aluna-da-uenf\/#primaryimage\"},\"thumbnailUrl\":\"https:\/\/uenf.br\/portal\/wp-content\/uploads\/2021\/09\/IMG_20180827_200825539-768x1024.jpg\",\"articleSection\":[\"Not\u00edcias\"],\"inLanguage\":\"pt-BR\"},{\"@type\":\"WebPage\",\"@id\":\"https:\/\/portal1.uenf.br\/portal\/noticias\/capes-premia-tese-de-doutorado-de-aluna-da-uenf\/\",\"url\":\"https:\/\/portal1.uenf.br\/portal\/noticias\/capes-premia-tese-de-doutorado-de-aluna-da-uenf\/\",\"name\":\"Pesquisa da UENF na \u00e1rea de Biotecnologia ganha Men\u00e7\u00e3o Honrosa no Pr\u00eamio Capes de Teses 2021 - UENF - Universidade Estadual do Norte Fluminense Darcy Ribeiro\",\"isPartOf\":{\"@id\":\"https:\/\/portal1.uenf.br\/portal\/#website\"},\"primaryImageOfPage\":{\"@id\":\"https:\/\/portal1.uenf.br\/portal\/noticias\/capes-premia-tese-de-doutorado-de-aluna-da-uenf\/#primaryimage\"},\"image\":{\"@id\":\"https:\/\/portal1.uenf.br\/portal\/noticias\/capes-premia-tese-de-doutorado-de-aluna-da-uenf\/#primaryimage\"},\"thumbnailUrl\":\"https:\/\/uenf.br\/portal\/wp-content\/uploads\/2021\/09\/IMG_20180827_200825539-768x1024.jpg\",\"datePublished\":\"2021-09-06T16:34:53+00:00\",\"breadcrumb\":{\"@id\":\"https:\/\/portal1.uenf.br\/portal\/noticias\/capes-premia-tese-de-doutorado-de-aluna-da-uenf\/#breadcrumb\"},\"inLanguage\":\"pt-BR\",\"potentialAction\":[{\"@type\":\"ReadAction\",\"target\":[\"https:\/\/portal1.uenf.br\/portal\/noticias\/capes-premia-tese-de-doutorado-de-aluna-da-uenf\/\"]}]},{\"@type\":\"ImageObject\",\"inLanguage\":\"pt-BR\",\"@id\":\"https:\/\/portal1.uenf.br\/portal\/noticias\/capes-premia-tese-de-doutorado-de-aluna-da-uenf\/#primaryimage\",\"url\":\"https:\/\/uenf.br\/portal\/wp-content\/uploads\/2021\/09\/IMG_20180827_200825539-768x1024.jpg\",\"contentUrl\":\"https:\/\/uenf.br\/portal\/wp-content\/uploads\/2021\/09\/IMG_20180827_200825539-768x1024.jpg\"},{\"@type\":\"BreadcrumbList\",\"@id\":\"https:\/\/portal1.uenf.br\/portal\/noticias\/capes-premia-tese-de-doutorado-de-aluna-da-uenf\/#breadcrumb\",\"itemListElement\":[{\"@type\":\"ListItem\",\"position\":1,\"name\":\"In\u00edcio\",\"item\":\"https:\/\/portal1.uenf.br\/portal\/\"},{\"@type\":\"ListItem\",\"position\":2,\"name\":\"Pesquisa da UENF na \u00e1rea de Biotecnologia ganha Men\u00e7\u00e3o Honrosa no Pr\u00eamio Capes de Teses 2021\"}]},{\"@type\":\"WebSite\",\"@id\":\"https:\/\/portal1.uenf.br\/portal\/#website\",\"url\":\"https:\/\/portal1.uenf.br\/portal\/\",\"name\":\"UENF - Universidade Estadual do Norte Fluminense Darcy Ribeiro\",\"description\":\"\",\"publisher\":{\"@id\":\"https:\/\/portal1.uenf.br\/portal\/#organization\"},\"potentialAction\":[{\"@type\":\"SearchAction\",\"target\":{\"@type\":\"EntryPoint\",\"urlTemplate\":\"https:\/\/portal1.uenf.br\/portal\/?s={search_term_string}\"},\"query-input\":{\"@type\":\"PropertyValueSpecification\",\"valueRequired\":true,\"valueName\":\"search_term_string\"}}],\"inLanguage\":\"pt-BR\"},{\"@type\":\"Organization\",\"@id\":\"https:\/\/portal1.uenf.br\/portal\/#organization\",\"name\":\"UENF - Universidade Estadual do Norte Fluminense Darcy Ribeiro\",\"url\":\"https:\/\/portal1.uenf.br\/portal\/\",\"logo\":{\"@type\":\"ImageObject\",\"inLanguage\":\"pt-BR\",\"@id\":\"https:\/\/portal1.uenf.br\/portal\/#\/schema\/logo\/image\/\",\"url\":\"https:\/\/portal1.uenf.br\/portal\/wp-content\/uploads\/2018\/06\/logo-uenf-invertido-1.png\",\"contentUrl\":\"https:\/\/portal1.uenf.br\/portal\/wp-content\/uploads\/2018\/06\/logo-uenf-invertido-1.png\",\"width\":482,\"height\":83,\"caption\":\"UENF - Universidade Estadual do Norte Fluminense Darcy Ribeiro\"},\"image\":{\"@id\":\"https:\/\/portal1.uenf.br\/portal\/#\/schema\/logo\/image\/\"}},{\"@type\":\"Person\",\"@id\":\"https:\/\/portal1.uenf.br\/portal\/#\/schema\/person\/068abbf03b6f8478c845bc8ded9270c7\",\"name\":\"admin\",\"image\":{\"@type\":\"ImageObject\",\"inLanguage\":\"pt-BR\",\"@id\":\"https:\/\/portal1.uenf.br\/portal\/#\/schema\/person\/image\/\",\"url\":\"https:\/\/secure.gravatar.com\/avatar\/e5ecf9e4fae0742f4b136f518195bafa7b2d3f7c709f4bdc6707588ef68a6e25?s=96&d=mm&r=g\",\"contentUrl\":\"https:\/\/secure.gravatar.com\/avatar\/e5ecf9e4fae0742f4b136f518195bafa7b2d3f7c709f4bdc6707588ef68a6e25?s=96&d=mm&r=g\",\"caption\":\"admin\"},\"sameAs\":[\"https:\/\/portal1.uenf.br\/portal\"],\"url\":\"https:\/\/portal1.uenf.br\/portal\/author\/edson\/\"}]}<\/script>\n<!-- \/ Yoast SEO plugin. -->","yoast_head_json":{"title":"Pesquisa da UENF na \u00e1rea de Biotecnologia ganha Men\u00e7\u00e3o Honrosa no Pr\u00eamio Capes de Teses 2021 - UENF - Universidade Estadual do Norte Fluminense Darcy Ribeiro","robots":{"index":"noindex","follow":"follow","max-snippet":"max-snippet:-1","max-image-preview":"max-image-preview:large","max-video-preview":"max-video-preview:-1"},"og_locale":"pt_BR","og_type":"article","og_title":"Pesquisa da UENF na \u00e1rea de Biotecnologia ganha Men\u00e7\u00e3o Honrosa no Pr\u00eamio Capes de Teses 2021 - UENF - Universidade Estadual do Norte Fluminense Darcy Ribeiro","og_description":"Com a tese intitulada &#8220;Bacterioma da semente: estrutura da comunidade e impactos na germina\u00e7\u00e3o, crescimento e prote\u00e7\u00e3o do milho (Zea mays L.)&#8220;, a doutora em Biotecnologia Vegetal pela UENF Lidiane Figueiredo dos Santos conquistou Men\u00e7\u00e3o Honrosa no Pr\u00eamio Capes de Teses 2021 na \u00e1rea de Biotecnologia. A pesquisa, defendida em 30\/11\/2020, teve a orienta\u00e7\u00e3o do [&hellip;]","og_url":"https:\/\/portal1.uenf.br\/portal\/noticias\/capes-premia-tese-de-doutorado-de-aluna-da-uenf\/","og_site_name":"UENF - Universidade Estadual do Norte Fluminense Darcy Ribeiro","article_published_time":"2021-09-06T16:34:53+00:00","og_image":[{"url":"https:\/\/uenf.br\/portal\/wp-content\/uploads\/2021\/09\/IMG_20180827_200825539-768x1024.jpg","type":"","width":"","height":""}],"author":"admin","twitter_card":"summary_large_image","twitter_misc":{"Escrito por":"admin","Est. tempo de leitura":"3 minutos"},"schema":{"@context":"https:\/\/schema.org","@graph":[{"@type":"Article","@id":"https:\/\/portal1.uenf.br\/portal\/noticias\/capes-premia-tese-de-doutorado-de-aluna-da-uenf\/#article","isPartOf":{"@id":"https:\/\/portal1.uenf.br\/portal\/noticias\/capes-premia-tese-de-doutorado-de-aluna-da-uenf\/"},"author":{"name":"admin","@id":"https:\/\/portal1.uenf.br\/portal\/#\/schema\/person\/068abbf03b6f8478c845bc8ded9270c7"},"headline":"Pesquisa da UENF na \u00e1rea de Biotecnologia ganha Men\u00e7\u00e3o Honrosa no Pr\u00eamio Capes de Teses 2021","datePublished":"2021-09-06T16:34:53+00:00","mainEntityOfPage":{"@id":"https:\/\/portal1.uenf.br\/portal\/noticias\/capes-premia-tese-de-doutorado-de-aluna-da-uenf\/"},"wordCount":696,"publisher":{"@id":"https:\/\/portal1.uenf.br\/portal\/#organization"},"image":{"@id":"https:\/\/portal1.uenf.br\/portal\/noticias\/capes-premia-tese-de-doutorado-de-aluna-da-uenf\/#primaryimage"},"thumbnailUrl":"https:\/\/uenf.br\/portal\/wp-content\/uploads\/2021\/09\/IMG_20180827_200825539-768x1024.jpg","articleSection":["Not\u00edcias"],"inLanguage":"pt-BR"},{"@type":"WebPage","@id":"https:\/\/portal1.uenf.br\/portal\/noticias\/capes-premia-tese-de-doutorado-de-aluna-da-uenf\/","url":"https:\/\/portal1.uenf.br\/portal\/noticias\/capes-premia-tese-de-doutorado-de-aluna-da-uenf\/","name":"Pesquisa da UENF na \u00e1rea de Biotecnologia ganha Men\u00e7\u00e3o Honrosa no Pr\u00eamio Capes de Teses 2021 - UENF - Universidade Estadual do Norte Fluminense Darcy Ribeiro","isPartOf":{"@id":"https:\/\/portal1.uenf.br\/portal\/#website"},"primaryImageOfPage":{"@id":"https:\/\/portal1.uenf.br\/portal\/noticias\/capes-premia-tese-de-doutorado-de-aluna-da-uenf\/#primaryimage"},"image":{"@id":"https:\/\/portal1.uenf.br\/portal\/noticias\/capes-premia-tese-de-doutorado-de-aluna-da-uenf\/#primaryimage"},"thumbnailUrl":"https:\/\/uenf.br\/portal\/wp-content\/uploads\/2021\/09\/IMG_20180827_200825539-768x1024.jpg","datePublished":"2021-09-06T16:34:53+00:00","breadcrumb":{"@id":"https:\/\/portal1.uenf.br\/portal\/noticias\/capes-premia-tese-de-doutorado-de-aluna-da-uenf\/#breadcrumb"},"inLanguage":"pt-BR","potentialAction":[{"@type":"ReadAction","target":["https:\/\/portal1.uenf.br\/portal\/noticias\/capes-premia-tese-de-doutorado-de-aluna-da-uenf\/"]}]},{"@type":"ImageObject","inLanguage":"pt-BR","@id":"https:\/\/portal1.uenf.br\/portal\/noticias\/capes-premia-tese-de-doutorado-de-aluna-da-uenf\/#primaryimage","url":"https:\/\/uenf.br\/portal\/wp-content\/uploads\/2021\/09\/IMG_20180827_200825539-768x1024.jpg","contentUrl":"https:\/\/uenf.br\/portal\/wp-content\/uploads\/2021\/09\/IMG_20180827_200825539-768x1024.jpg"},{"@type":"BreadcrumbList","@id":"https:\/\/portal1.uenf.br\/portal\/noticias\/capes-premia-tese-de-doutorado-de-aluna-da-uenf\/#breadcrumb","itemListElement":[{"@type":"ListItem","position":1,"name":"In\u00edcio","item":"https:\/\/portal1.uenf.br\/portal\/"},{"@type":"ListItem","position":2,"name":"Pesquisa da UENF na \u00e1rea de Biotecnologia ganha Men\u00e7\u00e3o Honrosa no Pr\u00eamio Capes de Teses 2021"}]},{"@type":"WebSite","@id":"https:\/\/portal1.uenf.br\/portal\/#website","url":"https:\/\/portal1.uenf.br\/portal\/","name":"UENF - Universidade Estadual do Norte Fluminense Darcy Ribeiro","description":"","publisher":{"@id":"https:\/\/portal1.uenf.br\/portal\/#organization"},"potentialAction":[{"@type":"SearchAction","target":{"@type":"EntryPoint","urlTemplate":"https:\/\/portal1.uenf.br\/portal\/?s={search_term_string}"},"query-input":{"@type":"PropertyValueSpecification","valueRequired":true,"valueName":"search_term_string"}}],"inLanguage":"pt-BR"},{"@type":"Organization","@id":"https:\/\/portal1.uenf.br\/portal\/#organization","name":"UENF - Universidade Estadual do Norte Fluminense Darcy Ribeiro","url":"https:\/\/portal1.uenf.br\/portal\/","logo":{"@type":"ImageObject","inLanguage":"pt-BR","@id":"https:\/\/portal1.uenf.br\/portal\/#\/schema\/logo\/image\/","url":"https:\/\/portal1.uenf.br\/portal\/wp-content\/uploads\/2018\/06\/logo-uenf-invertido-1.png","contentUrl":"https:\/\/portal1.uenf.br\/portal\/wp-content\/uploads\/2018\/06\/logo-uenf-invertido-1.png","width":482,"height":83,"caption":"UENF - Universidade Estadual do Norte Fluminense Darcy Ribeiro"},"image":{"@id":"https:\/\/portal1.uenf.br\/portal\/#\/schema\/logo\/image\/"}},{"@type":"Person","@id":"https:\/\/portal1.uenf.br\/portal\/#\/schema\/person\/068abbf03b6f8478c845bc8ded9270c7","name":"admin","image":{"@type":"ImageObject","inLanguage":"pt-BR","@id":"https:\/\/portal1.uenf.br\/portal\/#\/schema\/person\/image\/","url":"https:\/\/secure.gravatar.com\/avatar\/e5ecf9e4fae0742f4b136f518195bafa7b2d3f7c709f4bdc6707588ef68a6e25?s=96&d=mm&r=g","contentUrl":"https:\/\/secure.gravatar.com\/avatar\/e5ecf9e4fae0742f4b136f518195bafa7b2d3f7c709f4bdc6707588ef68a6e25?s=96&d=mm&r=g","caption":"admin"},"sameAs":["https:\/\/portal1.uenf.br\/portal"],"url":"https:\/\/portal1.uenf.br\/portal\/author\/edson\/"}]}},"_links":{"self":[{"href":"https:\/\/portal1.uenf.br\/portal\/wp-json\/wp\/v2\/posts\/10416","targetHints":{"allow":["GET"]}}],"collection":[{"href":"https:\/\/portal1.uenf.br\/portal\/wp-json\/wp\/v2\/posts"}],"about":[{"href":"https:\/\/portal1.uenf.br\/portal\/wp-json\/wp\/v2\/types\/post"}],"author":[{"embeddable":true,"href":"https:\/\/portal1.uenf.br\/portal\/wp-json\/wp\/v2\/users\/1"}],"replies":[{"embeddable":true,"href":"https:\/\/portal1.uenf.br\/portal\/wp-json\/wp\/v2\/comments?post=10416"}],"version-history":[{"count":0,"href":"https:\/\/portal1.uenf.br\/portal\/wp-json\/wp\/v2\/posts\/10416\/revisions"}],"wp:attachment":[{"href":"https:\/\/portal1.uenf.br\/portal\/wp-json\/wp\/v2\/media?parent=10416"}],"wp:term":[{"taxonomy":"category","embeddable":true,"href":"https:\/\/portal1.uenf.br\/portal\/wp-json\/wp\/v2\/categories?post=10416"},{"taxonomy":"post_tag","embeddable":true,"href":"https:\/\/portal1.uenf.br\/portal\/wp-json\/wp\/v2\/tags?post=10416"}],"curies":[{"name":"wp","href":"https:\/\/api.w.org\/{rel}","templated":true}]}}