{"id":10403,"date":"2021-08-31T20:24:09","date_gmt":"2021-08-31T23:24:09","guid":{"rendered":"https:\/\/uenf.br\/portal\/?p=10403"},"modified":"2021-08-31T20:24:09","modified_gmt":"2021-08-31T23:24:09","slug":"nota-da-pro-reitoria-de-extensao-e-assuntos-comunitarios-proex-2","status":"publish","type":"post","link":"https:\/\/portal1.uenf.br\/portal\/informes-internos\/nota-da-pro-reitoria-de-extensao-e-assuntos-comunitarios-proex-2\/","title":{"rendered":"Nota da Pr\u00f3-Reitoria de Extens\u00e3o e Assuntos Comunit\u00e1rios (PROEX)"},"content":{"rendered":"\n<p><strong>Acolhimento e preven\u00e7\u00e3o em sa\u00fade mental para o corpo discente<\/strong><\/p>\n\n\n\n<p>A Pr\u00f3-Reitoria de Extens\u00e3o e Assuntos Comunit\u00e1rios (PROEX) comunica que a partir desta quinta-feira, 02 de setembro de 2021, as servidoras do Servi\u00e7o Social da UENF receber\u00e3o demandas sobre acolhimento psicol\u00f3gico, que ocorrer\u00e1 em estreita colabora\u00e7\u00e3o com os profissionais do curso de Psicologia da Universidade Federal Fluminense, de Campos dos Goytacazes. <\/p>\n\n\n\n<p>Aproveitamos para fazer nossos sinceros agradecimentos aos colegas e \u00e0s estagi\u00e1rias da UFF, pela parceria e colabora\u00e7\u00e3o de sempre com a UENF.Email:\u00a0<a rel=\"noreferrer noopener\" href=\"mailto:servicosocial@uenf.br\" target=\"_blank\">servicosocial@uenf.br<\/a><\/p>\n","protected":false},"excerpt":{"rendered":"<p>Acolhimento e preven\u00e7\u00e3o em sa\u00fade mental para o corpo discente A Pr\u00f3-Reitoria de Extens\u00e3o e Assuntos Comunit\u00e1rios (PROEX) comunica que a partir desta quinta-feira, 02 de setembro de 2021, as servidoras do Servi\u00e7o Social da UENF receber\u00e3o demandas sobre acolhimento psicol\u00f3gico, que ocorrer\u00e1 em estreita colabora\u00e7\u00e3o com os profissionais do curso de Psicologia da Universidade [&hellip;]<\/p>\n","protected":false},"author":1,"featured_media":0,"comment_status":"closed","ping_status":"closed","sticky":false,"template":"","format":"standard","meta":{"_eb_attr":"","ocean_post_layout":"","ocean_both_sidebars_style":"","ocean_both_sidebars_content_width":0,"ocean_both_sidebars_sidebars_width":0,"ocean_sidebar":"","ocean_second_sidebar":"","ocean_disable_margins":"enable","ocean_add_body_class":"","ocean_shortcode_before_top_bar":"","ocean_shortcode_after_top_bar":"","ocean_shortcode_before_header":"","ocean_shortcode_after_header":"","ocean_has_shortcode":"","ocean_shortcode_after_title":"","ocean_shortcode_before_footer_widgets":"","ocean_shortcode_after_footer_widgets":"","ocean_shortcode_before_footer_bottom":"","ocean_shortcode_after_footer_bottom":"","ocean_display_top_bar":"default","ocean_display_header":"default","ocean_header_style":"","ocean_center_header_left_menu":"","ocean_custom_header_template":"","ocean_custom_logo":0,"ocean_custom_retina_logo":0,"ocean_custom_logo_max_width":0,"ocean_custom_logo_tablet_max_width":0,"ocean_custom_logo_mobile_max_width":0,"ocean_custom_logo_max_height":0,"ocean_custom_logo_tablet_max_height":0,"ocean_custom_logo_mobile_max_height":0,"ocean_header_custom_menu":"","ocean_menu_typo_font_family":"","ocean_menu_typo_font_subset":"","ocean_menu_typo_font_size":0,"ocean_menu_typo_font_size_tablet":0,"ocean_menu_typo_font_size_mobile":0,"ocean_menu_typo_font_size_unit":"px","ocean_menu_typo_font_weight":"","ocean_menu_typo_font_weight_tablet":"","ocean_menu_typo_font_weight_mobile":"","ocean_menu_typo_transform":"","ocean_menu_typo_transform_tablet":"","ocean_menu_typo_transform_mobile":"","ocean_menu_typo_line_height":0,"ocean_menu_typo_line_height_tablet":0,"ocean_menu_typo_line_height_mobile":0,"ocean_menu_typo_line_height_unit":"","ocean_menu_typo_spacing":0,"ocean_menu_typo_spacing_tablet":0,"ocean_menu_typo_spacing_mobile":0,"ocean_menu_typo_spacing_unit":"","ocean_menu_link_color":"","ocean_menu_link_color_hover":"","ocean_menu_link_color_active":"","ocean_menu_link_background":"","ocean_menu_link_hover_background":"","ocean_menu_link_active_background":"","ocean_menu_social_links_bg":"","ocean_menu_social_hover_links_bg":"","ocean_menu_social_links_color":"","ocean_menu_social_hover_links_color":"","ocean_disable_title":"default","ocean_disable_heading":"default","ocean_post_title":"","ocean_post_subheading":"","ocean_post_title_style":"","ocean_post_title_background_color":"","ocean_post_title_background":0,"ocean_post_title_bg_image_position":"","ocean_post_title_bg_image_attachment":"","ocean_post_title_bg_image_repeat":"","ocean_post_title_bg_image_size":"","ocean_post_title_height":0,"ocean_post_title_bg_overlay":0.5,"ocean_post_title_bg_overlay_color":"","ocean_disable_breadcrumbs":"default","ocean_breadcrumbs_color":"","ocean_breadcrumbs_separator_color":"","ocean_breadcrumbs_links_color":"","ocean_breadcrumbs_links_hover_color":"","ocean_display_footer_widgets":"default","ocean_display_footer_bottom":"default","ocean_custom_footer_template":"","ocean_post_oembed":"","ocean_post_self_hosted_media":"","ocean_post_video_embed":"","ocean_link_format":"","ocean_link_format_target":"self","ocean_quote_format":"","ocean_quote_format_link":"post","ocean_gallery_link_images":"off","ocean_gallery_id":[],"footnotes":""},"categories":[7],"tags":[],"class_list":["post-10403","post","type-post","status-publish","format-standard","hentry","category-informes-internos","entry"],"yoast_head":"<!-- This site is optimized with the Yoast SEO plugin v26.5 - https:\/\/yoast.com\/wordpress\/plugins\/seo\/ -->\n<title>Nota da Pr\u00f3-Reitoria de Extens\u00e3o e Assuntos Comunit\u00e1rios (PROEX) - UENF - Universidade Estadual do Norte Fluminense Darcy Ribeiro<\/title>\n<meta name=\"robots\" content=\"noindex, follow, max-snippet:-1, max-image-preview:large, max-video-preview:-1\" \/>\n<meta property=\"og:locale\" content=\"pt_BR\" \/>\n<meta property=\"og:type\" content=\"article\" \/>\n<meta property=\"og:title\" content=\"Nota da Pr\u00f3-Reitoria de Extens\u00e3o e Assuntos Comunit\u00e1rios (PROEX) - UENF - Universidade Estadual do Norte Fluminense Darcy Ribeiro\" \/>\n<meta property=\"og:description\" content=\"Acolhimento e preven\u00e7\u00e3o em sa\u00fade mental para o corpo discente A Pr\u00f3-Reitoria de Extens\u00e3o e Assuntos Comunit\u00e1rios (PROEX) comunica que a partir desta quinta-feira, 02 de setembro de 2021, as servidoras do Servi\u00e7o Social da UENF receber\u00e3o demandas sobre acolhimento psicol\u00f3gico, que ocorrer\u00e1 em estreita colabora\u00e7\u00e3o com os profissionais do curso de Psicologia da Universidade [&hellip;]\" \/>\n<meta property=\"og:url\" content=\"https:\/\/portal1.uenf.br\/portal\/informes-internos\/nota-da-pro-reitoria-de-extensao-e-assuntos-comunitarios-proex-2\/\" \/>\n<meta property=\"og:site_name\" content=\"UENF - Universidade Estadual do Norte Fluminense Darcy Ribeiro\" \/>\n<meta property=\"article:published_time\" content=\"2021-08-31T23:24:09+00:00\" \/>\n<meta name=\"author\" content=\"admin\" \/>\n<meta name=\"twitter:card\" content=\"summary_large_image\" \/>\n<meta name=\"twitter:label1\" content=\"Escrito por\" \/>\n\t<meta name=\"twitter:data1\" content=\"admin\" \/>\n<script type=\"application\/ld+json\" class=\"yoast-schema-graph\">{\"@context\":\"https:\/\/schema.org\",\"@graph\":[{\"@type\":\"Article\",\"@id\":\"https:\/\/portal1.uenf.br\/portal\/informes-internos\/nota-da-pro-reitoria-de-extensao-e-assuntos-comunitarios-proex-2\/#article\",\"isPartOf\":{\"@id\":\"https:\/\/portal1.uenf.br\/portal\/informes-internos\/nota-da-pro-reitoria-de-extensao-e-assuntos-comunitarios-proex-2\/\"},\"author\":{\"name\":\"admin\",\"@id\":\"https:\/\/portal1.uenf.br\/portal\/#\/schema\/person\/068abbf03b6f8478c845bc8ded9270c7\"},\"headline\":\"Nota da Pr\u00f3-Reitoria de Extens\u00e3o e Assuntos Comunit\u00e1rios (PROEX)\",\"datePublished\":\"2021-08-31T23:24:09+00:00\",\"mainEntityOfPage\":{\"@id\":\"https:\/\/portal1.uenf.br\/portal\/informes-internos\/nota-da-pro-reitoria-de-extensao-e-assuntos-comunitarios-proex-2\/\"},\"wordCount\":108,\"publisher\":{\"@id\":\"https:\/\/portal1.uenf.br\/portal\/#organization\"},\"articleSection\":[\"informes internos\"],\"inLanguage\":\"pt-BR\"},{\"@type\":\"WebPage\",\"@id\":\"https:\/\/portal1.uenf.br\/portal\/informes-internos\/nota-da-pro-reitoria-de-extensao-e-assuntos-comunitarios-proex-2\/\",\"url\":\"https:\/\/portal1.uenf.br\/portal\/informes-internos\/nota-da-pro-reitoria-de-extensao-e-assuntos-comunitarios-proex-2\/\",\"name\":\"Nota da Pr\u00f3-Reitoria de Extens\u00e3o e Assuntos Comunit\u00e1rios (PROEX) - UENF - Universidade Estadual do Norte Fluminense Darcy Ribeiro\",\"isPartOf\":{\"@id\":\"https:\/\/portal1.uenf.br\/portal\/#website\"},\"datePublished\":\"2021-08-31T23:24:09+00:00\",\"breadcrumb\":{\"@id\":\"https:\/\/portal1.uenf.br\/portal\/informes-internos\/nota-da-pro-reitoria-de-extensao-e-assuntos-comunitarios-proex-2\/#breadcrumb\"},\"inLanguage\":\"pt-BR\",\"potentialAction\":[{\"@type\":\"ReadAction\",\"target\":[\"https:\/\/portal1.uenf.br\/portal\/informes-internos\/nota-da-pro-reitoria-de-extensao-e-assuntos-comunitarios-proex-2\/\"]}]},{\"@type\":\"BreadcrumbList\",\"@id\":\"https:\/\/portal1.uenf.br\/portal\/informes-internos\/nota-da-pro-reitoria-de-extensao-e-assuntos-comunitarios-proex-2\/#breadcrumb\",\"itemListElement\":[{\"@type\":\"ListItem\",\"position\":1,\"name\":\"In\u00edcio\",\"item\":\"https:\/\/portal1.uenf.br\/portal\/\"},{\"@type\":\"ListItem\",\"position\":2,\"name\":\"Nota da Pr\u00f3-Reitoria de Extens\u00e3o e Assuntos Comunit\u00e1rios (PROEX)\"}]},{\"@type\":\"WebSite\",\"@id\":\"https:\/\/portal1.uenf.br\/portal\/#website\",\"url\":\"https:\/\/portal1.uenf.br\/portal\/\",\"name\":\"UENF - Universidade Estadual do Norte Fluminense Darcy Ribeiro\",\"description\":\"\",\"publisher\":{\"@id\":\"https:\/\/portal1.uenf.br\/portal\/#organization\"},\"potentialAction\":[{\"@type\":\"SearchAction\",\"target\":{\"@type\":\"EntryPoint\",\"urlTemplate\":\"https:\/\/portal1.uenf.br\/portal\/?s={search_term_string}\"},\"query-input\":{\"@type\":\"PropertyValueSpecification\",\"valueRequired\":true,\"valueName\":\"search_term_string\"}}],\"inLanguage\":\"pt-BR\"},{\"@type\":\"Organization\",\"@id\":\"https:\/\/portal1.uenf.br\/portal\/#organization\",\"name\":\"UENF - Universidade Estadual do Norte Fluminense Darcy Ribeiro\",\"url\":\"https:\/\/portal1.uenf.br\/portal\/\",\"logo\":{\"@type\":\"ImageObject\",\"inLanguage\":\"pt-BR\",\"@id\":\"https:\/\/portal1.uenf.br\/portal\/#\/schema\/logo\/image\/\",\"url\":\"https:\/\/portal1.uenf.br\/portal\/wp-content\/uploads\/2018\/06\/logo-uenf-invertido-1.png\",\"contentUrl\":\"https:\/\/portal1.uenf.br\/portal\/wp-content\/uploads\/2018\/06\/logo-uenf-invertido-1.png\",\"width\":482,\"height\":83,\"caption\":\"UENF - Universidade Estadual do Norte Fluminense Darcy Ribeiro\"},\"image\":{\"@id\":\"https:\/\/portal1.uenf.br\/portal\/#\/schema\/logo\/image\/\"}},{\"@type\":\"Person\",\"@id\":\"https:\/\/portal1.uenf.br\/portal\/#\/schema\/person\/068abbf03b6f8478c845bc8ded9270c7\",\"name\":\"admin\",\"image\":{\"@type\":\"ImageObject\",\"inLanguage\":\"pt-BR\",\"@id\":\"https:\/\/portal1.uenf.br\/portal\/#\/schema\/person\/image\/\",\"url\":\"https:\/\/secure.gravatar.com\/avatar\/e5ecf9e4fae0742f4b136f518195bafa7b2d3f7c709f4bdc6707588ef68a6e25?s=96&d=mm&r=g\",\"contentUrl\":\"https:\/\/secure.gravatar.com\/avatar\/e5ecf9e4fae0742f4b136f518195bafa7b2d3f7c709f4bdc6707588ef68a6e25?s=96&d=mm&r=g\",\"caption\":\"admin\"},\"sameAs\":[\"https:\/\/portal1.uenf.br\/portal\"],\"url\":\"https:\/\/portal1.uenf.br\/portal\/author\/edson\/\"}]}<\/script>\n<!-- \/ Yoast SEO plugin. -->","yoast_head_json":{"title":"Nota da Pr\u00f3-Reitoria de Extens\u00e3o e Assuntos Comunit\u00e1rios (PROEX) - UENF - Universidade Estadual do Norte Fluminense Darcy Ribeiro","robots":{"index":"noindex","follow":"follow","max-snippet":"max-snippet:-1","max-image-preview":"max-image-preview:large","max-video-preview":"max-video-preview:-1"},"og_locale":"pt_BR","og_type":"article","og_title":"Nota da Pr\u00f3-Reitoria de Extens\u00e3o e Assuntos Comunit\u00e1rios (PROEX) - UENF - Universidade Estadual do Norte Fluminense Darcy Ribeiro","og_description":"Acolhimento e preven\u00e7\u00e3o em sa\u00fade mental para o corpo discente A Pr\u00f3-Reitoria de Extens\u00e3o e Assuntos Comunit\u00e1rios (PROEX) comunica que a partir desta quinta-feira, 02 de setembro de 2021, as servidoras do Servi\u00e7o Social da UENF receber\u00e3o demandas sobre acolhimento psicol\u00f3gico, que ocorrer\u00e1 em estreita colabora\u00e7\u00e3o com os profissionais do curso de Psicologia da Universidade [&hellip;]","og_url":"https:\/\/portal1.uenf.br\/portal\/informes-internos\/nota-da-pro-reitoria-de-extensao-e-assuntos-comunitarios-proex-2\/","og_site_name":"UENF - Universidade Estadual do Norte Fluminense Darcy Ribeiro","article_published_time":"2021-08-31T23:24:09+00:00","author":"admin","twitter_card":"summary_large_image","twitter_misc":{"Escrito por":"admin"},"schema":{"@context":"https:\/\/schema.org","@graph":[{"@type":"Article","@id":"https:\/\/portal1.uenf.br\/portal\/informes-internos\/nota-da-pro-reitoria-de-extensao-e-assuntos-comunitarios-proex-2\/#article","isPartOf":{"@id":"https:\/\/portal1.uenf.br\/portal\/informes-internos\/nota-da-pro-reitoria-de-extensao-e-assuntos-comunitarios-proex-2\/"},"author":{"name":"admin","@id":"https:\/\/portal1.uenf.br\/portal\/#\/schema\/person\/068abbf03b6f8478c845bc8ded9270c7"},"headline":"Nota da Pr\u00f3-Reitoria de Extens\u00e3o e Assuntos Comunit\u00e1rios (PROEX)","datePublished":"2021-08-31T23:24:09+00:00","mainEntityOfPage":{"@id":"https:\/\/portal1.uenf.br\/portal\/informes-internos\/nota-da-pro-reitoria-de-extensao-e-assuntos-comunitarios-proex-2\/"},"wordCount":108,"publisher":{"@id":"https:\/\/portal1.uenf.br\/portal\/#organization"},"articleSection":["informes internos"],"inLanguage":"pt-BR"},{"@type":"WebPage","@id":"https:\/\/portal1.uenf.br\/portal\/informes-internos\/nota-da-pro-reitoria-de-extensao-e-assuntos-comunitarios-proex-2\/","url":"https:\/\/portal1.uenf.br\/portal\/informes-internos\/nota-da-pro-reitoria-de-extensao-e-assuntos-comunitarios-proex-2\/","name":"Nota da Pr\u00f3-Reitoria de Extens\u00e3o e Assuntos Comunit\u00e1rios (PROEX) - UENF - Universidade Estadual do Norte Fluminense Darcy Ribeiro","isPartOf":{"@id":"https:\/\/portal1.uenf.br\/portal\/#website"},"datePublished":"2021-08-31T23:24:09+00:00","breadcrumb":{"@id":"https:\/\/portal1.uenf.br\/portal\/informes-internos\/nota-da-pro-reitoria-de-extensao-e-assuntos-comunitarios-proex-2\/#breadcrumb"},"inLanguage":"pt-BR","potentialAction":[{"@type":"ReadAction","target":["https:\/\/portal1.uenf.br\/portal\/informes-internos\/nota-da-pro-reitoria-de-extensao-e-assuntos-comunitarios-proex-2\/"]}]},{"@type":"BreadcrumbList","@id":"https:\/\/portal1.uenf.br\/portal\/informes-internos\/nota-da-pro-reitoria-de-extensao-e-assuntos-comunitarios-proex-2\/#breadcrumb","itemListElement":[{"@type":"ListItem","position":1,"name":"In\u00edcio","item":"https:\/\/portal1.uenf.br\/portal\/"},{"@type":"ListItem","position":2,"name":"Nota da Pr\u00f3-Reitoria de Extens\u00e3o e Assuntos Comunit\u00e1rios (PROEX)"}]},{"@type":"WebSite","@id":"https:\/\/portal1.uenf.br\/portal\/#website","url":"https:\/\/portal1.uenf.br\/portal\/","name":"UENF - Universidade Estadual do Norte Fluminense Darcy Ribeiro","description":"","publisher":{"@id":"https:\/\/portal1.uenf.br\/portal\/#organization"},"potentialAction":[{"@type":"SearchAction","target":{"@type":"EntryPoint","urlTemplate":"https:\/\/portal1.uenf.br\/portal\/?s={search_term_string}"},"query-input":{"@type":"PropertyValueSpecification","valueRequired":true,"valueName":"search_term_string"}}],"inLanguage":"pt-BR"},{"@type":"Organization","@id":"https:\/\/portal1.uenf.br\/portal\/#organization","name":"UENF - Universidade Estadual do Norte Fluminense Darcy Ribeiro","url":"https:\/\/portal1.uenf.br\/portal\/","logo":{"@type":"ImageObject","inLanguage":"pt-BR","@id":"https:\/\/portal1.uenf.br\/portal\/#\/schema\/logo\/image\/","url":"https:\/\/portal1.uenf.br\/portal\/wp-content\/uploads\/2018\/06\/logo-uenf-invertido-1.png","contentUrl":"https:\/\/portal1.uenf.br\/portal\/wp-content\/uploads\/2018\/06\/logo-uenf-invertido-1.png","width":482,"height":83,"caption":"UENF - Universidade Estadual do Norte Fluminense Darcy Ribeiro"},"image":{"@id":"https:\/\/portal1.uenf.br\/portal\/#\/schema\/logo\/image\/"}},{"@type":"Person","@id":"https:\/\/portal1.uenf.br\/portal\/#\/schema\/person\/068abbf03b6f8478c845bc8ded9270c7","name":"admin","image":{"@type":"ImageObject","inLanguage":"pt-BR","@id":"https:\/\/portal1.uenf.br\/portal\/#\/schema\/person\/image\/","url":"https:\/\/secure.gravatar.com\/avatar\/e5ecf9e4fae0742f4b136f518195bafa7b2d3f7c709f4bdc6707588ef68a6e25?s=96&d=mm&r=g","contentUrl":"https:\/\/secure.gravatar.com\/avatar\/e5ecf9e4fae0742f4b136f518195bafa7b2d3f7c709f4bdc6707588ef68a6e25?s=96&d=mm&r=g","caption":"admin"},"sameAs":["https:\/\/portal1.uenf.br\/portal"],"url":"https:\/\/portal1.uenf.br\/portal\/author\/edson\/"}]}},"_links":{"self":[{"href":"https:\/\/portal1.uenf.br\/portal\/wp-json\/wp\/v2\/posts\/10403","targetHints":{"allow":["GET"]}}],"collection":[{"href":"https:\/\/portal1.uenf.br\/portal\/wp-json\/wp\/v2\/posts"}],"about":[{"href":"https:\/\/portal1.uenf.br\/portal\/wp-json\/wp\/v2\/types\/post"}],"author":[{"embeddable":true,"href":"https:\/\/portal1.uenf.br\/portal\/wp-json\/wp\/v2\/users\/1"}],"replies":[{"embeddable":true,"href":"https:\/\/portal1.uenf.br\/portal\/wp-json\/wp\/v2\/comments?post=10403"}],"version-history":[{"count":0,"href":"https:\/\/portal1.uenf.br\/portal\/wp-json\/wp\/v2\/posts\/10403\/revisions"}],"wp:attachment":[{"href":"https:\/\/portal1.uenf.br\/portal\/wp-json\/wp\/v2\/media?parent=10403"}],"wp:term":[{"taxonomy":"category","embeddable":true,"href":"https:\/\/portal1.uenf.br\/portal\/wp-json\/wp\/v2\/categories?post=10403"},{"taxonomy":"post_tag","embeddable":true,"href":"https:\/\/portal1.uenf.br\/portal\/wp-json\/wp\/v2\/tags?post=10403"}],"curies":[{"name":"wp","href":"https:\/\/api.w.org\/{rel}","templated":true}]}}