{"id":10218,"date":"2021-08-13T17:20:47","date_gmt":"2021-08-13T20:20:47","guid":{"rendered":"https:\/\/uenf.br\/portal\/?p=10218"},"modified":"2021-08-13T17:20:47","modified_gmt":"2021-08-13T20:20:47","slug":"uenf-completa-28-anos-nesta-segunda-feira","status":"publish","type":"post","link":"https:\/\/portal1.uenf.br\/portal\/noticias\/uenf-completa-28-anos-nesta-segunda-feira\/","title":{"rendered":"UENF completa 28 anos nesta segunda-feira"},"content":{"rendered":"\n<figure class=\"wp-block-image size-full\"><img decoding=\"async\" src=\"https:\/\/uenf.br\/portal\/wp-content\/uploads\/2021\/08\/UENF_20110502_075_PD.jpg\" alt=\"\" class=\"wp-image-10223\"\/><figcaption>Vista a\u00e9rea do <em>campus <\/em>da UENF em Campos dos Goytacazes (RJ)<\/figcaption><\/figure>\n\n\n\n<p>A Universidade Estadual do Norte Fluminense Darcy Ribeiro (UENF) completa 28 anos nesta segunda-feira, 16\/08\/21. Para marcar a data, ser\u00e1 realizada uma Sess\u00e3o Solene do Conselho Universit\u00e1rio da Universidade (CONSUNI) . Em virtude da pandemia de Covid-19, o evento ser\u00e1 realizado na modalidade online. A sess\u00e3o ser\u00e1 transmitida atrav\u00e9s do Canal UENFTV, do YouTube, a partir das 10h30.<\/p>\n\n\n\n<p>A data 16\/08\/1993 marca a realiza\u00e7\u00e3o da primeira aula no <em>campus<\/em> da UENF. O primeiro vestibular foi realizado um pouco antes, em 03 de junho de 1993. <\/p>\n\n\n\n<p>A implanta\u00e7\u00e3o da UENF foi fruto de uma intensa mobiliza\u00e7\u00e3o da sociedade organizada, no final da d\u00e9cada de 1980, que resultou na inclus\u00e3o de uma emenda popular prevendo a cria\u00e7\u00e3o da futura Universidade Estadual do Norte Fluminense na Constitui\u00e7\u00e3o Estadual de 1989.<\/p>\n\n\n\n<p>A cria\u00e7\u00e3o da UENF foi aprovada pela Assembleia Legislativa do Estado do Rio de Janeiro (Alerj) atrav\u00e9s da Lei 1.740,  sancionada pelo ent\u00e3o governador Moreira Franco em 08\/11\/1990. Em 27\/02\/1991, atrav\u00e9s do Decreto 16.357, foi criada efetivamente a nova universidade e aprovado o seu Estatuto.<\/p>\n\n\n\n<p>Ao ser eleito, em 1991, o ent\u00e3o governador Leonel Brizola iniciou a execu\u00e7\u00e3o e implanta\u00e7\u00e3o da UENF, delegando ao professor Darcy Ribeiro a tarefa de conceber o modelo e coordenar a implanta\u00e7\u00e3o. O projeto arquitet\u00f4nico ficou a cargo de Oscar Niemeyer.<\/p>\n\n\n\n<p>Saiba mais sobre a hist\u00f3ria da UENF <a href=\"https:\/\/uenf.br\/portal\/institucional\/sobre-a-uenf\/\"><strong>aqui.<\/strong><\/a><\/p>\n\n\n\n<p>Atualmente, a UENF conta com <strong><a href=\"https:\/\/uenf.br\/graduacao\/\">20 cursos de gradua\u00e7\u00e3o<\/a> <\/strong>\u2014 17 presenciais e 03 semi-presenciais, atrav\u00e9s do Cons\u00f3rcio Cederj \u2014, <a href=\"https:\/\/uenf.br\/posgraduacao\/programas\/pos-graduacao-stricto-sensu\/\"><strong>14 Programas de P\u00f3s-Gradua\u00e7\u00e3o<\/strong><\/a> <em>Stricto Sensu<\/em>, al\u00e9m dos Programas de Resid\u00eancia Veterin\u00e1ria e P\u00f3s-Doutorado. A Universidade possui tamb\u00e9m <a href=\"https:\/\/uenf.br\/portal\/extensao\/projetos-de-extensao\/\"><strong>130 projetos de Extens\u00e3o.<\/strong><\/a><\/p>\n\n\n\n<p>Dividida em 04 Centros Universit\u00e1rios (Bioci\u00eancias e Biotecnologia), CCH (Ci\u00eancias do Homem), CCT (Ci\u00eancia e Tecnologia) e CCTA (Ci\u00eancias e Tecnologias Agropecu\u00e1rias), a UENF possui cerca de 1.800 alunos na gradua\u00e7\u00e3o presencial, 1.300 alunos na P\u00f3s-Gradua\u00e7\u00e3o e 4.500 alunos nos cursos semi-presenciais. S\u00e3o 300 professores e 600 servidores t\u00e9cnicos, em dois <em>campi<\/em>, situados em Campos dos Goytacazes e Maca\u00e9.<\/p>\n\n\n\n<p><\/p>\n\n\n\n<p><\/p>\n\n\n\n<p><\/p>\n\n\n\n<p><\/p>\n\n\n\n<p><\/p>\n\n\n\n<p><\/p>\n\n\n\n<p><\/p>\n\n\n\n<p>&nbsp;<\/p>\n\n\n\n<p><\/p>\n\n\n\n<p><\/p>\n\n\n\n<p><\/p>\n","protected":false},"excerpt":{"rendered":"<p>A Universidade Estadual do Norte Fluminense Darcy Ribeiro (UENF) completa 28 anos nesta segunda-feira, 16\/08\/21. Para marcar a data, ser\u00e1 realizada uma Sess\u00e3o Solene do Conselho Universit\u00e1rio da Universidade (CONSUNI) . Em virtude da pandemia de Covid-19, o evento ser\u00e1 realizado na modalidade online. A sess\u00e3o ser\u00e1 transmitida atrav\u00e9s do Canal UENFTV, do YouTube, a [&hellip;]<\/p>\n","protected":false},"author":1,"featured_media":0,"comment_status":"closed","ping_status":"closed","sticky":false,"template":"","format":"standard","meta":{"_eb_attr":"","ocean_post_layout":"","ocean_both_sidebars_style":"","ocean_both_sidebars_content_width":0,"ocean_both_sidebars_sidebars_width":0,"ocean_sidebar":"","ocean_second_sidebar":"","ocean_disable_margins":"enable","ocean_add_body_class":"","ocean_shortcode_before_top_bar":"","ocean_shortcode_after_top_bar":"","ocean_shortcode_before_header":"","ocean_shortcode_after_header":"","ocean_has_shortcode":"","ocean_shortcode_after_title":"","ocean_shortcode_before_footer_widgets":"","ocean_shortcode_after_footer_widgets":"","ocean_shortcode_before_footer_bottom":"","ocean_shortcode_after_footer_bottom":"","ocean_display_top_bar":"default","ocean_display_header":"default","ocean_header_style":"","ocean_center_header_left_menu":"","ocean_custom_header_template":"","ocean_custom_logo":0,"ocean_custom_retina_logo":0,"ocean_custom_logo_max_width":0,"ocean_custom_logo_tablet_max_width":0,"ocean_custom_logo_mobile_max_width":0,"ocean_custom_logo_max_height":0,"ocean_custom_logo_tablet_max_height":0,"ocean_custom_logo_mobile_max_height":0,"ocean_header_custom_menu":"","ocean_menu_typo_font_family":"","ocean_menu_typo_font_subset":"","ocean_menu_typo_font_size":0,"ocean_menu_typo_font_size_tablet":0,"ocean_menu_typo_font_size_mobile":0,"ocean_menu_typo_font_size_unit":"px","ocean_menu_typo_font_weight":"","ocean_menu_typo_font_weight_tablet":"","ocean_menu_typo_font_weight_mobile":"","ocean_menu_typo_transform":"","ocean_menu_typo_transform_tablet":"","ocean_menu_typo_transform_mobile":"","ocean_menu_typo_line_height":0,"ocean_menu_typo_line_height_tablet":0,"ocean_menu_typo_line_height_mobile":0,"ocean_menu_typo_line_height_unit":"","ocean_menu_typo_spacing":0,"ocean_menu_typo_spacing_tablet":0,"ocean_menu_typo_spacing_mobile":0,"ocean_menu_typo_spacing_unit":"","ocean_menu_link_color":"","ocean_menu_link_color_hover":"","ocean_menu_link_color_active":"","ocean_menu_link_background":"","ocean_menu_link_hover_background":"","ocean_menu_link_active_background":"","ocean_menu_social_links_bg":"","ocean_menu_social_hover_links_bg":"","ocean_menu_social_links_color":"","ocean_menu_social_hover_links_color":"","ocean_disable_title":"default","ocean_disable_heading":"default","ocean_post_title":"","ocean_post_subheading":"","ocean_post_title_style":"","ocean_post_title_background_color":"","ocean_post_title_background":0,"ocean_post_title_bg_image_position":"","ocean_post_title_bg_image_attachment":"","ocean_post_title_bg_image_repeat":"","ocean_post_title_bg_image_size":"","ocean_post_title_height":0,"ocean_post_title_bg_overlay":0.5,"ocean_post_title_bg_overlay_color":"","ocean_disable_breadcrumbs":"default","ocean_breadcrumbs_color":"","ocean_breadcrumbs_separator_color":"","ocean_breadcrumbs_links_color":"","ocean_breadcrumbs_links_hover_color":"","ocean_display_footer_widgets":"default","ocean_display_footer_bottom":"default","ocean_custom_footer_template":"","ocean_post_oembed":"","ocean_post_self_hosted_media":"","ocean_post_video_embed":"","ocean_link_format":"","ocean_link_format_target":"self","ocean_quote_format":"","ocean_quote_format_link":"post","ocean_gallery_link_images":"off","ocean_gallery_id":[],"footnotes":""},"categories":[8],"tags":[],"class_list":["post-10218","post","type-post","status-publish","format-standard","hentry","category-noticias","entry"],"yoast_head":"<!-- This site is optimized with the Yoast SEO plugin v26.5 - https:\/\/yoast.com\/wordpress\/plugins\/seo\/ -->\n<title>UENF completa 28 anos nesta segunda-feira - UENF - Universidade Estadual do Norte Fluminense Darcy Ribeiro<\/title>\n<meta name=\"robots\" content=\"noindex, follow, max-snippet:-1, max-image-preview:large, max-video-preview:-1\" \/>\n<meta property=\"og:locale\" content=\"pt_BR\" \/>\n<meta property=\"og:type\" content=\"article\" \/>\n<meta property=\"og:title\" content=\"UENF completa 28 anos nesta segunda-feira - UENF - Universidade Estadual do Norte Fluminense Darcy Ribeiro\" \/>\n<meta property=\"og:description\" content=\"A Universidade Estadual do Norte Fluminense Darcy Ribeiro (UENF) completa 28 anos nesta segunda-feira, 16\/08\/21. Para marcar a data, ser\u00e1 realizada uma Sess\u00e3o Solene do Conselho Universit\u00e1rio da Universidade (CONSUNI) . Em virtude da pandemia de Covid-19, o evento ser\u00e1 realizado na modalidade online. A sess\u00e3o ser\u00e1 transmitida atrav\u00e9s do Canal UENFTV, do YouTube, a [&hellip;]\" \/>\n<meta property=\"og:url\" content=\"https:\/\/portal1.uenf.br\/portal\/noticias\/uenf-completa-28-anos-nesta-segunda-feira\/\" \/>\n<meta property=\"og:site_name\" content=\"UENF - Universidade Estadual do Norte Fluminense Darcy Ribeiro\" \/>\n<meta property=\"article:published_time\" content=\"2021-08-13T20:20:47+00:00\" \/>\n<meta property=\"og:image\" content=\"https:\/\/uenf.br\/portal\/wp-content\/uploads\/2021\/08\/UENF_20110502_075_PD.jpg\" \/>\n<meta name=\"author\" content=\"admin\" \/>\n<meta name=\"twitter:card\" content=\"summary_large_image\" \/>\n<meta name=\"twitter:label1\" content=\"Escrito por\" \/>\n\t<meta name=\"twitter:data1\" content=\"admin\" \/>\n\t<meta name=\"twitter:label2\" content=\"Est. tempo de leitura\" \/>\n\t<meta name=\"twitter:data2\" content=\"2 minutos\" \/>\n<script type=\"application\/ld+json\" class=\"yoast-schema-graph\">{\"@context\":\"https:\/\/schema.org\",\"@graph\":[{\"@type\":\"Article\",\"@id\":\"https:\/\/portal1.uenf.br\/portal\/noticias\/uenf-completa-28-anos-nesta-segunda-feira\/#article\",\"isPartOf\":{\"@id\":\"https:\/\/portal1.uenf.br\/portal\/noticias\/uenf-completa-28-anos-nesta-segunda-feira\/\"},\"author\":{\"name\":\"admin\",\"@id\":\"https:\/\/portal1.uenf.br\/portal\/#\/schema\/person\/068abbf03b6f8478c845bc8ded9270c7\"},\"headline\":\"UENF completa 28 anos nesta segunda-feira\",\"datePublished\":\"2021-08-13T20:20:47+00:00\",\"mainEntityOfPage\":{\"@id\":\"https:\/\/portal1.uenf.br\/portal\/noticias\/uenf-completa-28-anos-nesta-segunda-feira\/\"},\"wordCount\":357,\"publisher\":{\"@id\":\"https:\/\/portal1.uenf.br\/portal\/#organization\"},\"image\":{\"@id\":\"https:\/\/portal1.uenf.br\/portal\/noticias\/uenf-completa-28-anos-nesta-segunda-feira\/#primaryimage\"},\"thumbnailUrl\":\"https:\/\/uenf.br\/portal\/wp-content\/uploads\/2021\/08\/UENF_20110502_075_PD.jpg\",\"articleSection\":[\"Not\u00edcias\"],\"inLanguage\":\"pt-BR\"},{\"@type\":\"WebPage\",\"@id\":\"https:\/\/portal1.uenf.br\/portal\/noticias\/uenf-completa-28-anos-nesta-segunda-feira\/\",\"url\":\"https:\/\/portal1.uenf.br\/portal\/noticias\/uenf-completa-28-anos-nesta-segunda-feira\/\",\"name\":\"UENF completa 28 anos nesta segunda-feira - UENF - Universidade Estadual do Norte Fluminense Darcy Ribeiro\",\"isPartOf\":{\"@id\":\"https:\/\/portal1.uenf.br\/portal\/#website\"},\"primaryImageOfPage\":{\"@id\":\"https:\/\/portal1.uenf.br\/portal\/noticias\/uenf-completa-28-anos-nesta-segunda-feira\/#primaryimage\"},\"image\":{\"@id\":\"https:\/\/portal1.uenf.br\/portal\/noticias\/uenf-completa-28-anos-nesta-segunda-feira\/#primaryimage\"},\"thumbnailUrl\":\"https:\/\/uenf.br\/portal\/wp-content\/uploads\/2021\/08\/UENF_20110502_075_PD.jpg\",\"datePublished\":\"2021-08-13T20:20:47+00:00\",\"breadcrumb\":{\"@id\":\"https:\/\/portal1.uenf.br\/portal\/noticias\/uenf-completa-28-anos-nesta-segunda-feira\/#breadcrumb\"},\"inLanguage\":\"pt-BR\",\"potentialAction\":[{\"@type\":\"ReadAction\",\"target\":[\"https:\/\/portal1.uenf.br\/portal\/noticias\/uenf-completa-28-anos-nesta-segunda-feira\/\"]}]},{\"@type\":\"ImageObject\",\"inLanguage\":\"pt-BR\",\"@id\":\"https:\/\/portal1.uenf.br\/portal\/noticias\/uenf-completa-28-anos-nesta-segunda-feira\/#primaryimage\",\"url\":\"https:\/\/uenf.br\/portal\/wp-content\/uploads\/2021\/08\/UENF_20110502_075_PD.jpg\",\"contentUrl\":\"https:\/\/uenf.br\/portal\/wp-content\/uploads\/2021\/08\/UENF_20110502_075_PD.jpg\"},{\"@type\":\"BreadcrumbList\",\"@id\":\"https:\/\/portal1.uenf.br\/portal\/noticias\/uenf-completa-28-anos-nesta-segunda-feira\/#breadcrumb\",\"itemListElement\":[{\"@type\":\"ListItem\",\"position\":1,\"name\":\"In\u00edcio\",\"item\":\"https:\/\/portal1.uenf.br\/portal\/\"},{\"@type\":\"ListItem\",\"position\":2,\"name\":\"UENF completa 28 anos nesta segunda-feira\"}]},{\"@type\":\"WebSite\",\"@id\":\"https:\/\/portal1.uenf.br\/portal\/#website\",\"url\":\"https:\/\/portal1.uenf.br\/portal\/\",\"name\":\"UENF - Universidade Estadual do Norte Fluminense Darcy Ribeiro\",\"description\":\"\",\"publisher\":{\"@id\":\"https:\/\/portal1.uenf.br\/portal\/#organization\"},\"potentialAction\":[{\"@type\":\"SearchAction\",\"target\":{\"@type\":\"EntryPoint\",\"urlTemplate\":\"https:\/\/portal1.uenf.br\/portal\/?s={search_term_string}\"},\"query-input\":{\"@type\":\"PropertyValueSpecification\",\"valueRequired\":true,\"valueName\":\"search_term_string\"}}],\"inLanguage\":\"pt-BR\"},{\"@type\":\"Organization\",\"@id\":\"https:\/\/portal1.uenf.br\/portal\/#organization\",\"name\":\"UENF - Universidade Estadual do Norte Fluminense Darcy Ribeiro\",\"url\":\"https:\/\/portal1.uenf.br\/portal\/\",\"logo\":{\"@type\":\"ImageObject\",\"inLanguage\":\"pt-BR\",\"@id\":\"https:\/\/portal1.uenf.br\/portal\/#\/schema\/logo\/image\/\",\"url\":\"https:\/\/portal1.uenf.br\/portal\/wp-content\/uploads\/2018\/06\/logo-uenf-invertido-1.png\",\"contentUrl\":\"https:\/\/portal1.uenf.br\/portal\/wp-content\/uploads\/2018\/06\/logo-uenf-invertido-1.png\",\"width\":482,\"height\":83,\"caption\":\"UENF - Universidade Estadual do Norte Fluminense Darcy Ribeiro\"},\"image\":{\"@id\":\"https:\/\/portal1.uenf.br\/portal\/#\/schema\/logo\/image\/\"}},{\"@type\":\"Person\",\"@id\":\"https:\/\/portal1.uenf.br\/portal\/#\/schema\/person\/068abbf03b6f8478c845bc8ded9270c7\",\"name\":\"admin\",\"image\":{\"@type\":\"ImageObject\",\"inLanguage\":\"pt-BR\",\"@id\":\"https:\/\/portal1.uenf.br\/portal\/#\/schema\/person\/image\/\",\"url\":\"https:\/\/secure.gravatar.com\/avatar\/e5ecf9e4fae0742f4b136f518195bafa7b2d3f7c709f4bdc6707588ef68a6e25?s=96&d=mm&r=g\",\"contentUrl\":\"https:\/\/secure.gravatar.com\/avatar\/e5ecf9e4fae0742f4b136f518195bafa7b2d3f7c709f4bdc6707588ef68a6e25?s=96&d=mm&r=g\",\"caption\":\"admin\"},\"sameAs\":[\"https:\/\/portal1.uenf.br\/portal\"],\"url\":\"https:\/\/portal1.uenf.br\/portal\/author\/edson\/\"}]}<\/script>\n<!-- \/ Yoast SEO plugin. -->","yoast_head_json":{"title":"UENF completa 28 anos nesta segunda-feira - UENF - Universidade Estadual do Norte Fluminense Darcy Ribeiro","robots":{"index":"noindex","follow":"follow","max-snippet":"max-snippet:-1","max-image-preview":"max-image-preview:large","max-video-preview":"max-video-preview:-1"},"og_locale":"pt_BR","og_type":"article","og_title":"UENF completa 28 anos nesta segunda-feira - UENF - Universidade Estadual do Norte Fluminense Darcy Ribeiro","og_description":"A Universidade Estadual do Norte Fluminense Darcy Ribeiro (UENF) completa 28 anos nesta segunda-feira, 16\/08\/21. Para marcar a data, ser\u00e1 realizada uma Sess\u00e3o Solene do Conselho Universit\u00e1rio da Universidade (CONSUNI) . Em virtude da pandemia de Covid-19, o evento ser\u00e1 realizado na modalidade online. A sess\u00e3o ser\u00e1 transmitida atrav\u00e9s do Canal UENFTV, do YouTube, a [&hellip;]","og_url":"https:\/\/portal1.uenf.br\/portal\/noticias\/uenf-completa-28-anos-nesta-segunda-feira\/","og_site_name":"UENF - Universidade Estadual do Norte Fluminense Darcy Ribeiro","article_published_time":"2021-08-13T20:20:47+00:00","og_image":[{"url":"https:\/\/uenf.br\/portal\/wp-content\/uploads\/2021\/08\/UENF_20110502_075_PD.jpg","type":"","width":"","height":""}],"author":"admin","twitter_card":"summary_large_image","twitter_misc":{"Escrito por":"admin","Est. tempo de leitura":"2 minutos"},"schema":{"@context":"https:\/\/schema.org","@graph":[{"@type":"Article","@id":"https:\/\/portal1.uenf.br\/portal\/noticias\/uenf-completa-28-anos-nesta-segunda-feira\/#article","isPartOf":{"@id":"https:\/\/portal1.uenf.br\/portal\/noticias\/uenf-completa-28-anos-nesta-segunda-feira\/"},"author":{"name":"admin","@id":"https:\/\/portal1.uenf.br\/portal\/#\/schema\/person\/068abbf03b6f8478c845bc8ded9270c7"},"headline":"UENF completa 28 anos nesta segunda-feira","datePublished":"2021-08-13T20:20:47+00:00","mainEntityOfPage":{"@id":"https:\/\/portal1.uenf.br\/portal\/noticias\/uenf-completa-28-anos-nesta-segunda-feira\/"},"wordCount":357,"publisher":{"@id":"https:\/\/portal1.uenf.br\/portal\/#organization"},"image":{"@id":"https:\/\/portal1.uenf.br\/portal\/noticias\/uenf-completa-28-anos-nesta-segunda-feira\/#primaryimage"},"thumbnailUrl":"https:\/\/uenf.br\/portal\/wp-content\/uploads\/2021\/08\/UENF_20110502_075_PD.jpg","articleSection":["Not\u00edcias"],"inLanguage":"pt-BR"},{"@type":"WebPage","@id":"https:\/\/portal1.uenf.br\/portal\/noticias\/uenf-completa-28-anos-nesta-segunda-feira\/","url":"https:\/\/portal1.uenf.br\/portal\/noticias\/uenf-completa-28-anos-nesta-segunda-feira\/","name":"UENF completa 28 anos nesta segunda-feira - UENF - Universidade Estadual do Norte Fluminense Darcy Ribeiro","isPartOf":{"@id":"https:\/\/portal1.uenf.br\/portal\/#website"},"primaryImageOfPage":{"@id":"https:\/\/portal1.uenf.br\/portal\/noticias\/uenf-completa-28-anos-nesta-segunda-feira\/#primaryimage"},"image":{"@id":"https:\/\/portal1.uenf.br\/portal\/noticias\/uenf-completa-28-anos-nesta-segunda-feira\/#primaryimage"},"thumbnailUrl":"https:\/\/uenf.br\/portal\/wp-content\/uploads\/2021\/08\/UENF_20110502_075_PD.jpg","datePublished":"2021-08-13T20:20:47+00:00","breadcrumb":{"@id":"https:\/\/portal1.uenf.br\/portal\/noticias\/uenf-completa-28-anos-nesta-segunda-feira\/#breadcrumb"},"inLanguage":"pt-BR","potentialAction":[{"@type":"ReadAction","target":["https:\/\/portal1.uenf.br\/portal\/noticias\/uenf-completa-28-anos-nesta-segunda-feira\/"]}]},{"@type":"ImageObject","inLanguage":"pt-BR","@id":"https:\/\/portal1.uenf.br\/portal\/noticias\/uenf-completa-28-anos-nesta-segunda-feira\/#primaryimage","url":"https:\/\/uenf.br\/portal\/wp-content\/uploads\/2021\/08\/UENF_20110502_075_PD.jpg","contentUrl":"https:\/\/uenf.br\/portal\/wp-content\/uploads\/2021\/08\/UENF_20110502_075_PD.jpg"},{"@type":"BreadcrumbList","@id":"https:\/\/portal1.uenf.br\/portal\/noticias\/uenf-completa-28-anos-nesta-segunda-feira\/#breadcrumb","itemListElement":[{"@type":"ListItem","position":1,"name":"In\u00edcio","item":"https:\/\/portal1.uenf.br\/portal\/"},{"@type":"ListItem","position":2,"name":"UENF completa 28 anos nesta segunda-feira"}]},{"@type":"WebSite","@id":"https:\/\/portal1.uenf.br\/portal\/#website","url":"https:\/\/portal1.uenf.br\/portal\/","name":"UENF - Universidade Estadual do Norte Fluminense Darcy Ribeiro","description":"","publisher":{"@id":"https:\/\/portal1.uenf.br\/portal\/#organization"},"potentialAction":[{"@type":"SearchAction","target":{"@type":"EntryPoint","urlTemplate":"https:\/\/portal1.uenf.br\/portal\/?s={search_term_string}"},"query-input":{"@type":"PropertyValueSpecification","valueRequired":true,"valueName":"search_term_string"}}],"inLanguage":"pt-BR"},{"@type":"Organization","@id":"https:\/\/portal1.uenf.br\/portal\/#organization","name":"UENF - Universidade Estadual do Norte Fluminense Darcy Ribeiro","url":"https:\/\/portal1.uenf.br\/portal\/","logo":{"@type":"ImageObject","inLanguage":"pt-BR","@id":"https:\/\/portal1.uenf.br\/portal\/#\/schema\/logo\/image\/","url":"https:\/\/portal1.uenf.br\/portal\/wp-content\/uploads\/2018\/06\/logo-uenf-invertido-1.png","contentUrl":"https:\/\/portal1.uenf.br\/portal\/wp-content\/uploads\/2018\/06\/logo-uenf-invertido-1.png","width":482,"height":83,"caption":"UENF - Universidade Estadual do Norte Fluminense Darcy Ribeiro"},"image":{"@id":"https:\/\/portal1.uenf.br\/portal\/#\/schema\/logo\/image\/"}},{"@type":"Person","@id":"https:\/\/portal1.uenf.br\/portal\/#\/schema\/person\/068abbf03b6f8478c845bc8ded9270c7","name":"admin","image":{"@type":"ImageObject","inLanguage":"pt-BR","@id":"https:\/\/portal1.uenf.br\/portal\/#\/schema\/person\/image\/","url":"https:\/\/secure.gravatar.com\/avatar\/e5ecf9e4fae0742f4b136f518195bafa7b2d3f7c709f4bdc6707588ef68a6e25?s=96&d=mm&r=g","contentUrl":"https:\/\/secure.gravatar.com\/avatar\/e5ecf9e4fae0742f4b136f518195bafa7b2d3f7c709f4bdc6707588ef68a6e25?s=96&d=mm&r=g","caption":"admin"},"sameAs":["https:\/\/portal1.uenf.br\/portal"],"url":"https:\/\/portal1.uenf.br\/portal\/author\/edson\/"}]}},"_links":{"self":[{"href":"https:\/\/portal1.uenf.br\/portal\/wp-json\/wp\/v2\/posts\/10218","targetHints":{"allow":["GET"]}}],"collection":[{"href":"https:\/\/portal1.uenf.br\/portal\/wp-json\/wp\/v2\/posts"}],"about":[{"href":"https:\/\/portal1.uenf.br\/portal\/wp-json\/wp\/v2\/types\/post"}],"author":[{"embeddable":true,"href":"https:\/\/portal1.uenf.br\/portal\/wp-json\/wp\/v2\/users\/1"}],"replies":[{"embeddable":true,"href":"https:\/\/portal1.uenf.br\/portal\/wp-json\/wp\/v2\/comments?post=10218"}],"version-history":[{"count":0,"href":"https:\/\/portal1.uenf.br\/portal\/wp-json\/wp\/v2\/posts\/10218\/revisions"}],"wp:attachment":[{"href":"https:\/\/portal1.uenf.br\/portal\/wp-json\/wp\/v2\/media?parent=10218"}],"wp:term":[{"taxonomy":"category","embeddable":true,"href":"https:\/\/portal1.uenf.br\/portal\/wp-json\/wp\/v2\/categories?post=10218"},{"taxonomy":"post_tag","embeddable":true,"href":"https:\/\/portal1.uenf.br\/portal\/wp-json\/wp\/v2\/tags?post=10218"}],"curies":[{"name":"wp","href":"https:\/\/api.w.org\/{rel}","templated":true}]}}