{"id":10024,"date":"2021-08-05T18:56:08","date_gmt":"2021-08-05T21:56:08","guid":{"rendered":"https:\/\/uenf.br\/portal\/?p=10024"},"modified":"2021-08-05T18:56:08","modified_gmt":"2021-08-05T21:56:08","slug":"projeto-terceira-idade-em-acao-com-ensino-hibrido-na-uenf","status":"publish","type":"post","link":"https:\/\/portal1.uenf.br\/portal\/noticias\/projeto-terceira-idade-em-acao-com-ensino-hibrido-na-uenf\/","title":{"rendered":"Projeto Terceira Idade em A\u00e7\u00e3o com atividade h\u00edbrida na UENF"},"content":{"rendered":"\n<p>Para marcar o in\u00edcio do ensino h\u00edbrido, os idosos do Programa Terceira Idade em A\u00e7\u00e3o participaram de uma caminhada nas depend\u00eancias da Universidade Estadual do Norte Fluminense (UENF) na manh\u00e3 desta quinta-feira, 05 de agosto. O grupo foi acolhido pela equipe do projeto e, na ocasi\u00e3o, foram passadas as orienta\u00e7\u00f5es sobre a retomada e os protocolos de higiene que dever\u00e3o ser seguidos nas a\u00e7\u00f5es presenciais.<\/p>\n\n\n\n<p>As oficinas presenciais ser\u00e3o iniciadas a partir da pr\u00f3xima segunda-feira, 09 de agosto, a partir das 07h30. Para evitar aglomera\u00e7\u00e3o, os idosos que j\u00e1 participam do Programa devem entrar em contato com a coordena\u00e7\u00e3o para agendar a participa\u00e7\u00e3o nas aulas. Al\u00e9m disso, devem seguir as recomenda\u00e7\u00f5es de uso de m\u00e1scara, \u00e1lcool gel e distanciamento social. As inscri\u00e7\u00f5es para novos integrantes est\u00e3o abertas.<\/p>\n\n\n\n<figure class=\"wp-block-gallery columns-3 is-cropped wp-block-gallery-1 is-layout-flex wp-block-gallery-is-layout-flex\"><ul class=\"blocks-gallery-grid\"><li class=\"blocks-gallery-item\"><figure><img decoding=\"async\" src=\"https:\/\/uenf.br\/portal\/wp-content\/uploads\/2021\/08\/Alice-Tanus-3-1024x786.jpg\" alt=\"\" data-id=\"10036\" data-full-url=\"https:\/\/uenf.br\/portal\/wp-content\/uploads\/2021\/08\/Alice-Tanus-3-scaled.jpg\" data-link=\"https:\/\/uenf.br\/portal\/?attachment_id=10036\" class=\"wp-image-10036\"\/><\/figure><\/li><li class=\"blocks-gallery-item\"><figure><img decoding=\"async\" src=\"https:\/\/uenf.br\/portal\/wp-content\/uploads\/2021\/08\/Raul-Palcio-4-1024x678.jpg\" alt=\"\" data-id=\"10040\" data-full-url=\"https:\/\/uenf.br\/portal\/wp-content\/uploads\/2021\/08\/Raul-Palcio-4-scaled.jpg\" data-link=\"https:\/\/uenf.br\/portal\/?attachment_id=10040\" class=\"wp-image-10040\"\/><\/figure><\/li><li class=\"blocks-gallery-item\"><figure><img decoding=\"async\" src=\"https:\/\/uenf.br\/portal\/wp-content\/uploads\/2021\/08\/Rosalee-Istoe-5-1024x755.jpg\" alt=\"\" data-id=\"10042\" data-full-url=\"https:\/\/uenf.br\/portal\/wp-content\/uploads\/2021\/08\/Rosalee-Istoe-5-scaled.jpg\" data-link=\"https:\/\/uenf.br\/portal\/?attachment_id=10042\" class=\"wp-image-10042\"\/><\/figure><\/li><li class=\"blocks-gallery-item\"><figure><img decoding=\"async\" src=\"https:\/\/uenf.br\/portal\/wp-content\/uploads\/2021\/08\/Sr-Jorge-e-Sra-Delma-Velasco-1024x678.jpg\" alt=\"\" data-id=\"10044\" data-full-url=\"https:\/\/uenf.br\/portal\/wp-content\/uploads\/2021\/08\/Sr-Jorge-e-Sra-Delma-Velasco-scaled.jpg\" data-link=\"https:\/\/uenf.br\/portal\/?attachment_id=10044\" class=\"wp-image-10044\"\/><\/figure><\/li><li class=\"blocks-gallery-item\"><figure><img decoding=\"async\" src=\"https:\/\/uenf.br\/portal\/wp-content\/uploads\/2021\/08\/Sra-Miriam-da-Silva-Almeida-4-1024x779.jpg\" alt=\"\" data-id=\"10045\" data-full-url=\"https:\/\/uenf.br\/portal\/wp-content\/uploads\/2021\/08\/Sra-Miriam-da-Silva-Almeida-4-scaled.jpg\" data-link=\"https:\/\/uenf.br\/portal\/?attachment_id=10045\" class=\"wp-image-10045\"\/><\/figure><\/li><\/ul><figcaption class=\"blocks-gallery-caption\">Alice Tanus, fisioterapeuta; Raul Palacio, reitor da UENF; Rosalee Istoe, coordenadora do Programa; Jorge e Delma Velasco, alunos do Programa; Miriam Almeida, aluna do Programa<br \/>Fotos: Andressa Ribeiro\/Ascom UENF<\/figcaption><\/figure>\n\n\n\n<p>Alice Tanus \u00e9 fisioterapeuta e ministra aulas de pilates para os idosos. De acordo com ela, a retomada das a\u00e7\u00f5es presenciais vai trazer benef\u00edcios f\u00edsicos e mentais.<\/p>\n\n\n\n<p>\u201cO isolamento durante a pandemia prejudicou um pouco a condi\u00e7\u00e3o f\u00edsica e emocional dos nossos idosos. Mas o projeto n\u00e3o parou nesse per\u00edodo, n\u00f3s atuamos de forma on-line, nas manh\u00e3s de ter\u00e7a e quinta, no caso do pilates. Essa retomada, no sistema h\u00edbrido, vai ser muito importante e far\u00e1 muito bem para eles, ser\u00e1 uma forma de readapta\u00e7\u00e3o\u201d, pontuou.<\/p>\n\n\n\n<p>O casal Jorge e Delma Velasco participa do projeto h\u00e1 10 anos, desde a sua funda\u00e7\u00e3o. Atualmente fazem aulas de pilates, uso do smarthphone e inform\u00e1tica. Eles receberam com anima\u00e7\u00e3o o retorno das oficinas presenciais.<\/p>\n\n\n\n<p>\u201cAqui n\u00f3s fazemos atividades f\u00edsicas, sentimos o corpo mais animado e sempre nos divertimos nas viagens. \u00c9 importante a gente se manter bem, para envelhecer s\u00f3 na idade\u201d, comentou Delma.<\/p>\n\n\n\n<p>Desde 2019, Miriam da Silva Almeida participa das oficinas de preven\u00e7\u00e3o de artrose. Segundo ela, as aulas oportunizam o contato com a universidade, al\u00e9m da melhora na qualidade de vida.<\/p>\n\n\n\n<p>\u201cA alegria em estar aqui \u00e9 muito grande, porque eu posso frequentar uma faculdade, o que eu nunca fiz antes. Na terceira idade, mas eu estou aqui. Aqui eu me socializo, me animo. A equipe trabalha muito bem e \u00e9 atenciosa com a gente\u201d, ponderou.<\/p>\n\n\n\n<p>Idealizadora e coordenadora geral do Terceira Idade em A\u00e7\u00e3o, Rosalee Istoe ressaltou a import\u00e2ncia da UENF realizar o trabalho extramuros.<\/p>\n\n\n\n<p>\u201cEsses idosos s\u00e3o aqueles que viram a Universidade nascer dentro do munic\u00edpio, ent\u00e3o, para eles, estar na universidade \u00e9 poder transformar a ideia e cultura de que aqui dentro s\u00f3 pode entrar quem \u00e9 doutor, quem \u00e9 muito inteligente ou faz s\u00f3 projetos para fora da cidade. Hoje, se voc\u00ea conversar com eles, vai ver que conhecem a UENF como a palma da m\u00e3o. Os idosos fizeram da UENF o jardim de suas casas e levam para fora a impress\u00e3o que t\u00eam da universidade\u201d, completou.<\/p>\n\n\n\n<p>Raul Palacio, reitor da UENF, falou sobre o dever da Universidade acolher a popula\u00e7\u00e3o:<\/p>\n\n\n\n<p>\u201cA retomada da universidade n\u00e3o poderia acontecer de outra forma, a n\u00e3o ser a partir desses projetos voltados para a sociedade. N\u00f3s temos hoje o Terceira Idade em A\u00e7\u00e3o e o Paraesporte voltados \u00e0 comunidade. \u00c9 fundamental para a UENF a retomada dessas atividades, porque a universidade \u00e9 um espa\u00e7o para todos\u201d, finalizou.<\/p>\n\n\n\n<p><strong>Inscri\u00e7\u00f5es abertas<\/strong> \u2013 Candidatos com mais de 55 anos podem se dirigir at\u00e9 a sede do Programa, no pr\u00e9dio da Reitoria da UENF, de segunda a sexta, das 07h30 \u00e0s 12h. Os documentos necess\u00e1rios para a inscri\u00e7\u00e3o s\u00e3o duas fotos 3\u00d74, documento de identidade, comprovante de resid\u00eancia, atestado m\u00e9dico atual, comprovante de vacina\u00e7\u00e3o da gripe e da Covid-19. Para mais informa\u00e7\u00f5es, entrar em contato com o n\u00famero (22) 2748-6063.<\/p>\n\n\n\n<p>O Programa Terceira Idade em A\u00e7\u00e3o promove atividades f\u00edsicas, laborais, intera\u00e7\u00e3o social, al\u00e9m do cuidado com a sa\u00fade mental. S\u00e3o oferecidas aulas de dan\u00e7a s\u00eanior, yoga, treinamento funcional, hidrogin\u00e1stica e nata\u00e7\u00e3o; al\u00e9m de oficinas de artesanato, arteterapia, direito do idoso, espanhol, farmac\u00eautica, inform\u00e1tica b\u00e1sica, jardinagem, nutri\u00e7\u00e3o, entre outras.<\/p>\n\n\n\n<figure class=\"wp-block-gallery columns-3 is-cropped wp-block-gallery-2 is-layout-flex wp-block-gallery-is-layout-flex\"><ul class=\"blocks-gallery-grid\"><li class=\"blocks-gallery-item\"><figure><img decoding=\"async\" src=\"https:\/\/uenf.br\/portal\/wp-content\/uploads\/2021\/08\/Caminhada-Terceira-Idade-em-Acao-UENF-6-1024x656.jpg\" alt=\"\" data-id=\"10047\" data-full-url=\"https:\/\/uenf.br\/portal\/wp-content\/uploads\/2021\/08\/Caminhada-Terceira-Idade-em-Acao-UENF-6-scaled.jpg\" data-link=\"https:\/\/uenf.br\/portal\/?attachment_id=10047\" class=\"wp-image-10047\"\/><\/figure><\/li><li class=\"blocks-gallery-item\"><figure><img decoding=\"async\" src=\"https:\/\/uenf.br\/portal\/wp-content\/uploads\/2021\/08\/Caminhada-Terceira-Idade-em-Acao-UENF-7-1024x650.jpg\" alt=\"\" data-id=\"10048\" data-full-url=\"https:\/\/uenf.br\/portal\/wp-content\/uploads\/2021\/08\/Caminhada-Terceira-Idade-em-Acao-UENF-7-scaled.jpg\" data-link=\"https:\/\/uenf.br\/portal\/?attachment_id=10048\" class=\"wp-image-10048\"\/><\/figure><\/li><li class=\"blocks-gallery-item\"><figure><img decoding=\"async\" src=\"https:\/\/uenf.br\/portal\/wp-content\/uploads\/2021\/08\/Caminhada-Terceira-Idade-em-Acao-UENF-8-1024x695.jpg\" alt=\"\" data-id=\"10049\" data-full-url=\"https:\/\/uenf.br\/portal\/wp-content\/uploads\/2021\/08\/Caminhada-Terceira-Idade-em-Acao-UENF-8-scaled.jpg\" data-link=\"https:\/\/uenf.br\/portal\/?attachment_id=10049\" class=\"wp-image-10049\"\/><\/figure><\/li><li class=\"blocks-gallery-item\"><figure><img decoding=\"async\" src=\"https:\/\/uenf.br\/portal\/wp-content\/uploads\/2021\/08\/Caminhada-Terceira-Idade-em-Acao-UENF-9-1024x660.jpg\" alt=\"\" data-id=\"10050\" data-full-url=\"https:\/\/uenf.br\/portal\/wp-content\/uploads\/2021\/08\/Caminhada-Terceira-Idade-em-Acao-UENF-9-scaled.jpg\" data-link=\"https:\/\/uenf.br\/portal\/?attachment_id=10050\" class=\"wp-image-10050\"\/><\/figure><\/li><li class=\"blocks-gallery-item\"><figure><img decoding=\"async\" src=\"https:\/\/uenf.br\/portal\/wp-content\/uploads\/2021\/08\/Caminhada-Terceira-Idade-em-Acao-UENF-10-1024x696.jpg\" alt=\"\" data-id=\"10051\" data-full-url=\"https:\/\/uenf.br\/portal\/wp-content\/uploads\/2021\/08\/Caminhada-Terceira-Idade-em-Acao-UENF-10-scaled.jpg\" data-link=\"https:\/\/uenf.br\/portal\/?attachment_id=10051\" class=\"wp-image-10051\"\/><\/figure><\/li><li class=\"blocks-gallery-item\"><figure><img decoding=\"async\" src=\"https:\/\/uenf.br\/portal\/wp-content\/uploads\/2021\/08\/Caminhada-Terceira-Idade-em-Acao-UENF-11-1024x678.jpg\" alt=\"\" data-id=\"10052\" data-full-url=\"https:\/\/uenf.br\/portal\/wp-content\/uploads\/2021\/08\/Caminhada-Terceira-Idade-em-Acao-UENF-11-scaled.jpg\" data-link=\"https:\/\/uenf.br\/portal\/?attachment_id=10052\" class=\"wp-image-10052\"\/><\/figure><\/li><\/ul><figcaption class=\"blocks-gallery-caption\">A caminhada aconteceu na manh\u00e3 desta quinta-feira (05). Fotos: Andressa Ribeiro\/Ascom UENF<\/figcaption><\/figure>\n\n\n\n<p><\/p>\n","protected":false},"excerpt":{"rendered":"<p>Para marcar o in\u00edcio do ensino h\u00edbrido, os idosos do Programa Terceira Idade em A\u00e7\u00e3o participaram de uma caminhada nas depend\u00eancias da Universidade Estadual do Norte Fluminense (UENF) na manh\u00e3 desta quinta-feira, 05 de agosto. O grupo foi acolhido pela equipe do projeto e, na ocasi\u00e3o, foram passadas as orienta\u00e7\u00f5es sobre a retomada e os [&hellip;]<\/p>\n","protected":false},"author":1,"featured_media":0,"comment_status":"closed","ping_status":"closed","sticky":false,"template":"","format":"standard","meta":{"_eb_attr":"","ocean_post_layout":"","ocean_both_sidebars_style":"","ocean_both_sidebars_content_width":0,"ocean_both_sidebars_sidebars_width":0,"ocean_sidebar":"","ocean_second_sidebar":"","ocean_disable_margins":"enable","ocean_add_body_class":"","ocean_shortcode_before_top_bar":"","ocean_shortcode_after_top_bar":"","ocean_shortcode_before_header":"","ocean_shortcode_after_header":"","ocean_has_shortcode":"","ocean_shortcode_after_title":"","ocean_shortcode_before_footer_widgets":"","ocean_shortcode_after_footer_widgets":"","ocean_shortcode_before_footer_bottom":"","ocean_shortcode_after_footer_bottom":"","ocean_display_top_bar":"default","ocean_display_header":"default","ocean_header_style":"","ocean_center_header_left_menu":"","ocean_custom_header_template":"","ocean_custom_logo":0,"ocean_custom_retina_logo":0,"ocean_custom_logo_max_width":0,"ocean_custom_logo_tablet_max_width":0,"ocean_custom_logo_mobile_max_width":0,"ocean_custom_logo_max_height":0,"ocean_custom_logo_tablet_max_height":0,"ocean_custom_logo_mobile_max_height":0,"ocean_header_custom_menu":"","ocean_menu_typo_font_family":"","ocean_menu_typo_font_subset":"","ocean_menu_typo_font_size":0,"ocean_menu_typo_font_size_tablet":0,"ocean_menu_typo_font_size_mobile":0,"ocean_menu_typo_font_size_unit":"px","ocean_menu_typo_font_weight":"","ocean_menu_typo_font_weight_tablet":"","ocean_menu_typo_font_weight_mobile":"","ocean_menu_typo_transform":"","ocean_menu_typo_transform_tablet":"","ocean_menu_typo_transform_mobile":"","ocean_menu_typo_line_height":0,"ocean_menu_typo_line_height_tablet":0,"ocean_menu_typo_line_height_mobile":0,"ocean_menu_typo_line_height_unit":"","ocean_menu_typo_spacing":0,"ocean_menu_typo_spacing_tablet":0,"ocean_menu_typo_spacing_mobile":0,"ocean_menu_typo_spacing_unit":"","ocean_menu_link_color":"","ocean_menu_link_color_hover":"","ocean_menu_link_color_active":"","ocean_menu_link_background":"","ocean_menu_link_hover_background":"","ocean_menu_link_active_background":"","ocean_menu_social_links_bg":"","ocean_menu_social_hover_links_bg":"","ocean_menu_social_links_color":"","ocean_menu_social_hover_links_color":"","ocean_disable_title":"default","ocean_disable_heading":"default","ocean_post_title":"","ocean_post_subheading":"","ocean_post_title_style":"","ocean_post_title_background_color":"","ocean_post_title_background":0,"ocean_post_title_bg_image_position":"","ocean_post_title_bg_image_attachment":"","ocean_post_title_bg_image_repeat":"","ocean_post_title_bg_image_size":"","ocean_post_title_height":0,"ocean_post_title_bg_overlay":0.5,"ocean_post_title_bg_overlay_color":"","ocean_disable_breadcrumbs":"default","ocean_breadcrumbs_color":"","ocean_breadcrumbs_separator_color":"","ocean_breadcrumbs_links_color":"","ocean_breadcrumbs_links_hover_color":"","ocean_display_footer_widgets":"default","ocean_display_footer_bottom":"default","ocean_custom_footer_template":"","ocean_post_oembed":"","ocean_post_self_hosted_media":"","ocean_post_video_embed":"","ocean_link_format":"","ocean_link_format_target":"self","ocean_quote_format":"","ocean_quote_format_link":"post","ocean_gallery_link_images":"off","ocean_gallery_id":[],"footnotes":""},"categories":[8],"tags":[],"class_list":["post-10024","post","type-post","status-publish","format-standard","hentry","category-noticias","entry"],"yoast_head":"<!-- This site is optimized with the Yoast SEO plugin v26.5 - https:\/\/yoast.com\/wordpress\/plugins\/seo\/ -->\n<title>Projeto Terceira Idade em A\u00e7\u00e3o com atividade h\u00edbrida na UENF - UENF - Universidade Estadual do Norte Fluminense Darcy Ribeiro<\/title>\n<meta name=\"robots\" content=\"noindex, follow, max-snippet:-1, max-image-preview:large, max-video-preview:-1\" \/>\n<meta property=\"og:locale\" content=\"pt_BR\" \/>\n<meta property=\"og:type\" content=\"article\" \/>\n<meta property=\"og:title\" content=\"Projeto Terceira Idade em A\u00e7\u00e3o com atividade h\u00edbrida na UENF - UENF - Universidade Estadual do Norte Fluminense Darcy Ribeiro\" \/>\n<meta property=\"og:description\" content=\"Para marcar o in\u00edcio do ensino h\u00edbrido, os idosos do Programa Terceira Idade em A\u00e7\u00e3o participaram de uma caminhada nas depend\u00eancias da Universidade Estadual do Norte Fluminense (UENF) na manh\u00e3 desta quinta-feira, 05 de agosto. O grupo foi acolhido pela equipe do projeto e, na ocasi\u00e3o, foram passadas as orienta\u00e7\u00f5es sobre a retomada e os [&hellip;]\" \/>\n<meta property=\"og:url\" content=\"https:\/\/portal1.uenf.br\/portal\/noticias\/projeto-terceira-idade-em-acao-com-ensino-hibrido-na-uenf\/\" \/>\n<meta property=\"og:site_name\" content=\"UENF - Universidade Estadual do Norte Fluminense Darcy Ribeiro\" \/>\n<meta property=\"article:published_time\" content=\"2021-08-05T21:56:08+00:00\" \/>\n<meta property=\"og:image\" content=\"https:\/\/uenf.br\/portal\/wp-content\/uploads\/2021\/08\/Alice-Tanus-3-1024x786.jpg\" \/>\n<meta name=\"author\" content=\"admin\" \/>\n<meta name=\"twitter:card\" content=\"summary_large_image\" \/>\n<meta name=\"twitter:label1\" content=\"Escrito por\" \/>\n\t<meta name=\"twitter:data1\" content=\"admin\" \/>\n\t<meta name=\"twitter:label2\" content=\"Est. tempo de leitura\" \/>\n\t<meta name=\"twitter:data2\" content=\"4 minutos\" \/>\n<script type=\"application\/ld+json\" class=\"yoast-schema-graph\">{\"@context\":\"https:\/\/schema.org\",\"@graph\":[{\"@type\":\"Article\",\"@id\":\"https:\/\/portal1.uenf.br\/portal\/noticias\/projeto-terceira-idade-em-acao-com-ensino-hibrido-na-uenf\/#article\",\"isPartOf\":{\"@id\":\"https:\/\/portal1.uenf.br\/portal\/noticias\/projeto-terceira-idade-em-acao-com-ensino-hibrido-na-uenf\/\"},\"author\":{\"name\":\"admin\",\"@id\":\"https:\/\/portal1.uenf.br\/portal\/#\/schema\/person\/068abbf03b6f8478c845bc8ded9270c7\"},\"headline\":\"Projeto Terceira Idade em A\u00e7\u00e3o com atividade h\u00edbrida na UENF\",\"datePublished\":\"2021-08-05T21:56:08+00:00\",\"mainEntityOfPage\":{\"@id\":\"https:\/\/portal1.uenf.br\/portal\/noticias\/projeto-terceira-idade-em-acao-com-ensino-hibrido-na-uenf\/\"},\"wordCount\":753,\"publisher\":{\"@id\":\"https:\/\/portal1.uenf.br\/portal\/#organization\"},\"image\":{\"@id\":\"https:\/\/portal1.uenf.br\/portal\/noticias\/projeto-terceira-idade-em-acao-com-ensino-hibrido-na-uenf\/#primaryimage\"},\"thumbnailUrl\":\"https:\/\/uenf.br\/portal\/wp-content\/uploads\/2021\/08\/Alice-Tanus-3-1024x786.jpg\",\"articleSection\":[\"Not\u00edcias\"],\"inLanguage\":\"pt-BR\"},{\"@type\":\"WebPage\",\"@id\":\"https:\/\/portal1.uenf.br\/portal\/noticias\/projeto-terceira-idade-em-acao-com-ensino-hibrido-na-uenf\/\",\"url\":\"https:\/\/portal1.uenf.br\/portal\/noticias\/projeto-terceira-idade-em-acao-com-ensino-hibrido-na-uenf\/\",\"name\":\"Projeto Terceira Idade em A\u00e7\u00e3o com atividade h\u00edbrida na UENF - UENF - Universidade Estadual do Norte Fluminense Darcy Ribeiro\",\"isPartOf\":{\"@id\":\"https:\/\/portal1.uenf.br\/portal\/#website\"},\"primaryImageOfPage\":{\"@id\":\"https:\/\/portal1.uenf.br\/portal\/noticias\/projeto-terceira-idade-em-acao-com-ensino-hibrido-na-uenf\/#primaryimage\"},\"image\":{\"@id\":\"https:\/\/portal1.uenf.br\/portal\/noticias\/projeto-terceira-idade-em-acao-com-ensino-hibrido-na-uenf\/#primaryimage\"},\"thumbnailUrl\":\"https:\/\/uenf.br\/portal\/wp-content\/uploads\/2021\/08\/Alice-Tanus-3-1024x786.jpg\",\"datePublished\":\"2021-08-05T21:56:08+00:00\",\"breadcrumb\":{\"@id\":\"https:\/\/portal1.uenf.br\/portal\/noticias\/projeto-terceira-idade-em-acao-com-ensino-hibrido-na-uenf\/#breadcrumb\"},\"inLanguage\":\"pt-BR\",\"potentialAction\":[{\"@type\":\"ReadAction\",\"target\":[\"https:\/\/portal1.uenf.br\/portal\/noticias\/projeto-terceira-idade-em-acao-com-ensino-hibrido-na-uenf\/\"]}]},{\"@type\":\"ImageObject\",\"inLanguage\":\"pt-BR\",\"@id\":\"https:\/\/portal1.uenf.br\/portal\/noticias\/projeto-terceira-idade-em-acao-com-ensino-hibrido-na-uenf\/#primaryimage\",\"url\":\"https:\/\/uenf.br\/portal\/wp-content\/uploads\/2021\/08\/Alice-Tanus-3-1024x786.jpg\",\"contentUrl\":\"https:\/\/uenf.br\/portal\/wp-content\/uploads\/2021\/08\/Alice-Tanus-3-1024x786.jpg\"},{\"@type\":\"BreadcrumbList\",\"@id\":\"https:\/\/portal1.uenf.br\/portal\/noticias\/projeto-terceira-idade-em-acao-com-ensino-hibrido-na-uenf\/#breadcrumb\",\"itemListElement\":[{\"@type\":\"ListItem\",\"position\":1,\"name\":\"In\u00edcio\",\"item\":\"https:\/\/portal1.uenf.br\/portal\/\"},{\"@type\":\"ListItem\",\"position\":2,\"name\":\"Projeto Terceira Idade em A\u00e7\u00e3o com atividade h\u00edbrida na UENF\"}]},{\"@type\":\"WebSite\",\"@id\":\"https:\/\/portal1.uenf.br\/portal\/#website\",\"url\":\"https:\/\/portal1.uenf.br\/portal\/\",\"name\":\"UENF - Universidade Estadual do Norte Fluminense Darcy Ribeiro\",\"description\":\"\",\"publisher\":{\"@id\":\"https:\/\/portal1.uenf.br\/portal\/#organization\"},\"potentialAction\":[{\"@type\":\"SearchAction\",\"target\":{\"@type\":\"EntryPoint\",\"urlTemplate\":\"https:\/\/portal1.uenf.br\/portal\/?s={search_term_string}\"},\"query-input\":{\"@type\":\"PropertyValueSpecification\",\"valueRequired\":true,\"valueName\":\"search_term_string\"}}],\"inLanguage\":\"pt-BR\"},{\"@type\":\"Organization\",\"@id\":\"https:\/\/portal1.uenf.br\/portal\/#organization\",\"name\":\"UENF - Universidade Estadual do Norte Fluminense Darcy Ribeiro\",\"url\":\"https:\/\/portal1.uenf.br\/portal\/\",\"logo\":{\"@type\":\"ImageObject\",\"inLanguage\":\"pt-BR\",\"@id\":\"https:\/\/portal1.uenf.br\/portal\/#\/schema\/logo\/image\/\",\"url\":\"https:\/\/portal1.uenf.br\/portal\/wp-content\/uploads\/2018\/06\/logo-uenf-invertido-1.png\",\"contentUrl\":\"https:\/\/portal1.uenf.br\/portal\/wp-content\/uploads\/2018\/06\/logo-uenf-invertido-1.png\",\"width\":482,\"height\":83,\"caption\":\"UENF - Universidade Estadual do Norte Fluminense Darcy Ribeiro\"},\"image\":{\"@id\":\"https:\/\/portal1.uenf.br\/portal\/#\/schema\/logo\/image\/\"}},{\"@type\":\"Person\",\"@id\":\"https:\/\/portal1.uenf.br\/portal\/#\/schema\/person\/068abbf03b6f8478c845bc8ded9270c7\",\"name\":\"admin\",\"image\":{\"@type\":\"ImageObject\",\"inLanguage\":\"pt-BR\",\"@id\":\"https:\/\/portal1.uenf.br\/portal\/#\/schema\/person\/image\/\",\"url\":\"https:\/\/secure.gravatar.com\/avatar\/e5ecf9e4fae0742f4b136f518195bafa7b2d3f7c709f4bdc6707588ef68a6e25?s=96&d=mm&r=g\",\"contentUrl\":\"https:\/\/secure.gravatar.com\/avatar\/e5ecf9e4fae0742f4b136f518195bafa7b2d3f7c709f4bdc6707588ef68a6e25?s=96&d=mm&r=g\",\"caption\":\"admin\"},\"sameAs\":[\"https:\/\/portal1.uenf.br\/portal\"],\"url\":\"https:\/\/portal1.uenf.br\/portal\/author\/edson\/\"}]}<\/script>\n<!-- \/ Yoast SEO plugin. -->","yoast_head_json":{"title":"Projeto Terceira Idade em A\u00e7\u00e3o com atividade h\u00edbrida na UENF - UENF - Universidade Estadual do Norte Fluminense Darcy Ribeiro","robots":{"index":"noindex","follow":"follow","max-snippet":"max-snippet:-1","max-image-preview":"max-image-preview:large","max-video-preview":"max-video-preview:-1"},"og_locale":"pt_BR","og_type":"article","og_title":"Projeto Terceira Idade em A\u00e7\u00e3o com atividade h\u00edbrida na UENF - UENF - Universidade Estadual do Norte Fluminense Darcy Ribeiro","og_description":"Para marcar o in\u00edcio do ensino h\u00edbrido, os idosos do Programa Terceira Idade em A\u00e7\u00e3o participaram de uma caminhada nas depend\u00eancias da Universidade Estadual do Norte Fluminense (UENF) na manh\u00e3 desta quinta-feira, 05 de agosto. O grupo foi acolhido pela equipe do projeto e, na ocasi\u00e3o, foram passadas as orienta\u00e7\u00f5es sobre a retomada e os [&hellip;]","og_url":"https:\/\/portal1.uenf.br\/portal\/noticias\/projeto-terceira-idade-em-acao-com-ensino-hibrido-na-uenf\/","og_site_name":"UENF - Universidade Estadual do Norte Fluminense Darcy Ribeiro","article_published_time":"2021-08-05T21:56:08+00:00","og_image":[{"url":"https:\/\/uenf.br\/portal\/wp-content\/uploads\/2021\/08\/Alice-Tanus-3-1024x786.jpg","type":"","width":"","height":""}],"author":"admin","twitter_card":"summary_large_image","twitter_misc":{"Escrito por":"admin","Est. tempo de leitura":"4 minutos"},"schema":{"@context":"https:\/\/schema.org","@graph":[{"@type":"Article","@id":"https:\/\/portal1.uenf.br\/portal\/noticias\/projeto-terceira-idade-em-acao-com-ensino-hibrido-na-uenf\/#article","isPartOf":{"@id":"https:\/\/portal1.uenf.br\/portal\/noticias\/projeto-terceira-idade-em-acao-com-ensino-hibrido-na-uenf\/"},"author":{"name":"admin","@id":"https:\/\/portal1.uenf.br\/portal\/#\/schema\/person\/068abbf03b6f8478c845bc8ded9270c7"},"headline":"Projeto Terceira Idade em A\u00e7\u00e3o com atividade h\u00edbrida na UENF","datePublished":"2021-08-05T21:56:08+00:00","mainEntityOfPage":{"@id":"https:\/\/portal1.uenf.br\/portal\/noticias\/projeto-terceira-idade-em-acao-com-ensino-hibrido-na-uenf\/"},"wordCount":753,"publisher":{"@id":"https:\/\/portal1.uenf.br\/portal\/#organization"},"image":{"@id":"https:\/\/portal1.uenf.br\/portal\/noticias\/projeto-terceira-idade-em-acao-com-ensino-hibrido-na-uenf\/#primaryimage"},"thumbnailUrl":"https:\/\/uenf.br\/portal\/wp-content\/uploads\/2021\/08\/Alice-Tanus-3-1024x786.jpg","articleSection":["Not\u00edcias"],"inLanguage":"pt-BR"},{"@type":"WebPage","@id":"https:\/\/portal1.uenf.br\/portal\/noticias\/projeto-terceira-idade-em-acao-com-ensino-hibrido-na-uenf\/","url":"https:\/\/portal1.uenf.br\/portal\/noticias\/projeto-terceira-idade-em-acao-com-ensino-hibrido-na-uenf\/","name":"Projeto Terceira Idade em A\u00e7\u00e3o com atividade h\u00edbrida na UENF - UENF - Universidade Estadual do Norte Fluminense Darcy Ribeiro","isPartOf":{"@id":"https:\/\/portal1.uenf.br\/portal\/#website"},"primaryImageOfPage":{"@id":"https:\/\/portal1.uenf.br\/portal\/noticias\/projeto-terceira-idade-em-acao-com-ensino-hibrido-na-uenf\/#primaryimage"},"image":{"@id":"https:\/\/portal1.uenf.br\/portal\/noticias\/projeto-terceira-idade-em-acao-com-ensino-hibrido-na-uenf\/#primaryimage"},"thumbnailUrl":"https:\/\/uenf.br\/portal\/wp-content\/uploads\/2021\/08\/Alice-Tanus-3-1024x786.jpg","datePublished":"2021-08-05T21:56:08+00:00","breadcrumb":{"@id":"https:\/\/portal1.uenf.br\/portal\/noticias\/projeto-terceira-idade-em-acao-com-ensino-hibrido-na-uenf\/#breadcrumb"},"inLanguage":"pt-BR","potentialAction":[{"@type":"ReadAction","target":["https:\/\/portal1.uenf.br\/portal\/noticias\/projeto-terceira-idade-em-acao-com-ensino-hibrido-na-uenf\/"]}]},{"@type":"ImageObject","inLanguage":"pt-BR","@id":"https:\/\/portal1.uenf.br\/portal\/noticias\/projeto-terceira-idade-em-acao-com-ensino-hibrido-na-uenf\/#primaryimage","url":"https:\/\/uenf.br\/portal\/wp-content\/uploads\/2021\/08\/Alice-Tanus-3-1024x786.jpg","contentUrl":"https:\/\/uenf.br\/portal\/wp-content\/uploads\/2021\/08\/Alice-Tanus-3-1024x786.jpg"},{"@type":"BreadcrumbList","@id":"https:\/\/portal1.uenf.br\/portal\/noticias\/projeto-terceira-idade-em-acao-com-ensino-hibrido-na-uenf\/#breadcrumb","itemListElement":[{"@type":"ListItem","position":1,"name":"In\u00edcio","item":"https:\/\/portal1.uenf.br\/portal\/"},{"@type":"ListItem","position":2,"name":"Projeto Terceira Idade em A\u00e7\u00e3o com atividade h\u00edbrida na UENF"}]},{"@type":"WebSite","@id":"https:\/\/portal1.uenf.br\/portal\/#website","url":"https:\/\/portal1.uenf.br\/portal\/","name":"UENF - Universidade Estadual do Norte Fluminense Darcy Ribeiro","description":"","publisher":{"@id":"https:\/\/portal1.uenf.br\/portal\/#organization"},"potentialAction":[{"@type":"SearchAction","target":{"@type":"EntryPoint","urlTemplate":"https:\/\/portal1.uenf.br\/portal\/?s={search_term_string}"},"query-input":{"@type":"PropertyValueSpecification","valueRequired":true,"valueName":"search_term_string"}}],"inLanguage":"pt-BR"},{"@type":"Organization","@id":"https:\/\/portal1.uenf.br\/portal\/#organization","name":"UENF - Universidade Estadual do Norte Fluminense Darcy Ribeiro","url":"https:\/\/portal1.uenf.br\/portal\/","logo":{"@type":"ImageObject","inLanguage":"pt-BR","@id":"https:\/\/portal1.uenf.br\/portal\/#\/schema\/logo\/image\/","url":"https:\/\/portal1.uenf.br\/portal\/wp-content\/uploads\/2018\/06\/logo-uenf-invertido-1.png","contentUrl":"https:\/\/portal1.uenf.br\/portal\/wp-content\/uploads\/2018\/06\/logo-uenf-invertido-1.png","width":482,"height":83,"caption":"UENF - Universidade Estadual do Norte Fluminense Darcy Ribeiro"},"image":{"@id":"https:\/\/portal1.uenf.br\/portal\/#\/schema\/logo\/image\/"}},{"@type":"Person","@id":"https:\/\/portal1.uenf.br\/portal\/#\/schema\/person\/068abbf03b6f8478c845bc8ded9270c7","name":"admin","image":{"@type":"ImageObject","inLanguage":"pt-BR","@id":"https:\/\/portal1.uenf.br\/portal\/#\/schema\/person\/image\/","url":"https:\/\/secure.gravatar.com\/avatar\/e5ecf9e4fae0742f4b136f518195bafa7b2d3f7c709f4bdc6707588ef68a6e25?s=96&d=mm&r=g","contentUrl":"https:\/\/secure.gravatar.com\/avatar\/e5ecf9e4fae0742f4b136f518195bafa7b2d3f7c709f4bdc6707588ef68a6e25?s=96&d=mm&r=g","caption":"admin"},"sameAs":["https:\/\/portal1.uenf.br\/portal"],"url":"https:\/\/portal1.uenf.br\/portal\/author\/edson\/"}]}},"_links":{"self":[{"href":"https:\/\/portal1.uenf.br\/portal\/wp-json\/wp\/v2\/posts\/10024","targetHints":{"allow":["GET"]}}],"collection":[{"href":"https:\/\/portal1.uenf.br\/portal\/wp-json\/wp\/v2\/posts"}],"about":[{"href":"https:\/\/portal1.uenf.br\/portal\/wp-json\/wp\/v2\/types\/post"}],"author":[{"embeddable":true,"href":"https:\/\/portal1.uenf.br\/portal\/wp-json\/wp\/v2\/users\/1"}],"replies":[{"embeddable":true,"href":"https:\/\/portal1.uenf.br\/portal\/wp-json\/wp\/v2\/comments?post=10024"}],"version-history":[{"count":0,"href":"https:\/\/portal1.uenf.br\/portal\/wp-json\/wp\/v2\/posts\/10024\/revisions"}],"wp:attachment":[{"href":"https:\/\/portal1.uenf.br\/portal\/wp-json\/wp\/v2\/media?parent=10024"}],"wp:term":[{"taxonomy":"category","embeddable":true,"href":"https:\/\/portal1.uenf.br\/portal\/wp-json\/wp\/v2\/categories?post=10024"},{"taxonomy":"post_tag","embeddable":true,"href":"https:\/\/portal1.uenf.br\/portal\/wp-json\/wp\/v2\/tags?post=10024"}],"curies":[{"name":"wp","href":"https:\/\/api.w.org\/{rel}","templated":true}]}}