{"id":10006,"date":"2021-08-03T15:25:15","date_gmt":"2021-08-03T18:25:15","guid":{"rendered":"https:\/\/uenf.br\/portal\/?p=10006"},"modified":"2021-08-03T15:25:15","modified_gmt":"2021-08-03T18:25:15","slug":"programa-terceira-idade-em-acao-promove-caminhada-na-uenf-para-retomar-as-atividades","status":"publish","type":"post","link":"https:\/\/portal1.uenf.br\/portal\/noticias\/programa-terceira-idade-em-acao-promove-caminhada-na-uenf-para-retomar-as-atividades\/","title":{"rendered":"Programa Terceira Idade em A\u00e7\u00e3o promove caminhada na UENF para retomar as atividades"},"content":{"rendered":"\n<div class=\"wp-block-image\"><figure class=\"aligncenter size-large is-resized\"><img fetchpriority=\"high\" decoding=\"async\" src=\"https:\/\/uenf.br\/portal\/wp-content\/uploads\/2021\/08\/Terceira-Idade-819x1024.png\" alt=\"\" class=\"wp-image-10009\" width=\"293\" height=\"366\"\/><\/figure><\/div>\n\n\n\n<p>Na pr\u00f3xima quinta-feira, dia 05 de agosto, \u00e0s 09h, o Programa Terceira Idade em A\u00e7\u00e3o vai promover uma caminhada na Universidade Estadual do Norte Fluminense Darcy Ribeiro (UENF). A a\u00e7\u00e3o vai marcar o in\u00edcio das atividades no sistema h\u00edbrido, com pr\u00e1ticas nas modalidades on-line e presencial.<\/p>\n\n\n\n<p>A concentra\u00e7\u00e3o para a caminhada ser\u00e1 na quadra do CCH. A equipe do projeto far\u00e1 uma acolhida, ressaltando a import\u00e2ncia dos protocolos de higiene exigidos pelas autoridades em Sa\u00fade. Depois o grupo seguir\u00e1 em dire\u00e7\u00e3o ao Hospital Veterin\u00e1rio, passar\u00e1 pelo CCT, CBB, Prefeitura da UENF e retornar\u00e1 para a quadra.<\/p>\n\n\n\n<p>Lidiane Torres \u00e9 uma das coordenadoras do Terceira Idade em A\u00e7\u00e3o e ressaltou a import\u00e2ncia do retorno das atividades.<\/p>\n\n\n\n<p>&#8220;A constru\u00e7\u00e3o do programa foi motivada para proporcionar qualidade de vida para os idosos. Queremos que eles tenham redu\u00e7\u00e3o de suas dores f\u00edsicas, mentais, que se sintam acolhidos e pertencidos. Projetos como esse promovem a sa\u00fade e o bem-estar social. Nossas atividades est\u00e3o sempre abertas \u00e0 comunidade maior de 55 anos\u201d, afirmou.<\/p>\n\n\n\n<p>De acordo com Rosalee Istoe, idealizadora e coordenadora geral do programa, o retorno ser\u00e1 feito de forma criteriosa, obedecendo os protocolos e resguardando os idosos.<\/p>\n\n\n\n<p>\u201cVamos retornar nossas a\u00e7\u00f5es de forma cuidadosa com os nossos idosos. Nosso retorno ser\u00e1 de forma h\u00edbrida, onde quem faz atividade f\u00edsica virtual e n\u00e3o quiser fazer o presencial, vai continuar no virtual. No presencial vamos seguir todas as medidas de seguran\u00e7a, para que as aulas aconte\u00e7am de forma segura e saud\u00e1vel. Todos os que forem participar presencialmente devem levar o cart\u00e3o de vacina\u00e7\u00e3o\u201d, completou.<\/p>\n\n\n\n<p>O Programa Terceira Idade em A\u00e7\u00e3o existe h\u00e1 10 anos na UENF. Atualmente atende cerca de 130 idosos, promovendo atividades f\u00edsicas, laborais, intera\u00e7\u00e3o social e cuidado com a sa\u00fade mental. S\u00e3o oferecidas aulas de dan\u00e7a s\u00eanior, yoga, treinamento funcional, hidrogin\u00e1stica e nata\u00e7\u00e3o; al\u00e9m de oficinas de artesanato, arteterapia, direito do idoso, espanhol, farmac\u00eautica, inform\u00e1tica b\u00e1sica, jardinagem, nutri\u00e7\u00e3o, entre outras.<\/p>\n\n\n\n<p><strong>Inscri\u00e7\u00f5es abertas \u2013<\/strong> Candidatos com mais de 55 anos podem se dirigir ao Programa Terceira Idade em A\u00e7\u00e3o, no pr\u00e9dio da Reitoria da UENF, de segunda a sexta, das 8h \u00e0s 12h. Os documentos necess\u00e1rios para a inscri\u00e7\u00e3o s\u00e3o duas fotos 3&#215;4, documento de identidade, comprovante de resid\u00eancia, cart\u00e3o de vacina\u00e7\u00e3o da Covid-19 e um atestado m\u00e9dico atual. Mais informa\u00e7\u00f5es em (22) 2748-6063.<\/p>\n\n\n\n<figure class=\"wp-block-image size-large\"><img decoding=\"async\" src=\"https:\/\/uenf.br\/portal\/wp-content\/uploads\/2021\/08\/Terceira-Idade-em-Acao-em-atividade-cultural-no-Rio-de-Janeiro-1024x778.jpeg\" alt=\"\" class=\"wp-image-10007\"\/><figcaption>Integrantes do programa em atividade cultural, no Rio de Janeiro. Foto: Divulga\u00e7\u00e3o.<\/figcaption><\/figure>\n","protected":false},"excerpt":{"rendered":"<p>Na pr\u00f3xima quinta-feira, dia 05 de agosto, \u00e0s 09h, o Programa Terceira Idade em A\u00e7\u00e3o vai promover uma caminhada na Universidade Estadual do Norte Fluminense Darcy Ribeiro (UENF). A a\u00e7\u00e3o vai marcar o in\u00edcio das atividades no sistema h\u00edbrido, com pr\u00e1ticas nas modalidades on-line e presencial. A concentra\u00e7\u00e3o para a caminhada ser\u00e1 na quadra do [&hellip;]<\/p>\n","protected":false},"author":1,"featured_media":0,"comment_status":"closed","ping_status":"closed","sticky":false,"template":"","format":"standard","meta":{"_eb_attr":"","ocean_post_layout":"","ocean_both_sidebars_style":"","ocean_both_sidebars_content_width":0,"ocean_both_sidebars_sidebars_width":0,"ocean_sidebar":"","ocean_second_sidebar":"","ocean_disable_margins":"enable","ocean_add_body_class":"","ocean_shortcode_before_top_bar":"","ocean_shortcode_after_top_bar":"","ocean_shortcode_before_header":"","ocean_shortcode_after_header":"","ocean_has_shortcode":"","ocean_shortcode_after_title":"","ocean_shortcode_before_footer_widgets":"","ocean_shortcode_after_footer_widgets":"","ocean_shortcode_before_footer_bottom":"","ocean_shortcode_after_footer_bottom":"","ocean_display_top_bar":"default","ocean_display_header":"default","ocean_header_style":"","ocean_center_header_left_menu":"","ocean_custom_header_template":"","ocean_custom_logo":0,"ocean_custom_retina_logo":0,"ocean_custom_logo_max_width":0,"ocean_custom_logo_tablet_max_width":0,"ocean_custom_logo_mobile_max_width":0,"ocean_custom_logo_max_height":0,"ocean_custom_logo_tablet_max_height":0,"ocean_custom_logo_mobile_max_height":0,"ocean_header_custom_menu":"","ocean_menu_typo_font_family":"","ocean_menu_typo_font_subset":"","ocean_menu_typo_font_size":0,"ocean_menu_typo_font_size_tablet":0,"ocean_menu_typo_font_size_mobile":0,"ocean_menu_typo_font_size_unit":"px","ocean_menu_typo_font_weight":"","ocean_menu_typo_font_weight_tablet":"","ocean_menu_typo_font_weight_mobile":"","ocean_menu_typo_transform":"","ocean_menu_typo_transform_tablet":"","ocean_menu_typo_transform_mobile":"","ocean_menu_typo_line_height":0,"ocean_menu_typo_line_height_tablet":0,"ocean_menu_typo_line_height_mobile":0,"ocean_menu_typo_line_height_unit":"","ocean_menu_typo_spacing":0,"ocean_menu_typo_spacing_tablet":0,"ocean_menu_typo_spacing_mobile":0,"ocean_menu_typo_spacing_unit":"","ocean_menu_link_color":"","ocean_menu_link_color_hover":"","ocean_menu_link_color_active":"","ocean_menu_link_background":"","ocean_menu_link_hover_background":"","ocean_menu_link_active_background":"","ocean_menu_social_links_bg":"","ocean_menu_social_hover_links_bg":"","ocean_menu_social_links_color":"","ocean_menu_social_hover_links_color":"","ocean_disable_title":"default","ocean_disable_heading":"default","ocean_post_title":"","ocean_post_subheading":"","ocean_post_title_style":"","ocean_post_title_background_color":"","ocean_post_title_background":0,"ocean_post_title_bg_image_position":"","ocean_post_title_bg_image_attachment":"","ocean_post_title_bg_image_repeat":"","ocean_post_title_bg_image_size":"","ocean_post_title_height":0,"ocean_post_title_bg_overlay":0.5,"ocean_post_title_bg_overlay_color":"","ocean_disable_breadcrumbs":"default","ocean_breadcrumbs_color":"","ocean_breadcrumbs_separator_color":"","ocean_breadcrumbs_links_color":"","ocean_breadcrumbs_links_hover_color":"","ocean_display_footer_widgets":"default","ocean_display_footer_bottom":"default","ocean_custom_footer_template":"","ocean_post_oembed":"","ocean_post_self_hosted_media":"","ocean_post_video_embed":"","ocean_link_format":"","ocean_link_format_target":"self","ocean_quote_format":"","ocean_quote_format_link":"post","ocean_gallery_link_images":"off","ocean_gallery_id":[],"footnotes":""},"categories":[8],"tags":[],"class_list":["post-10006","post","type-post","status-publish","format-standard","hentry","category-noticias","entry"],"yoast_head":"<!-- This site is optimized with the Yoast SEO plugin v26.5 - https:\/\/yoast.com\/wordpress\/plugins\/seo\/ -->\n<title>Programa Terceira Idade em A\u00e7\u00e3o promove caminhada na UENF para retomar as atividades - UENF - Universidade Estadual do Norte Fluminense Darcy Ribeiro<\/title>\n<meta name=\"robots\" content=\"noindex, follow, max-snippet:-1, max-image-preview:large, max-video-preview:-1\" \/>\n<meta property=\"og:locale\" content=\"pt_BR\" \/>\n<meta property=\"og:type\" content=\"article\" \/>\n<meta property=\"og:title\" content=\"Programa Terceira Idade em A\u00e7\u00e3o promove caminhada na UENF para retomar as atividades - UENF - Universidade Estadual do Norte Fluminense Darcy Ribeiro\" \/>\n<meta property=\"og:description\" content=\"Na pr\u00f3xima quinta-feira, dia 05 de agosto, \u00e0s 09h, o Programa Terceira Idade em A\u00e7\u00e3o vai promover uma caminhada na Universidade Estadual do Norte Fluminense Darcy Ribeiro (UENF). A a\u00e7\u00e3o vai marcar o in\u00edcio das atividades no sistema h\u00edbrido, com pr\u00e1ticas nas modalidades on-line e presencial. A concentra\u00e7\u00e3o para a caminhada ser\u00e1 na quadra do [&hellip;]\" \/>\n<meta property=\"og:url\" content=\"https:\/\/portal1.uenf.br\/portal\/noticias\/programa-terceira-idade-em-acao-promove-caminhada-na-uenf-para-retomar-as-atividades\/\" \/>\n<meta property=\"og:site_name\" content=\"UENF - Universidade Estadual do Norte Fluminense Darcy Ribeiro\" \/>\n<meta property=\"article:published_time\" content=\"2021-08-03T18:25:15+00:00\" \/>\n<meta property=\"og:image\" content=\"https:\/\/uenf.br\/portal\/wp-content\/uploads\/2021\/08\/Terceira-Idade-819x1024.png\" \/>\n<meta name=\"author\" content=\"admin\" \/>\n<meta name=\"twitter:card\" content=\"summary_large_image\" \/>\n<meta name=\"twitter:label1\" content=\"Escrito por\" \/>\n\t<meta name=\"twitter:data1\" content=\"admin\" \/>\n\t<meta name=\"twitter:label2\" content=\"Est. tempo de leitura\" \/>\n\t<meta name=\"twitter:data2\" content=\"2 minutos\" \/>\n<script type=\"application\/ld+json\" class=\"yoast-schema-graph\">{\"@context\":\"https:\/\/schema.org\",\"@graph\":[{\"@type\":\"Article\",\"@id\":\"https:\/\/portal1.uenf.br\/portal\/noticias\/programa-terceira-idade-em-acao-promove-caminhada-na-uenf-para-retomar-as-atividades\/#article\",\"isPartOf\":{\"@id\":\"https:\/\/portal1.uenf.br\/portal\/noticias\/programa-terceira-idade-em-acao-promove-caminhada-na-uenf-para-retomar-as-atividades\/\"},\"author\":{\"name\":\"admin\",\"@id\":\"https:\/\/portal1.uenf.br\/portal\/#\/schema\/person\/068abbf03b6f8478c845bc8ded9270c7\"},\"headline\":\"Programa Terceira Idade em A\u00e7\u00e3o promove caminhada na UENF para retomar as atividades\",\"datePublished\":\"2021-08-03T18:25:15+00:00\",\"mainEntityOfPage\":{\"@id\":\"https:\/\/portal1.uenf.br\/portal\/noticias\/programa-terceira-idade-em-acao-promove-caminhada-na-uenf-para-retomar-as-atividades\/\"},\"wordCount\":449,\"publisher\":{\"@id\":\"https:\/\/portal1.uenf.br\/portal\/#organization\"},\"image\":{\"@id\":\"https:\/\/portal1.uenf.br\/portal\/noticias\/programa-terceira-idade-em-acao-promove-caminhada-na-uenf-para-retomar-as-atividades\/#primaryimage\"},\"thumbnailUrl\":\"https:\/\/uenf.br\/portal\/wp-content\/uploads\/2021\/08\/Terceira-Idade-819x1024.png\",\"articleSection\":[\"Not\u00edcias\"],\"inLanguage\":\"pt-BR\"},{\"@type\":\"WebPage\",\"@id\":\"https:\/\/portal1.uenf.br\/portal\/noticias\/programa-terceira-idade-em-acao-promove-caminhada-na-uenf-para-retomar-as-atividades\/\",\"url\":\"https:\/\/portal1.uenf.br\/portal\/noticias\/programa-terceira-idade-em-acao-promove-caminhada-na-uenf-para-retomar-as-atividades\/\",\"name\":\"Programa Terceira Idade em A\u00e7\u00e3o promove caminhada na UENF para retomar as atividades - UENF - Universidade Estadual do Norte Fluminense Darcy Ribeiro\",\"isPartOf\":{\"@id\":\"https:\/\/portal1.uenf.br\/portal\/#website\"},\"primaryImageOfPage\":{\"@id\":\"https:\/\/portal1.uenf.br\/portal\/noticias\/programa-terceira-idade-em-acao-promove-caminhada-na-uenf-para-retomar-as-atividades\/#primaryimage\"},\"image\":{\"@id\":\"https:\/\/portal1.uenf.br\/portal\/noticias\/programa-terceira-idade-em-acao-promove-caminhada-na-uenf-para-retomar-as-atividades\/#primaryimage\"},\"thumbnailUrl\":\"https:\/\/uenf.br\/portal\/wp-content\/uploads\/2021\/08\/Terceira-Idade-819x1024.png\",\"datePublished\":\"2021-08-03T18:25:15+00:00\",\"breadcrumb\":{\"@id\":\"https:\/\/portal1.uenf.br\/portal\/noticias\/programa-terceira-idade-em-acao-promove-caminhada-na-uenf-para-retomar-as-atividades\/#breadcrumb\"},\"inLanguage\":\"pt-BR\",\"potentialAction\":[{\"@type\":\"ReadAction\",\"target\":[\"https:\/\/portal1.uenf.br\/portal\/noticias\/programa-terceira-idade-em-acao-promove-caminhada-na-uenf-para-retomar-as-atividades\/\"]}]},{\"@type\":\"ImageObject\",\"inLanguage\":\"pt-BR\",\"@id\":\"https:\/\/portal1.uenf.br\/portal\/noticias\/programa-terceira-idade-em-acao-promove-caminhada-na-uenf-para-retomar-as-atividades\/#primaryimage\",\"url\":\"https:\/\/uenf.br\/portal\/wp-content\/uploads\/2021\/08\/Terceira-Idade-819x1024.png\",\"contentUrl\":\"https:\/\/uenf.br\/portal\/wp-content\/uploads\/2021\/08\/Terceira-Idade-819x1024.png\"},{\"@type\":\"BreadcrumbList\",\"@id\":\"https:\/\/portal1.uenf.br\/portal\/noticias\/programa-terceira-idade-em-acao-promove-caminhada-na-uenf-para-retomar-as-atividades\/#breadcrumb\",\"itemListElement\":[{\"@type\":\"ListItem\",\"position\":1,\"name\":\"In\u00edcio\",\"item\":\"https:\/\/portal1.uenf.br\/portal\/\"},{\"@type\":\"ListItem\",\"position\":2,\"name\":\"Programa Terceira Idade em A\u00e7\u00e3o promove caminhada na UENF para retomar as atividades\"}]},{\"@type\":\"WebSite\",\"@id\":\"https:\/\/portal1.uenf.br\/portal\/#website\",\"url\":\"https:\/\/portal1.uenf.br\/portal\/\",\"name\":\"UENF - Universidade Estadual do Norte Fluminense Darcy Ribeiro\",\"description\":\"\",\"publisher\":{\"@id\":\"https:\/\/portal1.uenf.br\/portal\/#organization\"},\"potentialAction\":[{\"@type\":\"SearchAction\",\"target\":{\"@type\":\"EntryPoint\",\"urlTemplate\":\"https:\/\/portal1.uenf.br\/portal\/?s={search_term_string}\"},\"query-input\":{\"@type\":\"PropertyValueSpecification\",\"valueRequired\":true,\"valueName\":\"search_term_string\"}}],\"inLanguage\":\"pt-BR\"},{\"@type\":\"Organization\",\"@id\":\"https:\/\/portal1.uenf.br\/portal\/#organization\",\"name\":\"UENF - Universidade Estadual do Norte Fluminense Darcy Ribeiro\",\"url\":\"https:\/\/portal1.uenf.br\/portal\/\",\"logo\":{\"@type\":\"ImageObject\",\"inLanguage\":\"pt-BR\",\"@id\":\"https:\/\/portal1.uenf.br\/portal\/#\/schema\/logo\/image\/\",\"url\":\"https:\/\/portal1.uenf.br\/portal\/wp-content\/uploads\/2018\/06\/logo-uenf-invertido-1.png\",\"contentUrl\":\"https:\/\/portal1.uenf.br\/portal\/wp-content\/uploads\/2018\/06\/logo-uenf-invertido-1.png\",\"width\":482,\"height\":83,\"caption\":\"UENF - Universidade Estadual do Norte Fluminense Darcy Ribeiro\"},\"image\":{\"@id\":\"https:\/\/portal1.uenf.br\/portal\/#\/schema\/logo\/image\/\"}},{\"@type\":\"Person\",\"@id\":\"https:\/\/portal1.uenf.br\/portal\/#\/schema\/person\/068abbf03b6f8478c845bc8ded9270c7\",\"name\":\"admin\",\"image\":{\"@type\":\"ImageObject\",\"inLanguage\":\"pt-BR\",\"@id\":\"https:\/\/portal1.uenf.br\/portal\/#\/schema\/person\/image\/\",\"url\":\"https:\/\/secure.gravatar.com\/avatar\/e5ecf9e4fae0742f4b136f518195bafa7b2d3f7c709f4bdc6707588ef68a6e25?s=96&d=mm&r=g\",\"contentUrl\":\"https:\/\/secure.gravatar.com\/avatar\/e5ecf9e4fae0742f4b136f518195bafa7b2d3f7c709f4bdc6707588ef68a6e25?s=96&d=mm&r=g\",\"caption\":\"admin\"},\"sameAs\":[\"https:\/\/portal1.uenf.br\/portal\"],\"url\":\"https:\/\/portal1.uenf.br\/portal\/author\/edson\/\"}]}<\/script>\n<!-- \/ Yoast SEO plugin. -->","yoast_head_json":{"title":"Programa Terceira Idade em A\u00e7\u00e3o promove caminhada na UENF para retomar as atividades - UENF - Universidade Estadual do Norte Fluminense Darcy Ribeiro","robots":{"index":"noindex","follow":"follow","max-snippet":"max-snippet:-1","max-image-preview":"max-image-preview:large","max-video-preview":"max-video-preview:-1"},"og_locale":"pt_BR","og_type":"article","og_title":"Programa Terceira Idade em A\u00e7\u00e3o promove caminhada na UENF para retomar as atividades - UENF - Universidade Estadual do Norte Fluminense Darcy Ribeiro","og_description":"Na pr\u00f3xima quinta-feira, dia 05 de agosto, \u00e0s 09h, o Programa Terceira Idade em A\u00e7\u00e3o vai promover uma caminhada na Universidade Estadual do Norte Fluminense Darcy Ribeiro (UENF). A a\u00e7\u00e3o vai marcar o in\u00edcio das atividades no sistema h\u00edbrido, com pr\u00e1ticas nas modalidades on-line e presencial. A concentra\u00e7\u00e3o para a caminhada ser\u00e1 na quadra do [&hellip;]","og_url":"https:\/\/portal1.uenf.br\/portal\/noticias\/programa-terceira-idade-em-acao-promove-caminhada-na-uenf-para-retomar-as-atividades\/","og_site_name":"UENF - Universidade Estadual do Norte Fluminense Darcy Ribeiro","article_published_time":"2021-08-03T18:25:15+00:00","og_image":[{"url":"https:\/\/uenf.br\/portal\/wp-content\/uploads\/2021\/08\/Terceira-Idade-819x1024.png","type":"","width":"","height":""}],"author":"admin","twitter_card":"summary_large_image","twitter_misc":{"Escrito por":"admin","Est. tempo de leitura":"2 minutos"},"schema":{"@context":"https:\/\/schema.org","@graph":[{"@type":"Article","@id":"https:\/\/portal1.uenf.br\/portal\/noticias\/programa-terceira-idade-em-acao-promove-caminhada-na-uenf-para-retomar-as-atividades\/#article","isPartOf":{"@id":"https:\/\/portal1.uenf.br\/portal\/noticias\/programa-terceira-idade-em-acao-promove-caminhada-na-uenf-para-retomar-as-atividades\/"},"author":{"name":"admin","@id":"https:\/\/portal1.uenf.br\/portal\/#\/schema\/person\/068abbf03b6f8478c845bc8ded9270c7"},"headline":"Programa Terceira Idade em A\u00e7\u00e3o promove caminhada na UENF para retomar as atividades","datePublished":"2021-08-03T18:25:15+00:00","mainEntityOfPage":{"@id":"https:\/\/portal1.uenf.br\/portal\/noticias\/programa-terceira-idade-em-acao-promove-caminhada-na-uenf-para-retomar-as-atividades\/"},"wordCount":449,"publisher":{"@id":"https:\/\/portal1.uenf.br\/portal\/#organization"},"image":{"@id":"https:\/\/portal1.uenf.br\/portal\/noticias\/programa-terceira-idade-em-acao-promove-caminhada-na-uenf-para-retomar-as-atividades\/#primaryimage"},"thumbnailUrl":"https:\/\/uenf.br\/portal\/wp-content\/uploads\/2021\/08\/Terceira-Idade-819x1024.png","articleSection":["Not\u00edcias"],"inLanguage":"pt-BR"},{"@type":"WebPage","@id":"https:\/\/portal1.uenf.br\/portal\/noticias\/programa-terceira-idade-em-acao-promove-caminhada-na-uenf-para-retomar-as-atividades\/","url":"https:\/\/portal1.uenf.br\/portal\/noticias\/programa-terceira-idade-em-acao-promove-caminhada-na-uenf-para-retomar-as-atividades\/","name":"Programa Terceira Idade em A\u00e7\u00e3o promove caminhada na UENF para retomar as atividades - UENF - Universidade Estadual do Norte Fluminense Darcy Ribeiro","isPartOf":{"@id":"https:\/\/portal1.uenf.br\/portal\/#website"},"primaryImageOfPage":{"@id":"https:\/\/portal1.uenf.br\/portal\/noticias\/programa-terceira-idade-em-acao-promove-caminhada-na-uenf-para-retomar-as-atividades\/#primaryimage"},"image":{"@id":"https:\/\/portal1.uenf.br\/portal\/noticias\/programa-terceira-idade-em-acao-promove-caminhada-na-uenf-para-retomar-as-atividades\/#primaryimage"},"thumbnailUrl":"https:\/\/uenf.br\/portal\/wp-content\/uploads\/2021\/08\/Terceira-Idade-819x1024.png","datePublished":"2021-08-03T18:25:15+00:00","breadcrumb":{"@id":"https:\/\/portal1.uenf.br\/portal\/noticias\/programa-terceira-idade-em-acao-promove-caminhada-na-uenf-para-retomar-as-atividades\/#breadcrumb"},"inLanguage":"pt-BR","potentialAction":[{"@type":"ReadAction","target":["https:\/\/portal1.uenf.br\/portal\/noticias\/programa-terceira-idade-em-acao-promove-caminhada-na-uenf-para-retomar-as-atividades\/"]}]},{"@type":"ImageObject","inLanguage":"pt-BR","@id":"https:\/\/portal1.uenf.br\/portal\/noticias\/programa-terceira-idade-em-acao-promove-caminhada-na-uenf-para-retomar-as-atividades\/#primaryimage","url":"https:\/\/uenf.br\/portal\/wp-content\/uploads\/2021\/08\/Terceira-Idade-819x1024.png","contentUrl":"https:\/\/uenf.br\/portal\/wp-content\/uploads\/2021\/08\/Terceira-Idade-819x1024.png"},{"@type":"BreadcrumbList","@id":"https:\/\/portal1.uenf.br\/portal\/noticias\/programa-terceira-idade-em-acao-promove-caminhada-na-uenf-para-retomar-as-atividades\/#breadcrumb","itemListElement":[{"@type":"ListItem","position":1,"name":"In\u00edcio","item":"https:\/\/portal1.uenf.br\/portal\/"},{"@type":"ListItem","position":2,"name":"Programa Terceira Idade em A\u00e7\u00e3o promove caminhada na UENF para retomar as atividades"}]},{"@type":"WebSite","@id":"https:\/\/portal1.uenf.br\/portal\/#website","url":"https:\/\/portal1.uenf.br\/portal\/","name":"UENF - Universidade Estadual do Norte Fluminense Darcy Ribeiro","description":"","publisher":{"@id":"https:\/\/portal1.uenf.br\/portal\/#organization"},"potentialAction":[{"@type":"SearchAction","target":{"@type":"EntryPoint","urlTemplate":"https:\/\/portal1.uenf.br\/portal\/?s={search_term_string}"},"query-input":{"@type":"PropertyValueSpecification","valueRequired":true,"valueName":"search_term_string"}}],"inLanguage":"pt-BR"},{"@type":"Organization","@id":"https:\/\/portal1.uenf.br\/portal\/#organization","name":"UENF - Universidade Estadual do Norte Fluminense Darcy Ribeiro","url":"https:\/\/portal1.uenf.br\/portal\/","logo":{"@type":"ImageObject","inLanguage":"pt-BR","@id":"https:\/\/portal1.uenf.br\/portal\/#\/schema\/logo\/image\/","url":"https:\/\/portal1.uenf.br\/portal\/wp-content\/uploads\/2018\/06\/logo-uenf-invertido-1.png","contentUrl":"https:\/\/portal1.uenf.br\/portal\/wp-content\/uploads\/2018\/06\/logo-uenf-invertido-1.png","width":482,"height":83,"caption":"UENF - Universidade Estadual do Norte Fluminense Darcy Ribeiro"},"image":{"@id":"https:\/\/portal1.uenf.br\/portal\/#\/schema\/logo\/image\/"}},{"@type":"Person","@id":"https:\/\/portal1.uenf.br\/portal\/#\/schema\/person\/068abbf03b6f8478c845bc8ded9270c7","name":"admin","image":{"@type":"ImageObject","inLanguage":"pt-BR","@id":"https:\/\/portal1.uenf.br\/portal\/#\/schema\/person\/image\/","url":"https:\/\/secure.gravatar.com\/avatar\/e5ecf9e4fae0742f4b136f518195bafa7b2d3f7c709f4bdc6707588ef68a6e25?s=96&d=mm&r=g","contentUrl":"https:\/\/secure.gravatar.com\/avatar\/e5ecf9e4fae0742f4b136f518195bafa7b2d3f7c709f4bdc6707588ef68a6e25?s=96&d=mm&r=g","caption":"admin"},"sameAs":["https:\/\/portal1.uenf.br\/portal"],"url":"https:\/\/portal1.uenf.br\/portal\/author\/edson\/"}]}},"_links":{"self":[{"href":"https:\/\/portal1.uenf.br\/portal\/wp-json\/wp\/v2\/posts\/10006","targetHints":{"allow":["GET"]}}],"collection":[{"href":"https:\/\/portal1.uenf.br\/portal\/wp-json\/wp\/v2\/posts"}],"about":[{"href":"https:\/\/portal1.uenf.br\/portal\/wp-json\/wp\/v2\/types\/post"}],"author":[{"embeddable":true,"href":"https:\/\/portal1.uenf.br\/portal\/wp-json\/wp\/v2\/users\/1"}],"replies":[{"embeddable":true,"href":"https:\/\/portal1.uenf.br\/portal\/wp-json\/wp\/v2\/comments?post=10006"}],"version-history":[{"count":0,"href":"https:\/\/portal1.uenf.br\/portal\/wp-json\/wp\/v2\/posts\/10006\/revisions"}],"wp:attachment":[{"href":"https:\/\/portal1.uenf.br\/portal\/wp-json\/wp\/v2\/media?parent=10006"}],"wp:term":[{"taxonomy":"category","embeddable":true,"href":"https:\/\/portal1.uenf.br\/portal\/wp-json\/wp\/v2\/categories?post=10006"},{"taxonomy":"post_tag","embeddable":true,"href":"https:\/\/portal1.uenf.br\/portal\/wp-json\/wp\/v2\/tags?post=10006"}],"curies":[{"name":"wp","href":"https:\/\/api.w.org\/{rel}","templated":true}]}}